{"id":12733,"date":"2017-08-04T12:09:48","date_gmt":"2017-08-04T16:09:48","guid":{"rendered":"http:\/\/blogdalucianaoliveira.com.br\/blog\/?p=12733"},"modified":"2017-08-04T12:10:37","modified_gmt":"2017-08-04T16:10:37","slug":"cineamazonia-prorroga-inscricoes-para-mostra-competitiva","status":"publish","type":"post","link":"http:\/\/blogdalucianaoliveira.com.br\/blog\/2017\/08\/04\/cineamazonia-prorroga-inscricoes-para-mostra-competitiva\/","title":{"rendered":"Cineamaz\u00f4nia prorroga inscri\u00e7\u00f5es para Mostra Competitiva"},"content":{"rendered":"<p><img data-recalc-dims=\"1\" loading=\"lazy\" decoding=\"async\" data-attachment-id=\"12734\" data-permalink=\"http:\/\/blogdalucianaoliveira.com.br\/blog\/2017\/08\/04\/cineamazonia-prorroga-inscricoes-para-mostra-competitiva\/cineamazonia-1200x800_c\/\" data-orig-file=\"https:\/\/i0.wp.com\/blogdalucianaoliveira.com.br\/blog\/wp-content\/uploads\/2017\/08\/cineamazonia-1200x800_c.png?fit=1200%2C800\" data-orig-size=\"1200,800\" data-comments-opened=\"0\" data-image-meta=\"{&quot;aperture&quot;:&quot;0&quot;,&quot;credit&quot;:&quot;&quot;,&quot;camera&quot;:&quot;&quot;,&quot;caption&quot;:&quot;&quot;,&quot;created_timestamp&quot;:&quot;0&quot;,&quot;copyright&quot;:&quot;&quot;,&quot;focal_length&quot;:&quot;0&quot;,&quot;iso&quot;:&quot;0&quot;,&quot;shutter_speed&quot;:&quot;0&quot;,&quot;title&quot;:&quot;&quot;,&quot;orientation&quot;:&quot;0&quot;}\" data-image-title=\"cineamazonia-1200x800_c\" data-image-description=\"\" data-image-caption=\"\" data-medium-file=\"https:\/\/i0.wp.com\/blogdalucianaoliveira.com.br\/blog\/wp-content\/uploads\/2017\/08\/cineamazonia-1200x800_c.png?fit=300%2C200\" data-large-file=\"https:\/\/i0.wp.com\/blogdalucianaoliveira.com.br\/blog\/wp-content\/uploads\/2017\/08\/cineamazonia-1200x800_c.png?fit=600%2C400\" src=\"https:\/\/i0.wp.com\/blogdalucianaoliveira.com.br\/blog\/wp-content\/uploads\/2017\/08\/cineamazonia-1200x800_c.png?resize=600%2C400\" alt=\"cineamazonia-1200x800_c\" width=\"600\" height=\"400\" class=\"alignnone size-full wp-image-12734\" srcset=\"https:\/\/i0.wp.com\/blogdalucianaoliveira.com.br\/blog\/wp-content\/uploads\/2017\/08\/cineamazonia-1200x800_c.png?w=1200 1200w, https:\/\/i0.wp.com\/blogdalucianaoliveira.com.br\/blog\/wp-content\/uploads\/2017\/08\/cineamazonia-1200x800_c.png?resize=300%2C200 300w, https:\/\/i0.wp.com\/blogdalucianaoliveira.com.br\/blog\/wp-content\/uploads\/2017\/08\/cineamazonia-1200x800_c.png?resize=768%2C512 768w, https:\/\/i0.wp.com\/blogdalucianaoliveira.com.br\/blog\/wp-content\/uploads\/2017\/08\/cineamazonia-1200x800_c.png?resize=1024%2C683 1024w, https:\/\/i0.wp.com\/blogdalucianaoliveira.com.br\/blog\/wp-content\/uploads\/2017\/08\/cineamazonia-1200x800_c.png?resize=450%2C300 450w\" sizes=\"auto, (max-width: 600px) 100vw, 600px\" \/><\/p>\n<p>Diretores e produtores ter\u00e3o mais uma chance para participar da sele\u00e7\u00e3o para a Mostra Competitiva do Cineamaz\u00f4nia. As inscri\u00e7\u00f5es para a 15\u00aa edi\u00e7\u00e3o do festival foram prorrogadas para o dia 15 de agosto. As inscri\u00e7\u00f5es poder\u00e3o ser realizadas na p\u00e1gina do festival (www.cineamazonia.com.br\/ficha-de-inscricao).<!--more--><\/p>\n<p>Podem se inscrever para a sele\u00e7\u00e3o da Mostra Competitiva, filmes no formato de curtas, m\u00e9dias e longas metragens, nas categorias de fic\u00e7\u00e3o, document\u00e1rio, anima\u00e7\u00e3o e experimental, produzidas em qualquer parte do mundo, realizados a partir de 2014. Os realizadores podem ainda inscrever at\u00e9 03 (tr\u00eas) filmes\/v\u00eddeos, e mesmo o Festival deixando em evid\u00eancia o conte\u00fado audiovisual com a tem\u00e1tica ambiental, a sele\u00e7\u00e3o est\u00e1 aberta para a inscri\u00e7\u00e3o de todo e qualquer tema e g\u00eanero de produ\u00e7\u00e3o.<\/p>\n<p>Quando da inscri\u00e7\u00e3o pelos realizadores ser\u00e1 obrigat\u00f3rio o envio do filme, o qual dever\u00e1 ser realizado, exclusivamente, atrav\u00e9s da plataforma digital indicada no Regulamento 2017. Os filmes que forem selecionados para a Mostra Competitiva da 15\u00aa edi\u00e7\u00e3o do Cineamaz\u00f4nia, concorrer\u00e3o na categoria Longa Metragem, ao Melhor Longa Document\u00e1rio, e na competi\u00e7\u00e3o de m\u00e9dias e curtas metragens.<\/p>\n<p>Os participantes de filmes de curtas e m\u00e9dias metragens concorrer\u00e3o ao Pr\u00eamio Danna Merril, de Melhor Document\u00e1rio; Pr\u00eamio Major Reis, de Melhor Anima\u00e7\u00e3o; Pr\u00eamio Vitor Hugo, de Melhor Fic\u00e7\u00e3o; Pr\u00eamio Manoel Rodrigues Ferreira, de Melhor Experimental; Pr\u00eamio Chico Mendes, de Melhor Roteiro; Pr\u00eamio Povos Ind\u00edgenas de Rond\u00f4nia, de Melhor Trilha Sonora; Pr\u00eamio Silvino Santos, de Melhor Fotografia; Pr\u00eamio Cap\u00f4 (Maurice Capovilla), de Linguagem; Pr\u00eamio Melhor Montagem; Pr\u00eamio Melhor Dire\u00e7\u00e3o; Pr\u00eamio Melhor Ator; Pr\u00eamio Melhor Atriz; Pr\u00eamio Thiago de Mello: J\u00fari Popular (Trof\u00e9u Esperan\u00e7a).<\/p>\n<p>O Cineamaz\u00f4nia surgiu h\u00e1 15 anos e ao longo de sua trajet\u00f3ria tem exibido filmes e contribu\u00eddo com a forma\u00e7\u00e3o de plateia voltada a s\u00e9tima arte, especialmente, na regi\u00e3o Norte brasileira e fronteiri\u00e7a com pa\u00edses como a Bol\u00edvia e Peru. A exibi\u00e7\u00e3o, divulga\u00e7\u00e3o dos vencedores e as homenagens v\u00e3o acontecer do dia 17 a 21 de outubro, em Porto Velho.<\/p>\n<p>A 15\u00aa edi\u00e7\u00e3o do Cineamaz\u00f4nia tem o patroc\u00ednio do BNDES, Governo Federal, Minist\u00e9rio da Cultura, Secretaria do Audiovisual e da Lei Rouanet. Ainda tem o apoio cultural da Sejucel, Funcultural, Fecom\u00e9rcio e SESC Rond\u00f4nia. O Cineamaz\u00f4nia \u00e9 associado ao F\u00f3rum dos Festivais e membro do Green Film Network.<\/p>\n<p>Fonte: assessoria<\/p>\n","protected":false},"excerpt":{"rendered":"<p>Diretores e produtores ter\u00e3o mais uma chance para participar da sele\u00e7\u00e3o para a Mostra Competitiva do Cineamaz\u00f4nia. As inscri\u00e7\u00f5es para a 15\u00aa edi\u00e7\u00e3o do festival foram prorrogadas para o dia 15 de agosto. As inscri\u00e7\u00f5es poder\u00e3o ser realizadas na p\u00e1gina do festival (www.cineamazonia.com.br\/ficha-de-inscricao).<\/p>\n","protected":false},"author":1,"featured_media":12734,"comment_status":"closed","ping_status":"open","sticky":false,"template":"","format":"standard","meta":{"_exactmetrics_skip_tracking":false,"_exactmetrics_sitenote_active":false,"_exactmetrics_sitenote_note":"","_exactmetrics_sitenote_category":0,"jetpack_post_was_ever_published":false,"_jetpack_newsletter_access":"","_jetpack_dont_email_post_to_subs":false,"_jetpack_newsletter_tier_id":0,"_jetpack_memberships_contains_paywalled_content":false,"_jetpack_memberships_contains_paid_content":false,"footnotes":"","jetpack_publicize_message":"","jetpack_publicize_feature_enabled":true,"jetpack_social_post_already_shared":true,"jetpack_social_options":{"image_generator_settings":{"template":"highway","enabled":false},"version":2}},"categories":[1],"tags":[],"class_list":["post-12733","post","type-post","status-publish","format-standard","has-post-thumbnail","hentry","category-notas"],"jetpack_publicize_connections":[],"jetpack_sharing_enabled":true,"jetpack_featured_media_url":"https:\/\/i0.wp.com\/blogdalucianaoliveira.com.br\/blog\/wp-content\/uploads\/2017\/08\/cineamazonia-1200x800_c.png?fit=1200%2C800","jetpack_shortlink":"https:\/\/wp.me\/p7wKYW-3jn","jetpack-related-posts":[],"_links":{"self":[{"href":"http:\/\/blogdalucianaoliveira.com.br\/blog\/wp-json\/wp\/v2\/posts\/12733","targetHints":{"allow":["GET"]}}],"collection":[{"href":"http:\/\/blogdalucianaoliveira.com.br\/blog\/wp-json\/wp\/v2\/posts"}],"about":[{"href":"http:\/\/blogdalucianaoliveira.com.br\/blog\/wp-json\/wp\/v2\/types\/post"}],"author":[{"embeddable":true,"href":"http:\/\/blogdalucianaoliveira.com.br\/blog\/wp-json\/wp\/v2\/users\/1"}],"replies":[{"embeddable":true,"href":"http:\/\/blogdalucianaoliveira.com.br\/blog\/wp-json\/wp\/v2\/comments?post=12733"}],"version-history":[{"count":1,"href":"http:\/\/blogdalucianaoliveira.com.br\/blog\/wp-json\/wp\/v2\/posts\/12733\/revisions"}],"predecessor-version":[{"id":12735,"href":"http:\/\/blogdalucianaoliveira.com.br\/blog\/wp-json\/wp\/v2\/posts\/12733\/revisions\/12735"}],"wp:featuredmedia":[{"embeddable":true,"href":"http:\/\/blogdalucianaoliveira.com.br\/blog\/wp-json\/wp\/v2\/media\/12734"}],"wp:attachment":[{"href":"http:\/\/blogdalucianaoliveira.com.br\/blog\/wp-json\/wp\/v2\/media?parent=12733"}],"wp:term":[{"taxonomy":"category","embeddable":true,"href":"http:\/\/blogdalucianaoliveira.com.br\/blog\/wp-json\/wp\/v2\/categories?post=12733"},{"taxonomy":"post_tag","embeddable":true,"href":"http:\/\/blogdalucianaoliveira.com.br\/blog\/wp-json\/wp\/v2\/tags?post=12733"}],"curies":[{"name":"wp","href":"https:\/\/api.w.org\/{rel}","templated":true}]}}