{"id":1274,"date":"2016-05-26T13:11:23","date_gmt":"2016-05-26T17:11:23","guid":{"rendered":"http:\/\/blogdalucianaoliveira.com.br\/blog\/?p=1274"},"modified":"2016-05-26T13:12:25","modified_gmt":"2016-05-26T17:12:25","slug":"veronica-morreu-por-ser-quem-era","status":"publish","type":"post","link":"http:\/\/blogdalucianaoliveira.com.br\/blog\/2016\/05\/26\/veronica-morreu-por-ser-quem-era\/","title":{"rendered":"Ver\u00f4nica morreu por ser quem era: negra e l\u00e9sbica"},"content":{"rendered":"<p><img data-recalc-dims=\"1\" loading=\"lazy\" decoding=\"async\" data-attachment-id=\"1275\" data-permalink=\"http:\/\/blogdalucianaoliveira.com.br\/blog\/2016\/05\/26\/veronica-morreu-por-ser-quem-era\/image-285\/\" data-orig-file=\"https:\/\/i0.wp.com\/blogdalucianaoliveira.com.br\/blog\/wp-content\/uploads\/2016\/05\/image-251.jpeg?fit=501%2C316\" data-orig-size=\"501,316\" data-comments-opened=\"0\" data-image-meta=\"{&quot;aperture&quot;:&quot;0&quot;,&quot;credit&quot;:&quot;&quot;,&quot;camera&quot;:&quot;&quot;,&quot;caption&quot;:&quot;&quot;,&quot;created_timestamp&quot;:&quot;0&quot;,&quot;copyright&quot;:&quot;&quot;,&quot;focal_length&quot;:&quot;0&quot;,&quot;iso&quot;:&quot;0&quot;,&quot;shutter_speed&quot;:&quot;0&quot;,&quot;title&quot;:&quot;&quot;,&quot;orientation&quot;:&quot;0&quot;}\" data-image-title=\"image\" data-image-description=\"\" data-image-caption=\"\" data-medium-file=\"https:\/\/i0.wp.com\/blogdalucianaoliveira.com.br\/blog\/wp-content\/uploads\/2016\/05\/image-251.jpeg?fit=300%2C189\" data-large-file=\"https:\/\/i0.wp.com\/blogdalucianaoliveira.com.br\/blog\/wp-content\/uploads\/2016\/05\/image-251.jpeg?fit=501%2C316\" src=\"https:\/\/i0.wp.com\/blogdalucianaoliveira.com.br\/blog\/wp-content\/uploads\/2016\/05\/image-251.jpeg?resize=501%2C316\" alt=\"image\" width=\"501\" height=\"316\" class=\"alignnone size-full wp-image-1275\" srcset=\"https:\/\/i0.wp.com\/blogdalucianaoliveira.com.br\/blog\/wp-content\/uploads\/2016\/05\/image-251.jpeg?w=501 501w, https:\/\/i0.wp.com\/blogdalucianaoliveira.com.br\/blog\/wp-content\/uploads\/2016\/05\/image-251.jpeg?resize=300%2C189 300w, https:\/\/i0.wp.com\/blogdalucianaoliveira.com.br\/blog\/wp-content\/uploads\/2016\/05\/image-251.jpeg?resize=476%2C300 476w\" sizes=\"auto, (max-width: 501px) 100vw, 501px\" \/><\/p>\n<p>&#8220;M\u00eas passado morreu Luana em Ribeir\u00e3o Preto, barbaramente espancada por policiais. Negra e l\u00e9sbica, Luana apanhou por ser quem era.  Ver\u00f4nica tamb\u00e9m apanhou por ser quem era.<!--more--><\/p>\n<p>A viol\u00eancia que sofreram expressa algo que est\u00e1 em seus corpos e muito al\u00e9m deles. Est\u00e1 nas estruturas das institui\u00e7\u00f5es do sistema de justi\u00e7a criminal brasileiro, que seguir\u00e3o assim, enquanto n\u00e3o forem responsabilizadas&#8221;.<\/p>\n<p>Por Gorete Marques, Ma\u00edra Zapater, Nat\u00e1lia Sanzovo e Bruna Angotti.<\/p>\n<p>Em 12 de abril o \u201ccaso Ver\u00f4nica Bolina\u201d completou um ano. Caso de tortura perpetrada por policiais contra travesti que se encontrava detida no 2\u00ba DP, em S\u00e3o Paulo. A raz\u00e3o alegada para o ato foi o fato de a acusada ter mordido a orelha de carcereiro, justificativa esta usada como argumento para minimizar a brutalidade da tortura.<\/p>\n<p>O caso ficou conhecido ap\u00f3s fotos da v\u00edtima terem sido divulgadas em redes sociais. Seu rosto extremamente inchado, os olhos roxos e os hematomas vis\u00edveis no corpo escancaravam os impactos da viol\u00eancia sofrida. Uma das fotos mostra Ver\u00f4nica seminua, deitada de bru\u00e7os, algemada nas m\u00e3os e nos p\u00e9s, sem a camiseta e com a cal\u00e7a rasgada na parte traseira. Tais imagens, que expuseram seu corpo e sua identidade de g\u00eanero, geraram grande repercuss\u00e3o nacional e internacional. O Comit\u00ea Nacional de Preven\u00e7\u00e3o e Combate \u00e0 Tortura (CNPCT) tomou conhecimento do caso e passou a acompanha-lo[1].<\/p>\n<p>Ver\u00f4nica Bolina foi submetida \u00e0 tortura, com emprego de viol\u00eancia e amea\u00e7a pela a\u00e7\u00e3o e omiss\u00e3o de funcion\u00e1rios do Estado, como forma de causar-lhe sofrimento, castigo e intimid\u00e1-la. Ver\u00f4nica foi colocada junto a outros presos, n\u00e3o houve um cuidado por parte das autoridades em conduzir a situa\u00e7\u00e3o respeitando a sua identidade g\u00eanero, sendo ela travesti. Os policiais justificaram sua a\u00e7\u00e3o dizendo que \u201ca culpa do ocorrido era de Ver\u00f4nica, pois ela teria arrancado a orelha do carcereiro\u201d, e que \u201cisso teria sa\u00eddo barato\u201d. Como em qualquer caso de tortura, a v\u00edtima \u00e9 sempre colocada como a autora da pr\u00f3pria viol\u00eancia sofrida.<\/p>\n<p>Praticamente coagida a falar sobre os fatos, diversos \u00e1udios foram gravados pela coordenadora de Pol\u00edticas para a Diversidade Sexual do Estado de S\u00e3o Paulo, na tentativa de isentar o estado de S\u00e3o Paulo da responsabiliza\u00e7\u00e3o pela viol\u00eancia sofrida. Nestas grava\u00e7\u00f5es Ver\u00f4nica falou que \u201cn\u00e3o havia sido torturada\u201d, e que \u201cn\u00e3o queria que seu caso fosse usado para fins pol\u00edticos\u201d[2]. Uma voz ao fundo guiava V\u00earonica nas palavras que estavam sendo registradas \u2013 a pr\u00f3pria grava\u00e7\u00e3o do \u00e1udio tinha em si um fim pol\u00edtico.<\/p>\n<p>A Defensoria P\u00fablica solicitou apura\u00e7\u00e3o do caso no \u00e2mbito da Corregedoria da Pol\u00edcia Judici\u00e1ria do Departamento T\u00e9cnico de Inqu\u00e9ritos Policiais e Pol\u00edcia Judici\u00e1ria (DIPO), e pediu urg\u00eancia na realiza\u00e7\u00e3o do exame de corpo de delito. Tamb\u00e9m destacou o fato de Ver\u00f4nica n\u00e3o ter passado por audi\u00eancia de cust\u00f3dia, que j\u00e1 estava em vigor na \u00e9poca. Ap\u00f3s cinco dias o exame fora realizado. Contudo, como \u00e9 de praxe, n\u00e3o seguiu os protocolos de Istambul e nem o Brasileiro de Per\u00edcia Forense no Crime de Tortura, resultando em laudo n\u00e3o detalhado para constatar tortura, muito embora evidencie as les\u00f5es no corpo de Ver\u00f4nica.<\/p>\n","protected":false},"excerpt":{"rendered":"<p>&#8220;M\u00eas passado morreu Luana em Ribeir\u00e3o Preto, barbaramente espancada por policiais. Negra e l\u00e9sbica, Luana apanhou por ser quem era. Ver\u00f4nica tamb\u00e9m apanhou por ser quem era.<\/p>\n","protected":false},"author":1,"featured_media":0,"comment_status":"closed","ping_status":"open","sticky":false,"template":"","format":"standard","meta":{"_exactmetrics_skip_tracking":false,"_exactmetrics_sitenote_active":false,"_exactmetrics_sitenote_note":"","_exactmetrics_sitenote_category":0,"jetpack_post_was_ever_published":false,"_jetpack_newsletter_access":"","_jetpack_dont_email_post_to_subs":false,"_jetpack_newsletter_tier_id":0,"_jetpack_memberships_contains_paywalled_content":false,"_jetpack_memberships_contains_paid_content":false,"footnotes":"","jetpack_publicize_message":"","jetpack_publicize_feature_enabled":true,"jetpack_social_post_already_shared":true,"jetpack_social_options":{"image_generator_settings":{"template":"highway","enabled":false},"version":2}},"categories":[1],"tags":[],"class_list":["post-1274","post","type-post","status-publish","format-standard","hentry","category-notas"],"jetpack_publicize_connections":[],"jetpack_sharing_enabled":true,"jetpack_featured_media_url":"","jetpack_shortlink":"https:\/\/wp.me\/p7wKYW-ky","jetpack-related-posts":[],"_links":{"self":[{"href":"http:\/\/blogdalucianaoliveira.com.br\/blog\/wp-json\/wp\/v2\/posts\/1274","targetHints":{"allow":["GET"]}}],"collection":[{"href":"http:\/\/blogdalucianaoliveira.com.br\/blog\/wp-json\/wp\/v2\/posts"}],"about":[{"href":"http:\/\/blogdalucianaoliveira.com.br\/blog\/wp-json\/wp\/v2\/types\/post"}],"author":[{"embeddable":true,"href":"http:\/\/blogdalucianaoliveira.com.br\/blog\/wp-json\/wp\/v2\/users\/1"}],"replies":[{"embeddable":true,"href":"http:\/\/blogdalucianaoliveira.com.br\/blog\/wp-json\/wp\/v2\/comments?post=1274"}],"version-history":[{"count":2,"href":"http:\/\/blogdalucianaoliveira.com.br\/blog\/wp-json\/wp\/v2\/posts\/1274\/revisions"}],"predecessor-version":[{"id":1277,"href":"http:\/\/blogdalucianaoliveira.com.br\/blog\/wp-json\/wp\/v2\/posts\/1274\/revisions\/1277"}],"wp:attachment":[{"href":"http:\/\/blogdalucianaoliveira.com.br\/blog\/wp-json\/wp\/v2\/media?parent=1274"}],"wp:term":[{"taxonomy":"category","embeddable":true,"href":"http:\/\/blogdalucianaoliveira.com.br\/blog\/wp-json\/wp\/v2\/categories?post=1274"},{"taxonomy":"post_tag","embeddable":true,"href":"http:\/\/blogdalucianaoliveira.com.br\/blog\/wp-json\/wp\/v2\/tags?post=1274"}],"curies":[{"name":"wp","href":"https:\/\/api.w.org\/{rel}","templated":true}]}}