{"id":12744,"date":"2017-08-05T12:02:38","date_gmt":"2017-08-05T16:02:38","guid":{"rendered":"http:\/\/blogdalucianaoliveira.com.br\/blog\/?p=12744"},"modified":"2017-08-05T12:06:47","modified_gmt":"2017-08-05T16:06:47","slug":"um-ano-na-blogosfera","status":"publish","type":"post","link":"http:\/\/blogdalucianaoliveira.com.br\/blog\/2017\/08\/05\/um-ano-na-blogosfera\/","title":{"rendered":"Um ano na blogosfera"},"content":{"rendered":"<p><img data-recalc-dims=\"1\" loading=\"lazy\" decoding=\"async\" data-attachment-id=\"12743\" data-permalink=\"http:\/\/blogdalucianaoliveira.com.br\/blog\/2017\/08\/05\/um-ano-na-blogosfera\/img_2886\/\" data-orig-file=\"https:\/\/i0.wp.com\/blogdalucianaoliveira.com.br\/blog\/wp-content\/uploads\/2017\/08\/IMG_2886.jpg?fit=1024%2C769\" data-orig-size=\"1024,769\" data-comments-opened=\"0\" data-image-meta=\"{&quot;aperture&quot;:&quot;0&quot;,&quot;credit&quot;:&quot;&quot;,&quot;camera&quot;:&quot;&quot;,&quot;caption&quot;:&quot;&quot;,&quot;created_timestamp&quot;:&quot;0&quot;,&quot;copyright&quot;:&quot;&quot;,&quot;focal_length&quot;:&quot;0&quot;,&quot;iso&quot;:&quot;0&quot;,&quot;shutter_speed&quot;:&quot;0&quot;,&quot;title&quot;:&quot;&quot;,&quot;orientation&quot;:&quot;1&quot;}\" data-image-title=\"IMG_2886\" data-image-description=\"\" data-image-caption=\"\" data-medium-file=\"https:\/\/i0.wp.com\/blogdalucianaoliveira.com.br\/blog\/wp-content\/uploads\/2017\/08\/IMG_2886.jpg?fit=300%2C225\" data-large-file=\"https:\/\/i0.wp.com\/blogdalucianaoliveira.com.br\/blog\/wp-content\/uploads\/2017\/08\/IMG_2886.jpg?fit=600%2C451\" src=\"https:\/\/i0.wp.com\/blogdalucianaoliveira.com.br\/blog\/wp-content\/uploads\/2017\/08\/IMG_2886.jpg?resize=600%2C451\" alt=\"IMG_2886\" width=\"600\" height=\"451\" class=\"alignnone size-full wp-image-12743\" srcset=\"https:\/\/i0.wp.com\/blogdalucianaoliveira.com.br\/blog\/wp-content\/uploads\/2017\/08\/IMG_2886.jpg?w=1024 1024w, https:\/\/i0.wp.com\/blogdalucianaoliveira.com.br\/blog\/wp-content\/uploads\/2017\/08\/IMG_2886.jpg?resize=300%2C225 300w, https:\/\/i0.wp.com\/blogdalucianaoliveira.com.br\/blog\/wp-content\/uploads\/2017\/08\/IMG_2886.jpg?resize=768%2C577 768w, https:\/\/i0.wp.com\/blogdalucianaoliveira.com.br\/blog\/wp-content\/uploads\/2017\/08\/IMG_2886.jpg?resize=399%2C300 399w\" sizes=\"auto, (max-width: 600px) 100vw, 600px\" \/><\/p>\n<p>Completou um ano que arrisquei a criar um blog pra servir aos que t\u00eam pouco ou nenhum espa\u00e7o na m\u00eddia tradicional.<br \/>\nVi, ali\u00e1s, as portas se fecharem na imprensa local em boicote a meus textos. S\u00f3 os sites sob responsabilidade de amigos e mais democr\u00e1ticos como o Gente de Opini\u00e3o n\u00e3o disseram Fora Luciana. <\/p>\n<p>A sa\u00edda foi me juntar a blogueiros progressistas em n\u00edvel nacional e o primeiro que acolheu minhas opini\u00f5es foi o Brasil 247, \u2018s\u00f3\u2019 o pioneiro em not\u00edcias pra tablets e smartphones no pa\u00eds. Putz! Ganhei um lugar como colunista ao lado de gigantes como Emir Sader, Paulo Moreira Leite, Tereza Cruvinel e Miguel do Ros\u00e1rio.<!--more--><\/p>\n<p>Fui eleita membro da Comiss\u00e3o Nacional de Blogueiros que tem jornalistas renomados como o Cidoli, Rodrigo Viana, Paulo Henrique Amorim, Maria Fr\u00f4, Altamiro Borges e outros.<\/p>\n<p>Hoje escrevo por todos que s\u00e3o invis\u00edveis ou perseguidos por boa parte da grande m\u00eddia. Me coloquei \u00e0 frente da artilharia pesada contra movimentos sociais, sindicais e organiza\u00e7\u00f5es que lutam por igualdade de direitos. <\/p>\n<p>Minha orienta\u00e7\u00e3o pol\u00edtica \u00e9 clara, progressista, \u00e0 esquerda, portanto, para ampliar direitos a todos e todas. Independente, assumo que n\u00e3o compactuo com a falsa \u2018imparcialidade\u2019 jornal\u00edstica que privilegia poucos em detrimento de muitos desde sempre. N\u00e3o tenho grande coisa em capacidade intelectual, mas a que possuo n\u00e3o est\u00e1 \u00e0 venda. <\/p>\n<p>Antes de me seguir saiba que defendo: MST, MAB, Movimento Sindical, LGBTs, Direitos Humanos, Povos Ind\u00edgenas e tudo o que neoliberalismo despreza.<\/p>\n<p>No meu blog, escrevo tamb\u00e9m sobre a minha cidade, de sua cultura popular, patrim\u00f4nio hist\u00f3rico e potencial tur\u00edstico. \u00c9 como mantenho uma rela\u00e7\u00e3o mais prazerosa com os que divergem da minha opini\u00e3o pol\u00edtica.<\/p>\n<p>N\u00e3o xingo, n\u00e3o invento, mas utilizo uma linguagem coloquial e sat\u00edrica sem modera\u00e7\u00e3o.<br \/>\nE, s\u00f3 por isso, tem gente que denuncia muito veneno num frasco t\u00e3o pequeno como o meu.<\/p>\n<p>N\u00e3o \u00e9 bem assim&#8230;<\/p>\n<p>Pra uns sou veneno, pra outros conforto.<\/p>\n<p>He he he&#8230;<\/p>\n<p>S\u00f3 digo que contem comigo, pra muito riso ou raiva.<\/p>\n","protected":false},"excerpt":{"rendered":"<p>Completou um ano que arrisquei a criar um blog pra servir aos que t\u00eam pouco ou nenhum espa\u00e7o na m\u00eddia tradicional. Vi, ali\u00e1s, as portas se fecharem na imprensa local em boicote a meus textos. S\u00f3 os sites sob responsabilidade de amigos e mais democr\u00e1ticos como o Gente de Opini\u00e3o n\u00e3o disseram Fora Luciana. A&#8230;<a class=\"more-link\" href=\"http:\/\/blogdalucianaoliveira.com.br\/blog\/2017\/08\/05\/um-ano-na-blogosfera\/\">Continue a leitura <span class=\"meta-nav\">&raquo;<\/span><\/a><\/p>\n","protected":false},"author":1,"featured_media":0,"comment_status":"closed","ping_status":"open","sticky":false,"template":"","format":"standard","meta":{"_exactmetrics_skip_tracking":false,"_exactmetrics_sitenote_active":false,"_exactmetrics_sitenote_note":"","_exactmetrics_sitenote_category":0,"jetpack_post_was_ever_published":false,"_jetpack_newsletter_access":"","_jetpack_dont_email_post_to_subs":false,"_jetpack_newsletter_tier_id":0,"_jetpack_memberships_contains_paywalled_content":false,"_jetpack_memberships_contains_paid_content":false,"footnotes":"","jetpack_publicize_message":"","jetpack_publicize_feature_enabled":true,"jetpack_social_post_already_shared":true,"jetpack_social_options":{"image_generator_settings":{"template":"highway","enabled":false},"version":2}},"categories":[1],"tags":[],"class_list":["post-12744","post","type-post","status-publish","format-standard","hentry","category-notas"],"jetpack_publicize_connections":[],"jetpack_sharing_enabled":true,"jetpack_featured_media_url":"","jetpack_shortlink":"https:\/\/wp.me\/p7wKYW-3jy","jetpack-related-posts":[],"_links":{"self":[{"href":"http:\/\/blogdalucianaoliveira.com.br\/blog\/wp-json\/wp\/v2\/posts\/12744","targetHints":{"allow":["GET"]}}],"collection":[{"href":"http:\/\/blogdalucianaoliveira.com.br\/blog\/wp-json\/wp\/v2\/posts"}],"about":[{"href":"http:\/\/blogdalucianaoliveira.com.br\/blog\/wp-json\/wp\/v2\/types\/post"}],"author":[{"embeddable":true,"href":"http:\/\/blogdalucianaoliveira.com.br\/blog\/wp-json\/wp\/v2\/users\/1"}],"replies":[{"embeddable":true,"href":"http:\/\/blogdalucianaoliveira.com.br\/blog\/wp-json\/wp\/v2\/comments?post=12744"}],"version-history":[{"count":3,"href":"http:\/\/blogdalucianaoliveira.com.br\/blog\/wp-json\/wp\/v2\/posts\/12744\/revisions"}],"predecessor-version":[{"id":12762,"href":"http:\/\/blogdalucianaoliveira.com.br\/blog\/wp-json\/wp\/v2\/posts\/12744\/revisions\/12762"}],"wp:attachment":[{"href":"http:\/\/blogdalucianaoliveira.com.br\/blog\/wp-json\/wp\/v2\/media?parent=12744"}],"wp:term":[{"taxonomy":"category","embeddable":true,"href":"http:\/\/blogdalucianaoliveira.com.br\/blog\/wp-json\/wp\/v2\/categories?post=12744"},{"taxonomy":"post_tag","embeddable":true,"href":"http:\/\/blogdalucianaoliveira.com.br\/blog\/wp-json\/wp\/v2\/tags?post=12744"}],"curies":[{"name":"wp","href":"https:\/\/api.w.org\/{rel}","templated":true}]}}