{"id":12764,"date":"2017-08-07T08:45:04","date_gmt":"2017-08-07T12:45:04","guid":{"rendered":"http:\/\/blogdalucianaoliveira.com.br\/blog\/?p=12764"},"modified":"2017-08-07T08:49:51","modified_gmt":"2017-08-07T12:49:51","slug":"janot-diz-que-temer-praticou-crime-e-avisa-tem-mais-flechas","status":"publish","type":"post","link":"http:\/\/blogdalucianaoliveira.com.br\/blog\/2017\/08\/07\/janot-diz-que-temer-praticou-crime-e-avisa-tem-mais-flechas\/","title":{"rendered":"JANOT DIZ QUE TEMER PRATICOU CRIME E AVISA: TEM MAIS FLECHAS"},"content":{"rendered":"<p><img data-recalc-dims=\"1\" loading=\"lazy\" decoding=\"async\" data-attachment-id=\"12765\" data-permalink=\"http:\/\/blogdalucianaoliveira.com.br\/blog\/2017\/08\/07\/janot-diz-que-temer-praticou-crime-e-avisa-tem-mais-flechas\/fle-2\/\" data-orig-file=\"https:\/\/i0.wp.com\/blogdalucianaoliveira.com.br\/blog\/wp-content\/uploads\/2017\/08\/fle.png?fit=1002%2C357\" data-orig-size=\"1002,357\" data-comments-opened=\"0\" data-image-meta=\"{&quot;aperture&quot;:&quot;0&quot;,&quot;credit&quot;:&quot;&quot;,&quot;camera&quot;:&quot;&quot;,&quot;caption&quot;:&quot;&quot;,&quot;created_timestamp&quot;:&quot;0&quot;,&quot;copyright&quot;:&quot;&quot;,&quot;focal_length&quot;:&quot;0&quot;,&quot;iso&quot;:&quot;0&quot;,&quot;shutter_speed&quot;:&quot;0&quot;,&quot;title&quot;:&quot;&quot;,&quot;orientation&quot;:&quot;0&quot;}\" data-image-title=\"fle\" data-image-description=\"\" data-image-caption=\"\" data-medium-file=\"https:\/\/i0.wp.com\/blogdalucianaoliveira.com.br\/blog\/wp-content\/uploads\/2017\/08\/fle.png?fit=300%2C107\" data-large-file=\"https:\/\/i0.wp.com\/blogdalucianaoliveira.com.br\/blog\/wp-content\/uploads\/2017\/08\/fle.png?fit=600%2C214\" src=\"https:\/\/i0.wp.com\/blogdalucianaoliveira.com.br\/blog\/wp-content\/uploads\/2017\/08\/fle.png?resize=600%2C214\" alt=\"fle\" width=\"600\" height=\"214\" class=\"alignnone size-full wp-image-12765\" srcset=\"https:\/\/i0.wp.com\/blogdalucianaoliveira.com.br\/blog\/wp-content\/uploads\/2017\/08\/fle.png?w=1002 1002w, https:\/\/i0.wp.com\/blogdalucianaoliveira.com.br\/blog\/wp-content\/uploads\/2017\/08\/fle.png?resize=300%2C107 300w, https:\/\/i0.wp.com\/blogdalucianaoliveira.com.br\/blog\/wp-content\/uploads\/2017\/08\/fle.png?resize=768%2C274 768w, https:\/\/i0.wp.com\/blogdalucianaoliveira.com.br\/blog\/wp-content\/uploads\/2017\/08\/fle.png?resize=800%2C285 800w\" sizes=\"auto, (max-width: 600px) 100vw, 600px\" \/><\/p>\n<p>247 &#8211; O procurador-geral da Rep\u00fablica, Rodrigo Janot, 59, mostra disposi\u00e7\u00e3o em continuar atacando Michel Temer.<\/p>\n<p>Segundo ele,  &#8220;colabora\u00e7\u00f5es em curso&#8221; podem ajudar nas investiga\u00e7\u00f5es contra Temer por suspeita de obstru\u00e7\u00e3o de Justi\u00e7a e organiza\u00e7\u00e3o criminosa.<!--more--><\/p>\n<p>Os inqu\u00e9ritos servem para embasar novas den\u00fancias contra o peemedebista.<\/p>\n<p>A PGR negocia as dela\u00e7\u00f5es do ex-deputado Eduardo Cunha e do operador financeiro L\u00facio Funaro, ambos presos pela Lava Jato.<\/p>\n<p>Janot diz que n\u00e3o pode confirmar as tratativas, mas questionado sobre o que um pol\u00edtico como o ex-presidente da C\u00e2mara tem de entregar para fechar um acordo, ele respondeu: &#8220;O cara est\u00e1 neste n\u00edvel aqui [faz um sinal com uma m\u00e3o parada no ar], ele tem que entregar gente do andar para cima [mostra um n\u00edvel acima com a outra m\u00e3o]. N\u00e3o adianta ele virar para baixo, n\u00e3o me interessa&#8221;.<\/p>\n<p>Janot, cujo mandato na PGR termina em 17 de setembro, contou que pretende tirar f\u00e9rias acumuladas at\u00e9 abril e projeta se aposentar no meio do ano que vem.<\/p>\n<p> O chefe do Minist\u00e9rio P\u00fablico aproveitou para refor\u00e7ar sua perplexidade com os atos de Temer e de seu homem da mala, o ex-deputado Rodrigo Rocha Loures. <\/p>\n<p>&#8220;Temos de entender que o crime de corrup\u00e7\u00e3o n\u00e3o precisa de voc\u00ea receber o dinheiro, \u00e9 aceitar ou designar a proposta. Receber o dinheiro \u00e9 a chapada do crime de corrup\u00e7\u00e3o. Se a gente n\u00e3o vive um pa\u00eds de carochinha, uma pessoa que designa um laranja para acertar acordo il\u00edcito, que acerta a propina e recebe a mala, vou exigir que a pessoa que designou o laranja receba pessoalmente o dinheiro? Jamais algu\u00e9m vai comprovar.&#8221;<\/p>\n<p>Janot mostra ainda convic\u00e7\u00e3o de que Temer avalizou a compra do sil\u00eancio de Cunha.<\/p>\n<p>&#8220;&#8216;Tem que manter isso&#8217; o que \u00e9? Uma compra de carne? \u00c9 uma feitura de suco? \u00c9 fazer lanche? Qual era o fato que se discutia? &#8216;Eu estou segurando a boca de duas pessoas, Cunha e Funaro&#8217;. &#8220;Muito bom, muito bom, tem que manter isso.&#8221; Esse di\u00e1logo n\u00e3o foi negado pelo presidente, mas ele diz assim: &#8220;A interpreta\u00e7\u00e3o que eu fa\u00e7o desse di\u00e1logo \u00e9 outra&#8221;. Se a gente n\u00e3o vive o pa\u00eds da carochinha, vamos interpretar o que est\u00e1 dito, gravado.&#8221;<\/p>\n<p>As informa\u00e7\u00f5es s\u00e3o de reportagem de Leandro Colon e Reynaldo Turollo Jr na Folha de S.Paulo.<\/p>\n","protected":false},"excerpt":{"rendered":"<p>247 &#8211; O procurador-geral da Rep\u00fablica, Rodrigo Janot, 59, mostra disposi\u00e7\u00e3o em continuar atacando Michel Temer. Segundo ele, &#8220;colabora\u00e7\u00f5es em curso&#8221; podem ajudar nas investiga\u00e7\u00f5es contra Temer por suspeita de obstru\u00e7\u00e3o de Justi\u00e7a e organiza\u00e7\u00e3o criminosa.<\/p>\n","protected":false},"author":1,"featured_media":12765,"comment_status":"closed","ping_status":"open","sticky":false,"template":"","format":"standard","meta":{"_exactmetrics_skip_tracking":false,"_exactmetrics_sitenote_active":false,"_exactmetrics_sitenote_note":"","_exactmetrics_sitenote_category":0,"jetpack_post_was_ever_published":false,"_jetpack_newsletter_access":"","_jetpack_dont_email_post_to_subs":false,"_jetpack_newsletter_tier_id":0,"_jetpack_memberships_contains_paywalled_content":false,"_jetpack_memberships_contains_paid_content":false,"footnotes":"","jetpack_publicize_message":"","jetpack_publicize_feature_enabled":true,"jetpack_social_post_already_shared":true,"jetpack_social_options":{"image_generator_settings":{"template":"highway","enabled":false},"version":2}},"categories":[1],"tags":[293,292,45],"class_list":["post-12764","post","type-post","status-publish","format-standard","has-post-thumbnail","hentry","category-notas","tag-denuncias","tag-janot","tag-temer"],"jetpack_publicize_connections":[],"jetpack_sharing_enabled":true,"jetpack_featured_media_url":"https:\/\/i0.wp.com\/blogdalucianaoliveira.com.br\/blog\/wp-content\/uploads\/2017\/08\/fle.png?fit=1002%2C357","jetpack_shortlink":"https:\/\/wp.me\/p7wKYW-3jS","jetpack-related-posts":[],"_links":{"self":[{"href":"http:\/\/blogdalucianaoliveira.com.br\/blog\/wp-json\/wp\/v2\/posts\/12764","targetHints":{"allow":["GET"]}}],"collection":[{"href":"http:\/\/blogdalucianaoliveira.com.br\/blog\/wp-json\/wp\/v2\/posts"}],"about":[{"href":"http:\/\/blogdalucianaoliveira.com.br\/blog\/wp-json\/wp\/v2\/types\/post"}],"author":[{"embeddable":true,"href":"http:\/\/blogdalucianaoliveira.com.br\/blog\/wp-json\/wp\/v2\/users\/1"}],"replies":[{"embeddable":true,"href":"http:\/\/blogdalucianaoliveira.com.br\/blog\/wp-json\/wp\/v2\/comments?post=12764"}],"version-history":[{"count":1,"href":"http:\/\/blogdalucianaoliveira.com.br\/blog\/wp-json\/wp\/v2\/posts\/12764\/revisions"}],"predecessor-version":[{"id":12766,"href":"http:\/\/blogdalucianaoliveira.com.br\/blog\/wp-json\/wp\/v2\/posts\/12764\/revisions\/12766"}],"wp:featuredmedia":[{"embeddable":true,"href":"http:\/\/blogdalucianaoliveira.com.br\/blog\/wp-json\/wp\/v2\/media\/12765"}],"wp:attachment":[{"href":"http:\/\/blogdalucianaoliveira.com.br\/blog\/wp-json\/wp\/v2\/media?parent=12764"}],"wp:term":[{"taxonomy":"category","embeddable":true,"href":"http:\/\/blogdalucianaoliveira.com.br\/blog\/wp-json\/wp\/v2\/categories?post=12764"},{"taxonomy":"post_tag","embeddable":true,"href":"http:\/\/blogdalucianaoliveira.com.br\/blog\/wp-json\/wp\/v2\/tags?post=12764"}],"curies":[{"name":"wp","href":"https:\/\/api.w.org\/{rel}","templated":true}]}}