{"id":12773,"date":"2017-08-07T12:00:09","date_gmt":"2017-08-07T16:00:09","guid":{"rendered":"http:\/\/blogdalucianaoliveira.com.br\/blog\/?p=12773"},"modified":"2017-08-07T12:05:30","modified_gmt":"2017-08-07T16:05:30","slug":"para-maranhao-e-mato-grosso-lideram-queimadas-na-amazonia-legal-em-julho","status":"publish","type":"post","link":"http:\/\/blogdalucianaoliveira.com.br\/blog\/2017\/08\/07\/para-maranhao-e-mato-grosso-lideram-queimadas-na-amazonia-legal-em-julho\/","title":{"rendered":"Par\u00e1, Maranh\u00e3o e Mato Grosso lideram queimadas na Amaz\u00f4nia Legal em julho"},"content":{"rendered":"<p><img data-recalc-dims=\"1\" loading=\"lazy\" decoding=\"async\" data-attachment-id=\"12775\" data-permalink=\"http:\/\/blogdalucianaoliveira.com.br\/blog\/2017\/08\/07\/para-maranhao-e-mato-grosso-lideram-queimadas-na-amazonia-legal-em-julho\/fofo\/\" data-orig-file=\"https:\/\/i0.wp.com\/blogdalucianaoliveira.com.br\/blog\/wp-content\/uploads\/2017\/08\/fofo.jpg?fit=750%2C612\" data-orig-size=\"750,612\" data-comments-opened=\"0\" data-image-meta=\"{&quot;aperture&quot;:&quot;0&quot;,&quot;credit&quot;:&quot;&quot;,&quot;camera&quot;:&quot;&quot;,&quot;caption&quot;:&quot;&quot;,&quot;created_timestamp&quot;:&quot;0&quot;,&quot;copyright&quot;:&quot;&quot;,&quot;focal_length&quot;:&quot;0&quot;,&quot;iso&quot;:&quot;0&quot;,&quot;shutter_speed&quot;:&quot;0&quot;,&quot;title&quot;:&quot;&quot;,&quot;orientation&quot;:&quot;0&quot;}\" data-image-title=\"fogo\" data-image-description=\"\" data-image-caption=\"\" data-medium-file=\"https:\/\/i0.wp.com\/blogdalucianaoliveira.com.br\/blog\/wp-content\/uploads\/2017\/08\/fofo.jpg?fit=300%2C245\" data-large-file=\"https:\/\/i0.wp.com\/blogdalucianaoliveira.com.br\/blog\/wp-content\/uploads\/2017\/08\/fofo.jpg?fit=600%2C490\" src=\"https:\/\/i0.wp.com\/blogdalucianaoliveira.com.br\/blog\/wp-content\/uploads\/2017\/08\/fofo.jpg?resize=600%2C490\" alt=\"fofo\" width=\"600\" height=\"490\" class=\"alignnone size-full wp-image-12775\" srcset=\"https:\/\/i0.wp.com\/blogdalucianaoliveira.com.br\/blog\/wp-content\/uploads\/2017\/08\/fofo.jpg?w=750 750w, https:\/\/i0.wp.com\/blogdalucianaoliveira.com.br\/blog\/wp-content\/uploads\/2017\/08\/fofo.jpg?resize=300%2C245 300w, https:\/\/i0.wp.com\/blogdalucianaoliveira.com.br\/blog\/wp-content\/uploads\/2017\/08\/fofo.jpg?resize=368%2C300 368w\" sizes=\"auto, (max-width: 600px) 100vw, 600px\" \/><\/p>\n<p>Juntos os tr\u00eas estados somaram mais de 10 mil focos de inc\u00eandio, segundo o Inpe<!--more--><\/p>\n<p>Do Portal Amaz\u00f4nia<\/p>\n<p>De acordo com dados divulgados no dia primeiro de agosto pelo Instituto Nacional de Pesquisas Espaciais (Inpe), Par\u00e1, Maranh\u00e3o e Mato Grosso lideraram os n\u00fameros de focos de queimadas na Amaz\u00f4nia em julho. De acordo com os n\u00fameros do instituto, os tr\u00eas estados juntos somam mais de 10 mil focos de inc\u00eandios nos \u00faltimos 30 dias.<\/p>\n<p>O estado do Par\u00e1 lidera o ranking com 4 mil 978 registros. Em segundo aparece Mato Grosso com duas mil e 790 queimadas, seguido pelo Maranh\u00e3o,Tocantins e Amazonas com mil 975 registros.<\/p>\n<p>Rond\u00f4nia, Acre, Amap\u00e1 e Roraima apresentaram redu\u00e7\u00e3o no n\u00famero de queimadas de janeiro at\u00e9 aqui, enquanto os demais estados tiveram aumento. No total, foram registrados em julho mais de 16 mil focos de queimadas na Amaz\u00f4nia.<\/p>\n<div class=\"infogram-embed\" data-id=\"queimadas_de_janeiro_a_maio_2016___2017\" data-type=\"interactive\" data-title=\"Queimadas de Janeiro a Maio (2016 - 2017)\"><\/div>\n<p><script>!function(e,t,s,i){var n=\"InfogramEmbeds\",o=e.getElementsByTagName(\"script\"),d=o[0],r=\/^http:\/.test(e.location)?\"http:\":\"https:\";if(\/^\\\/{2}\/.test(i)&&(i=r+i),window[n]&&window[n].initialized)window[n].process&&window[n].process();else if(!e.getElementById(s)){var a=e.createElement(\"script\");a.async=1,a.id=s,a.src=i,d.parentNode.insertBefore(a,d)}}(document,0,\"infogram-async\",\"\/\/e.infogram.com\/js\/dist\/embed-loader-min.js\");<\/script><\/p>\n<div style=\"padding:8px 0;font-family:Arial!important;font-size:13px!important;line-height:15px!important;text-align:center;border-top:1px solid #dadada;margin:0 30px\"><a href=\"https:\/\/infogram.com\/queimadas_de_janeiro_a_maio_2016___2017\" style=\"color:#989898!important;text-decoration:none!important;\" target=\"_blank\">Queimadas de Janeiro a Maio (2016 &#8211; 2017)<\/a><br \/><a href=\"https:\/\/infogram.com\" style=\"color:#989898!important;text-decoration:none!important;\" target=\"_blank\" rel=\"nofollow\">Infogram<\/a><\/div>\n","protected":false},"excerpt":{"rendered":"<p>Juntos os tr\u00eas estados somaram mais de 10 mil focos de inc\u00eandio, segundo o Inpe<\/p>\n","protected":false},"author":1,"featured_media":12777,"comment_status":"closed","ping_status":"open","sticky":false,"template":"","format":"standard","meta":{"_exactmetrics_skip_tracking":false,"_exactmetrics_sitenote_active":false,"_exactmetrics_sitenote_note":"","_exactmetrics_sitenote_category":0,"jetpack_post_was_ever_published":false,"_jetpack_newsletter_access":"","_jetpack_dont_email_post_to_subs":false,"_jetpack_newsletter_tier_id":0,"_jetpack_memberships_contains_paywalled_content":false,"_jetpack_memberships_contains_paid_content":false,"footnotes":"","jetpack_publicize_message":"","jetpack_publicize_feature_enabled":true,"jetpack_social_post_already_shared":true,"jetpack_social_options":{"image_generator_settings":{"template":"highway","enabled":false},"version":2}},"categories":[1],"tags":[252,295],"class_list":["post-12773","post","type-post","status-publish","format-standard","has-post-thumbnail","hentry","category-notas","tag-amazonia","tag-queimadas"],"jetpack_publicize_connections":[],"jetpack_sharing_enabled":true,"jetpack_featured_media_url":"https:\/\/i0.wp.com\/blogdalucianaoliveira.com.br\/blog\/wp-content\/uploads\/2017\/08\/ince.jpg?fit=450%2C300","jetpack_shortlink":"https:\/\/wp.me\/p7wKYW-3k1","jetpack-related-posts":[],"_links":{"self":[{"href":"http:\/\/blogdalucianaoliveira.com.br\/blog\/wp-json\/wp\/v2\/posts\/12773","targetHints":{"allow":["GET"]}}],"collection":[{"href":"http:\/\/blogdalucianaoliveira.com.br\/blog\/wp-json\/wp\/v2\/posts"}],"about":[{"href":"http:\/\/blogdalucianaoliveira.com.br\/blog\/wp-json\/wp\/v2\/types\/post"}],"author":[{"embeddable":true,"href":"http:\/\/blogdalucianaoliveira.com.br\/blog\/wp-json\/wp\/v2\/users\/1"}],"replies":[{"embeddable":true,"href":"http:\/\/blogdalucianaoliveira.com.br\/blog\/wp-json\/wp\/v2\/comments?post=12773"}],"version-history":[{"count":2,"href":"http:\/\/blogdalucianaoliveira.com.br\/blog\/wp-json\/wp\/v2\/posts\/12773\/revisions"}],"predecessor-version":[{"id":12776,"href":"http:\/\/blogdalucianaoliveira.com.br\/blog\/wp-json\/wp\/v2\/posts\/12773\/revisions\/12776"}],"wp:featuredmedia":[{"embeddable":true,"href":"http:\/\/blogdalucianaoliveira.com.br\/blog\/wp-json\/wp\/v2\/media\/12777"}],"wp:attachment":[{"href":"http:\/\/blogdalucianaoliveira.com.br\/blog\/wp-json\/wp\/v2\/media?parent=12773"}],"wp:term":[{"taxonomy":"category","embeddable":true,"href":"http:\/\/blogdalucianaoliveira.com.br\/blog\/wp-json\/wp\/v2\/categories?post=12773"},{"taxonomy":"post_tag","embeddable":true,"href":"http:\/\/blogdalucianaoliveira.com.br\/blog\/wp-json\/wp\/v2\/tags?post=12773"}],"curies":[{"name":"wp","href":"https:\/\/api.w.org\/{rel}","templated":true}]}}