{"id":12778,"date":"2017-08-07T12:11:01","date_gmt":"2017-08-07T16:11:01","guid":{"rendered":"http:\/\/blogdalucianaoliveira.com.br\/blog\/?p=12778"},"modified":"2017-08-07T19:50:16","modified_gmt":"2017-08-07T23:50:16","slug":"operacao-estanca-sangria-cumpre-mais-uma-etapa","status":"publish","type":"post","link":"http:\/\/blogdalucianaoliveira.com.br\/blog\/2017\/08\/07\/operacao-estanca-sangria-cumpre-mais-uma-etapa\/","title":{"rendered":"OPERA\u00c7\u00c3O ESTANCA SANGRIA CUMPRE MAIS UMA ETAPA"},"content":{"rendered":"<p><img data-recalc-dims=\"1\" loading=\"lazy\" decoding=\"async\" data-attachment-id=\"12780\" data-permalink=\"http:\/\/blogdalucianaoliveira.com.br\/blog\/2017\/08\/07\/operacao-estanca-sangria-cumpre-mais-uma-etapa\/merca-2\/\" data-orig-file=\"https:\/\/i0.wp.com\/blogdalucianaoliveira.com.br\/blog\/wp-content\/uploads\/2017\/08\/merca-1.jpg?fit=956%2C500\" data-orig-size=\"956,500\" data-comments-opened=\"0\" data-image-meta=\"{&quot;aperture&quot;:&quot;0&quot;,&quot;credit&quot;:&quot;&quot;,&quot;camera&quot;:&quot;&quot;,&quot;caption&quot;:&quot;&quot;,&quot;created_timestamp&quot;:&quot;0&quot;,&quot;copyright&quot;:&quot;&quot;,&quot;focal_length&quot;:&quot;0&quot;,&quot;iso&quot;:&quot;0&quot;,&quot;shutter_speed&quot;:&quot;0&quot;,&quot;title&quot;:&quot;&quot;,&quot;orientation&quot;:&quot;0&quot;}\" data-image-title=\"merca\" data-image-description=\"\" data-image-caption=\"\" data-medium-file=\"https:\/\/i0.wp.com\/blogdalucianaoliveira.com.br\/blog\/wp-content\/uploads\/2017\/08\/merca-1.jpg?fit=300%2C157\" data-large-file=\"https:\/\/i0.wp.com\/blogdalucianaoliveira.com.br\/blog\/wp-content\/uploads\/2017\/08\/merca-1.jpg?fit=600%2C314\" src=\"https:\/\/i0.wp.com\/blogdalucianaoliveira.com.br\/blog\/wp-content\/uploads\/2017\/08\/merca-1.jpg?resize=600%2C314\" alt=\"merca\" width=\"600\" height=\"314\" class=\"alignnone size-full wp-image-12780\" srcset=\"https:\/\/i0.wp.com\/blogdalucianaoliveira.com.br\/blog\/wp-content\/uploads\/2017\/08\/merca-1.jpg?w=956 956w, https:\/\/i0.wp.com\/blogdalucianaoliveira.com.br\/blog\/wp-content\/uploads\/2017\/08\/merca-1.jpg?resize=300%2C157 300w, https:\/\/i0.wp.com\/blogdalucianaoliveira.com.br\/blog\/wp-content\/uploads\/2017\/08\/merca-1.jpg?resize=768%2C402 768w, https:\/\/i0.wp.com\/blogdalucianaoliveira.com.br\/blog\/wp-content\/uploads\/2017\/08\/merca-1.jpg?resize=574%2C300 574w\" sizes=\"auto, (max-width: 600px) 100vw, 600px\" \/><\/p>\n<p>O CONGRESSO mais conservador desde 1964 cumpriu o papel que lhe cabia na Opera\u00e7\u00e3o Estanca Sangria e enterrou a primeira den\u00fancia por corrup\u00e7\u00e3o passiva da hist\u00f3ria do pa\u00eds contra um presidente da Rep\u00fablica. <!--more--><\/p>\n<p>No The Intercept, por Jo\u00e3o Filho<\/p>\n<p>A cova \u00e9 a mesma onde foi enterrada a democracia no ano passado, quando uma presidenta eleita foi deposta n\u00e3o por tentar comprar o sil\u00eancio de um criminoso ou por ter assessor flagrado carregando mala com propina, mas pelo hediondo crime das pedaladas fiscais.<\/p>\n<p>A grande maioria dos deputados que votou pela varri\u00e7\u00e3o da sujeira do presidente para debaixo do tapete, havia votado para derrubar a ex-presidenta. \u00c9 sempre bom lembrar como essa base de apoio herdada por Temer come\u00e7ou a ser constru\u00edda. \u00c0s v\u00e9speras das elei\u00e7\u00f5es de 2014, Cunha, com ajuda de Padilha e do doleiro Funaro, teria financiado 140 deputados com dinheiro de propinas da Odebrecht para formar uma bancada com o objetivo de eleg\u00ea-lo presidente da C\u00e2mara \u2013 tudo isso foi revelado por Jos\u00e9 Yunes, ex-assessor especial e amigo de Temer h\u00e1 mais de 50 anos. A hist\u00f3ria foi confirmada por Joesley Batista em dela\u00e7\u00e3o e interlocutores de Funaro garantem que o doleiro far\u00e1 o mesmo. Cunha foi eleito com o voto de 267 deputados. Temer se livrou da den\u00fancia com 263.<\/p>\n<p>Enfraquecido pelas den\u00fancias e com a popularidade nas canelas, Temer viu sua base amea\u00e7ar debandada e usou despudoradamente a m\u00e1quina p\u00fablica para mant\u00ea-la. Arrega\u00e7ou os cofres para atender qualquer demanda de qualquer deputado, distribuiu cargos, recebeu o baixo clero em seu gabinete, amea\u00e7ou traidores, enfim, fez o diabo. Tratam-se de pr\u00e1ticas recorrentes na pol\u00edtica brasileira, o ineditismo fica por conta do presidente t\u00ea-las utilizado unicamente para se safar de um julgamento por crime comum. E se safou.  <\/p>\n<p>Rodrigo Maia, que chegou a articular nos bastidores uma trai\u00e7\u00e3o, n\u00e3o resistiu ao rolo compressor governista e considerou prudente n\u00e3o pular do barco. Chorou na frente dos colegas de bancada e disse que sofreu muita press\u00e3o nos \u00faltimos meses. At\u00e9 sua m\u00e3e mandou mensagem pedindo que ele n\u00e3o conspirasse contra Temer. A\u00ed n\u00e3o tinha como mesmo. Decidiu n\u00e3o ser o Cunha da vez e trabalhou pelo engavetamento da den\u00fancia.<\/p>\n<p>Quem reagiu muito bem ao acobertamento da lama do presidente foi o mercado e o alto empresariado. A bolsa subiu, o d\u00f3lar caiu.<\/p>\n<p>O Financial Times tratou o engavetamento como uma \u201cvit\u00f3ria hist\u00f3rica de Michel Temer\u201d que trar\u00e1 \u201cnovas esperan\u00e7as a investidores\u201d de que o presidente \u201cdar\u00e1 continuidade ao empacado programa reformas econ\u00f4micas\u201d.<\/p>\n<p>Presidida por Skaf \u2013 correligion\u00e1rio de Temer citado na Lava Jato  \u2013 a FIESP tamb\u00e9m ficou felizona. Depois de participar intensamente da derrubada de Dilma, chegando a comprar an\u00fancios gigantescos em jornais e servir fil\u00e9 mignon para manifestantes, Skaf passou a dizer durante o governo Temer que n\u00e3o cabia \u00e0 entidade discutir pol\u00edtica. Mas eles n\u00e3o puderam conter a felicidade e comemoraram a \u201csupera\u00e7\u00e3o de mais uma etapa da crise\u201d nessa nota oficial:<\/p>\n<p>A Band demonstrou mais uma vez sua fidelidade canina a Temer e, nas v\u00e9speras da vota\u00e7\u00e3o, deu voz aos empres\u00e1rios e especialistas que consideram um grande passo para o Brasil n\u00e3o autorizar abertura de investiga\u00e7\u00e3o de um presidente denunciado por corrup\u00e7\u00e3o passiva. Essa reportagem, cuja manchete \u00e9 \u201cPor avan\u00e7os, empres\u00e1rios defendem perman\u00eancia de Temer\u201d, \u00e9 uma demonstra\u00e7\u00e3o de carinho t\u00e3o grande que equivale a uma tatuagem com o nome do presidente no ombro. De henna, \u00e9 claro.<\/p>\n<p>Essa gente boa que at\u00e9 h\u00e1 pouco tempo estava disposta a passar o Brasil a limpo e combater a corrup\u00e7\u00e3o a todo custo, agora se preocupa em manter um presidente que j\u00e1 lhes entregou a reforma trabalhista e promete entregar a previdenci\u00e1ria \u2013 rejeitada pela maioria da popula\u00e7\u00e3o e que jamais seria avalizada pelas urnas. 2018 \u00e9 logo ali e eles t\u00eam pressa. N\u00e3o querem perder esta oportunidade \u00fanica de cumprir seus objetivos antes daquele dispositivo democr\u00e1tico e inconveniente chamado elei\u00e7\u00e3o. Toda aquela indigna\u00e7\u00e3o de outrora contra a corrup\u00e7\u00e3o agora murchou como o pato infl\u00e1vel da FIESP. A coluna de Arnaldo Jabor no dia seguinte \u00e0 vota\u00e7\u00e3o resume a l\u00f3gica da turma:  <\/p>\n<p>\u201cN\u00e3o sei se (o arquivamento da den\u00fancia) foi bom ou n\u00e3o. Mas certamente acho que foi mais pr\u00e1tico, mais simples. (\u2026) Essa crise foi produtiva para conscientizar a popula\u00e7\u00e3o sobre a urg\u00eancia de reformas que, de fato, transformem a realidade brasileira. Pode ser que tudo isso tamb\u00e9m motive o presidente Michel Temer a deixar um legado para o pa\u00eds.\u201d<\/p>\n<p>A Globo se manteve firme no objetivo de derrubar mais um presidente que ajudou a colocar no poder e foi a \u00fanica a transmitir ao vivo a vota\u00e7\u00e3o hist\u00f3rica em rede nacional. Deixou inclusive de exibir novelas e o Jornal Nacional, um fato rar\u00edssimo. Todas as outras emissoras n\u00e3o deram a mesma import\u00e2ncia \u2013 bastante diferente da igualmente hist\u00f3rica vota\u00e7\u00e3o do impeachment de Dilma, exibida ao vivo por todas emissoras, exceto o SBT. Talvez seja porque uma pedalada fiscal d\u00ea mais audi\u00eancia que transportar mala com meio milh\u00e3o em propinas.<\/p>\n<p>Apesar de haver menos holofotes, mais uma vez os deputados deram o seu show de horror. Se na vota\u00e7\u00e3o do impeachment de Dilma recorreram a Deus, \u00e0 fam\u00edlia brasileira e ao combate \u00e0 corrup\u00e7\u00e3o, e n\u00e3o \u00e0s pedaladas fiscais, para justificar seus votos, agora tamb\u00e9m recorreram a outros motivos alheios \u00e0 den\u00fancia da PGR, como a aprova\u00e7\u00e3o de reformas e a manuten\u00e7\u00e3o de uma estabilidade econ\u00f4mica que n\u00e3o existe.<\/p>\n<p>E, assim, o bonde do golpe vai concluindo seus principais objetivos com sucesso: implantar na marra um plano de governo de centro-direita que foi rejeitado por quatro vezes seguidas pelas urnas, estancar a sangria e delimitar a Lava Jato onde est\u00e1. Apesar dos percal\u00e7os no caminho, tudo parece estar se ajeitando favoravelmente. Nem A\u00e9cio ser\u00e1 comido.<\/p>\n","protected":false},"excerpt":{"rendered":"<p>O CONGRESSO mais conservador desde 1964 cumpriu o papel que lhe cabia na Opera\u00e7\u00e3o Estanca Sangria e enterrou a primeira den\u00fancia por corrup\u00e7\u00e3o passiva da hist\u00f3ria do pa\u00eds contra um presidente da Rep\u00fablica.<\/p>\n","protected":false},"author":1,"featured_media":12779,"comment_status":"closed","ping_status":"open","sticky":false,"template":"","format":"standard","meta":{"_exactmetrics_skip_tracking":false,"_exactmetrics_sitenote_active":false,"_exactmetrics_sitenote_note":"","_exactmetrics_sitenote_category":0,"jetpack_post_was_ever_published":false,"_jetpack_newsletter_access":"","_jetpack_dont_email_post_to_subs":false,"_jetpack_newsletter_tier_id":0,"_jetpack_memberships_contains_paywalled_content":false,"_jetpack_memberships_contains_paid_content":false,"footnotes":"","jetpack_publicize_message":"","jetpack_publicize_feature_enabled":true,"jetpack_social_post_already_shared":true,"jetpack_social_options":{"image_generator_settings":{"template":"highway","enabled":false},"version":2}},"categories":[1],"tags":[],"class_list":["post-12778","post","type-post","status-publish","format-standard","has-post-thumbnail","hentry","category-notas"],"jetpack_publicize_connections":[],"jetpack_sharing_enabled":true,"jetpack_featured_media_url":"https:\/\/i0.wp.com\/blogdalucianaoliveira.com.br\/blog\/wp-content\/uploads\/2017\/08\/merca.jpg?fit=956%2C500","jetpack_shortlink":"https:\/\/wp.me\/p7wKYW-3k6","jetpack-related-posts":[],"_links":{"self":[{"href":"http:\/\/blogdalucianaoliveira.com.br\/blog\/wp-json\/wp\/v2\/posts\/12778","targetHints":{"allow":["GET"]}}],"collection":[{"href":"http:\/\/blogdalucianaoliveira.com.br\/blog\/wp-json\/wp\/v2\/posts"}],"about":[{"href":"http:\/\/blogdalucianaoliveira.com.br\/blog\/wp-json\/wp\/v2\/types\/post"}],"author":[{"embeddable":true,"href":"http:\/\/blogdalucianaoliveira.com.br\/blog\/wp-json\/wp\/v2\/users\/1"}],"replies":[{"embeddable":true,"href":"http:\/\/blogdalucianaoliveira.com.br\/blog\/wp-json\/wp\/v2\/comments?post=12778"}],"version-history":[{"count":2,"href":"http:\/\/blogdalucianaoliveira.com.br\/blog\/wp-json\/wp\/v2\/posts\/12778\/revisions"}],"predecessor-version":[{"id":12804,"href":"http:\/\/blogdalucianaoliveira.com.br\/blog\/wp-json\/wp\/v2\/posts\/12778\/revisions\/12804"}],"wp:featuredmedia":[{"embeddable":true,"href":"http:\/\/blogdalucianaoliveira.com.br\/blog\/wp-json\/wp\/v2\/media\/12779"}],"wp:attachment":[{"href":"http:\/\/blogdalucianaoliveira.com.br\/blog\/wp-json\/wp\/v2\/media?parent=12778"}],"wp:term":[{"taxonomy":"category","embeddable":true,"href":"http:\/\/blogdalucianaoliveira.com.br\/blog\/wp-json\/wp\/v2\/categories?post=12778"},{"taxonomy":"post_tag","embeddable":true,"href":"http:\/\/blogdalucianaoliveira.com.br\/blog\/wp-json\/wp\/v2\/tags?post=12778"}],"curies":[{"name":"wp","href":"https:\/\/api.w.org\/{rel}","templated":true}]}}