{"id":1278,"date":"2016-05-26T15:40:06","date_gmt":"2016-05-26T19:40:06","guid":{"rendered":"http:\/\/blogdalucianaoliveira.com.br\/blog\/?p=1278"},"modified":"2016-05-26T15:40:06","modified_gmt":"2016-05-26T19:40:06","slug":"de-fernando-brito-para-cristovam-buarque","status":"publish","type":"post","link":"http:\/\/blogdalucianaoliveira.com.br\/blog\/2016\/05\/26\/de-fernando-brito-para-cristovam-buarque\/","title":{"rendered":"De Fernando Brito para Cristovam Buarque"},"content":{"rendered":"<p><img data-recalc-dims=\"1\" loading=\"lazy\" decoding=\"async\" data-attachment-id=\"1279\" data-permalink=\"http:\/\/blogdalucianaoliveira.com.br\/blog\/2016\/05\/26\/de-fernando-brito-para-cristovam-buarque\/image-286\/\" data-orig-file=\"https:\/\/i0.wp.com\/blogdalucianaoliveira.com.br\/blog\/wp-content\/uploads\/2016\/05\/image-252.jpeg?fit=545%2C270\" data-orig-size=\"545,270\" data-comments-opened=\"0\" data-image-meta=\"{&quot;aperture&quot;:&quot;0&quot;,&quot;credit&quot;:&quot;&quot;,&quot;camera&quot;:&quot;&quot;,&quot;caption&quot;:&quot;&quot;,&quot;created_timestamp&quot;:&quot;0&quot;,&quot;copyright&quot;:&quot;&quot;,&quot;focal_length&quot;:&quot;0&quot;,&quot;iso&quot;:&quot;0&quot;,&quot;shutter_speed&quot;:&quot;0&quot;,&quot;title&quot;:&quot;&quot;,&quot;orientation&quot;:&quot;0&quot;}\" data-image-title=\"image\" data-image-description=\"\" data-image-caption=\"\" data-medium-file=\"https:\/\/i0.wp.com\/blogdalucianaoliveira.com.br\/blog\/wp-content\/uploads\/2016\/05\/image-252.jpeg?fit=300%2C149\" data-large-file=\"https:\/\/i0.wp.com\/blogdalucianaoliveira.com.br\/blog\/wp-content\/uploads\/2016\/05\/image-252.jpeg?fit=545%2C270\" src=\"https:\/\/i0.wp.com\/blogdalucianaoliveira.com.br\/blog\/wp-content\/uploads\/2016\/05\/image-252.jpeg?resize=545%2C270\" alt=\"image\" width=\"545\" height=\"270\" class=\"alignnone size-full wp-image-1279\" srcset=\"https:\/\/i0.wp.com\/blogdalucianaoliveira.com.br\/blog\/wp-content\/uploads\/2016\/05\/image-252.jpeg?w=545 545w, https:\/\/i0.wp.com\/blogdalucianaoliveira.com.br\/blog\/wp-content\/uploads\/2016\/05\/image-252.jpeg?resize=300%2C149 300w\" sizes=\"auto, (max-width: 545px) 100vw, 545px\" \/><\/p>\n<p>Senador Cristovam Buarque,<\/p>\n<p>Sempre tive carinho e amizade pelo senhor e sei que a rec\u00edproca sempre foi verdadeira nos muitos anos em que convivemos no PDT.<!--more--><\/p>\n<p>Sei tamb\u00e9m das m\u00e1goas que guarda em rela\u00e7\u00e3o ao PT e a Lula. Todos sempre temos algumas e benditos aqueles que conseguem praticar os versos da Violeta Parra e deixam que o\u00a0amor \u2013 e as causas s\u00e3o amores, n\u00e3o s\u00e3o? \u2013 nos \u201caleje t\u00e3o dulcemente de rencores y violencias\u201d<\/p>\n<p>Sempre tivemos intimidade para brincar e me recordo de um dia, naqueles tempos em que o senhor defendia a perman\u00eancia provis\u00f3ria de Pedro Malan e Arm\u00ednio Fraga no comando da economia, como forma de dar ao \u201cmercado\u201d a tranquilidade com a mudan\u00e7a de governo da sua cara de espanto quando, imitando a voz do velho Brizola, perguntei se o senhor conhecia a \u201cS\u00edndrome de Estoc\u00f4lmo\u201d, assim mesmo, com o O fechado como ele falava, que era aquela onde o sequestrado se apaixonava pelo sequestrador.<\/p>\n<p>Era s\u00e9rio, mas demos boas risadas, que a alma leve \u00e9 privil\u00e9gio dos homens de bem.<\/p>\n<p>Hoje, por\u00e9m, n\u00e3o d\u00e1 para dar risada.<\/p>\n<p>N\u00e3o vou tratar como piada a ida de Alexandre Frota ao Minist\u00e9rio da Educa\u00e7\u00e3o entregar, segundo ele disse \u201cuma pauta para a educa\u00e7\u00e3o\u201d no Brasil, na qual destaca-se uma baboseira chamada \u201cescola sem partido\u201d, que diz que \u00e9 para impedir a doutrina\u00e7\u00e3o e \u00e9 para estabelecer a discrimina\u00e7\u00e3o ideol\u00f3gica nos col\u00e9gios e universidades.<\/p>\n<p>Aquela que eu, como aluno de escolas p\u00fablicas e o senhor, como aluno e depois professor, tamb\u00e9m viu. Aquela que jogou pelos caminhos do mundo, no ex\u00edlio, o nosso querido Darcy Ribeiro, que sabia conviver com os \u00edndios, mas n\u00e3o com os selvagens de palet\u00f3 e gravata.<\/p>\n<p>\u00c9 este o Governo que, infelizmente, o seu voto no Senado ajudou a instalar, o\u00a0que n\u00e3o ouve as ideias generosas, mas est\u00e1 aberto a ouvir e acumpliciar-se \u00e0s mesquinhas, encarnadas num sujeito que se notabilizou, na horizontal e na vertical, por transformar em brutalidade o que deveria ser o gesto mais delicado a unir pessoas.<\/p>\n<p>N\u00e3o vou conden\u00e1-lo ainda ao desprezo, que \u00e9 a morte em vida, Senador, porque me lembro do que dizia Brizola ser um direito humano: o de mudar.<\/p>\n<p>Mas vou esperar que, diante desta bofetada em sua causa \u2013 na nossa causa \u2013 a da Educa\u00e7\u00e3o,\u00a0o senhor anuncie que seu voto ser\u00e1 n\u00e3o ao impeachment e n\u00e3o a este destino ingl\u00f3rio do MEC. Que j\u00e1 foi ocupado por gente conservadora, como Gustavo Capanema, mas decente.<\/p>\n<p>E e espero para j\u00e1, senador, porque a cabe\u00e7a pode se confundir, mas o est\u00f4mago sente na hora o que est\u00e1 estragado e podre.<\/p>\n<p>Talvez aquele senhor musculoso e brucutu n\u00e3o saiba, mas n\u00e3o fez at\u00e9 hoje nenhuma cena mais pornogr\u00e1fica \u00a0que a de hoje, \u201centregando propostas\u201d ao Ministro da Educa\u00e7\u00e3o.<\/p>\n<p>Espero, de cora\u00e7\u00e3o, que o senhor, a esta altura da vida, n\u00e3o se preste a ser ator coadjuvante de Alexandre Frota.<\/p>\n<p>Fernando Brito<br \/>\nBlog Tijola\u00e7o<\/p>\n","protected":false},"excerpt":{"rendered":"<p>Senador Cristovam Buarque, Sempre tive carinho e amizade pelo senhor e sei que a rec\u00edproca sempre foi verdadeira nos muitos anos em que convivemos no PDT.<\/p>\n","protected":false},"author":1,"featured_media":0,"comment_status":"closed","ping_status":"open","sticky":false,"template":"","format":"standard","meta":{"_exactmetrics_skip_tracking":false,"_exactmetrics_sitenote_active":false,"_exactmetrics_sitenote_note":"","_exactmetrics_sitenote_category":0,"jetpack_post_was_ever_published":false,"_jetpack_newsletter_access":"","_jetpack_dont_email_post_to_subs":false,"_jetpack_newsletter_tier_id":0,"_jetpack_memberships_contains_paywalled_content":false,"_jetpack_memberships_contains_paid_content":false,"footnotes":"","jetpack_publicize_message":"","jetpack_publicize_feature_enabled":true,"jetpack_social_post_already_shared":true,"jetpack_social_options":{"image_generator_settings":{"template":"highway","enabled":false},"version":2}},"categories":[1],"tags":[81,40,82],"class_list":["post-1278","post","type-post","status-publish","format-standard","hentry","category-notas","tag-alexandre-frota","tag-cristovam-buarque","tag-mec"],"jetpack_publicize_connections":[],"jetpack_sharing_enabled":true,"jetpack_featured_media_url":"","jetpack_shortlink":"https:\/\/wp.me\/p7wKYW-kC","jetpack-related-posts":[],"_links":{"self":[{"href":"http:\/\/blogdalucianaoliveira.com.br\/blog\/wp-json\/wp\/v2\/posts\/1278","targetHints":{"allow":["GET"]}}],"collection":[{"href":"http:\/\/blogdalucianaoliveira.com.br\/blog\/wp-json\/wp\/v2\/posts"}],"about":[{"href":"http:\/\/blogdalucianaoliveira.com.br\/blog\/wp-json\/wp\/v2\/types\/post"}],"author":[{"embeddable":true,"href":"http:\/\/blogdalucianaoliveira.com.br\/blog\/wp-json\/wp\/v2\/users\/1"}],"replies":[{"embeddable":true,"href":"http:\/\/blogdalucianaoliveira.com.br\/blog\/wp-json\/wp\/v2\/comments?post=1278"}],"version-history":[{"count":1,"href":"http:\/\/blogdalucianaoliveira.com.br\/blog\/wp-json\/wp\/v2\/posts\/1278\/revisions"}],"predecessor-version":[{"id":1280,"href":"http:\/\/blogdalucianaoliveira.com.br\/blog\/wp-json\/wp\/v2\/posts\/1278\/revisions\/1280"}],"wp:attachment":[{"href":"http:\/\/blogdalucianaoliveira.com.br\/blog\/wp-json\/wp\/v2\/media?parent=1278"}],"wp:term":[{"taxonomy":"category","embeddable":true,"href":"http:\/\/blogdalucianaoliveira.com.br\/blog\/wp-json\/wp\/v2\/categories?post=1278"},{"taxonomy":"post_tag","embeddable":true,"href":"http:\/\/blogdalucianaoliveira.com.br\/blog\/wp-json\/wp\/v2\/tags?post=1278"}],"curies":[{"name":"wp","href":"https:\/\/api.w.org\/{rel}","templated":true}]}}