{"id":12838,"date":"2017-08-09T11:16:18","date_gmt":"2017-08-09T15:16:18","guid":{"rendered":"http:\/\/blogdalucianaoliveira.com.br\/blog\/?p=12838"},"modified":"2017-08-09T11:57:46","modified_gmt":"2017-08-09T15:57:46","slug":"aecio-atinge-nivel-maximo-de-desfacatez-ao-defender-democracia-na-venezuela","status":"publish","type":"post","link":"http:\/\/blogdalucianaoliveira.com.br\/blog\/2017\/08\/09\/aecio-atinge-nivel-maximo-de-desfacatez-ao-defender-democracia-na-venezuela\/","title":{"rendered":"A\u00c9CIO ATINGE N\u00cdVEL M\u00c1XIMO DE DESFA\u00c7ATEZ AO DEFENDER DEMOCRACIA NA VENEZUELA"},"content":{"rendered":"<p style=\"text-align: left;\"><img data-recalc-dims=\"1\" loading=\"lazy\" decoding=\"async\" data-attachment-id=\"12840\" data-permalink=\"http:\/\/blogdalucianaoliveira.com.br\/blog\/2017\/08\/09\/aecio-atinge-nivel-maximo-de-desfacatez-ao-defender-democracia-na-venezuela\/acio2\/\" data-orig-file=\"https:\/\/i0.wp.com\/blogdalucianaoliveira.com.br\/blog\/wp-content\/uploads\/2017\/08\/acio2.jpg?fit=516%2C681\" data-orig-size=\"516,681\" data-comments-opened=\"0\" data-image-meta=\"{&quot;aperture&quot;:&quot;0&quot;,&quot;credit&quot;:&quot;&quot;,&quot;camera&quot;:&quot;&quot;,&quot;caption&quot;:&quot;&quot;,&quot;created_timestamp&quot;:&quot;0&quot;,&quot;copyright&quot;:&quot;&quot;,&quot;focal_length&quot;:&quot;0&quot;,&quot;iso&quot;:&quot;0&quot;,&quot;shutter_speed&quot;:&quot;0&quot;,&quot;title&quot;:&quot;&quot;,&quot;orientation&quot;:&quot;0&quot;}\" data-image-title=\"acio2\" data-image-description=\"\" data-image-caption=\"\" data-medium-file=\"https:\/\/i0.wp.com\/blogdalucianaoliveira.com.br\/blog\/wp-content\/uploads\/2017\/08\/acio2.jpg?fit=227%2C300\" data-large-file=\"https:\/\/i0.wp.com\/blogdalucianaoliveira.com.br\/blog\/wp-content\/uploads\/2017\/08\/acio2.jpg?fit=516%2C681\" class=\"alignnone size-full wp-image-12840\" src=\"https:\/\/i0.wp.com\/blogdalucianaoliveira.com.br\/blog\/wp-content\/uploads\/2017\/08\/acio2.jpg?resize=516%2C681\" alt=\"acio2\" width=\"516\" height=\"681\" srcset=\"https:\/\/i0.wp.com\/blogdalucianaoliveira.com.br\/blog\/wp-content\/uploads\/2017\/08\/acio2.jpg?w=516 516w, https:\/\/i0.wp.com\/blogdalucianaoliveira.com.br\/blog\/wp-content\/uploads\/2017\/08\/acio2.jpg?resize=227%2C300 227w\" sizes=\"auto, (max-width: 516px) 100vw, 516px\" \/><\/p>\n<p style=\"text-align: left;\">O senador moribundo, A\u00e9cio Neves, que confessou ao empres\u00e1rio corrupto, Joesley Batista, que o PSDB ajuizou a\u00e7\u00e3o pra cassar a chapa Dilma-Temer s\u00f3 pra \u201cencher o saco\u201d do PT, sugeriu censura ao regime do presidente Nicol\u00e1s Maduro na Venezuela.<\/p>\n<p style=\"text-align: left;\">O l\u00edder do golpe que substituiu uma presidenta eleita por um golpista corrupto e incompetente, respons\u00e1vel maior pelo caos pol\u00edtico e econ\u00f4mico no Brasil, quer ensinar ao pa\u00eds vizinho como proteger sua democracia, sem moral alguma pra isso.<!--more--><\/p>\n<p style=\"text-align: left;\">A\u00e9cio Neves se colocou como representante das for\u00e7as democr\u00e1ticas do mundo ao defender a aprova\u00e7\u00e3o de um voto de censura a Maduro, que segundo ele, reage \u00e0 nova investida de golpe da direita com autoritarismo e viol\u00eancia.<\/p>\n<p style=\"text-align: left;\">\u201cN\u00e3o se trata de manifesta\u00e7\u00e3o pol\u00edtica, mas de solidariedade. Uma manifesta\u00e7\u00e3o humanit\u00e1ria. Uma manifesta\u00e7\u00e3o em favor da democracia\u201d, disse o sem vergonha.<\/p>\n<p style=\"text-align: left;\">Para A\u00e9cio, a democracia vigora plenamente no Brasil porque houve rea\u00e7\u00e3o popular intensa, o que pode ser confirmado \u201crevivendo o passado\u201d de outras na\u00e7\u00f5es.<\/p>\n<p style=\"text-align: left;\">Faltou o tucano real\u00e7ar que pra entender o que se passa na Venezuela \u00e9 preciso voltar\u00a0na tentativa de golpe da direita em 2002. Pra impedir um presidente com forte liga\u00e7\u00e3o popular de praticar pol\u00edticas sociais que contrariaram a burguesia local e o capital estrangeiro, incitaram manifesta\u00e7\u00f5es violentas que condenaram o povo \u00e0 divis\u00e3o ideol\u00f3gica radical.<\/p>\n<p style=\"text-align: left;\">Ali\u00e1s, \u00e9 fundamental revisitar o passado do vizinho para tamb\u00e9m entender o que ocorre no Brasil por conta do golpe de 2016.<\/p>\n<p style=\"text-align: left;\">Hugo Chavez, entrincheirado no pal\u00e1cio presidencial, foi sequestrado por militares e Pedro Carmona, o Paulo Skaff da Venezuela, tomou seu lugar.<\/p>\n<p style=\"text-align: left;\">Bastou desgra\u00e7adas 40 e poucas horas para a direita golpista aniquilar a democracia na Venezuela. Carmona dissolveu todos os poderes por decreto, imp\u00f4s repress\u00e3o violenta a quem se opusesse e censura aos meios de comunica\u00e7\u00e3o.<\/p>\n<p style=\"text-align: left;\">Por tr\u00e1s de Carmona havia poderosas for\u00e7as econ\u00f4micas que queriam manter \u00a0privil\u00e9gios\u00a0de d\u00e9cadas, com total indiferen\u00e7a \u00e0 desigualdade no pa\u00eds.<\/p>\n<p style=\"text-align: left;\">A tentativa de tomar o poder na Venezuela seguiu o padr\u00e3o direita de golpe que apeou do poder a presidenta eleita, Dilma Rousseff.<\/p>\n<p style=\"text-align: left;\">A m\u00eddia foi usada para desqualificar o governo de Hugo Ch\u00e1vez e provocar como\u00e7\u00e3o popular com um fato manipulado e potencializado que \u2018justificasse\u2019 a interven\u00e7\u00e3o militar.<\/p>\n<p style=\"text-align: left;\">O caos eclodiu ap\u00f3s Ch\u00e1vez romper com o dom\u00ednio de Washington e da oligarquia local, assumindo o controle da petrol\u00edfera estatal PDVSA.<\/p>\n<p style=\"text-align: left;\">Para o presidente de origem humilde, era inadi\u00e1vel usar a renda do petr\u00f3leo em programas sociais e na melhoria dos servi\u00e7os p\u00fablicos.<\/p>\n<p style=\"text-align: left;\">E, claro que a classe empresarial e os controladores estrangeiros do ouro negro reagiram imediatamente.<\/p>\n<p style=\"text-align: left;\">Como fazem agora, de olho no que est\u00e1 debaixo do solo venezuelano, recusam a Constituinte convocada por Maduro e manifestam rep\u00fadio \u00e0 resist\u00eancia a um novo golpe da direita pela viol\u00eancia que dela resulta.<\/p>\n<p style=\"text-align: left;\">N\u00e3o cabe uma an\u00e1lise superficial do que acontece na Venezuela e A\u00e9cio Neves n\u00e3o percebeu, mas deixou claro por que. \u00c9 preciso reviver o passado.<\/p>\n<p style=\"text-align: left;\">Tem um document\u00e1rio muito bom sobre como a direita se op\u00f4s a um governo leg\u00edtimo pra \u2018restaurar\u2019 a democracia, \u00a0<a href=\"https:\/\/www.youtube.com\/watch?v=MTui69j4XvQ\">A Revolu\u00e7\u00e3o n\u00e3o Ser\u00e1 Televisionada<\/a>, de Kim Bartley e Donnacha O\u2019Briain. Assista clicando no t\u00edtulo. Tentar compreender como o povo venezuelano atingiu um n\u00edvel t\u00e3o alto de embrutecimento, n\u00e3o \u00e9 justificar.<\/p>\n<p style=\"text-align: left;\">Agora, [\u00e9 flagrante o descaramento da direita no Brasil e na Venezuela, nem um pouco preocupadas com a democracia aqui e l\u00e1, mas em impor uma agenda em favor dos que t\u00eam mais e os que t\u00eam menos que se danem.<\/p>\n<p style=\"text-align: left;\">Quanto ao pedido de censura sugerido por A\u00e9cio Neves, resta fazer chacota da sua aus\u00eancia de autoridade moral para defender a democracia na Venezuela ou sugerir que ele revisite o que se passou l\u00e1 h\u00e1 15 anos, ou h\u00e1 tr\u00eas no Brasil.<\/p>\n<p style=\"text-align: left;\">O senador que deu in\u00edcio a um boicote parlamentar-midi\u00e1tico-judicial contra o governo eleito em 2014 no Brasil, bem semelhante ao que Hugo Ch\u00e1vez foi submetido, n\u00e3o tem um pingo de vergonha na cara ao falar em defesa da democracia.<\/p>\n<p style=\"text-align: left;\">A\u00e9cio Neves, que escolheu o primo pra receber dinheiro do empres\u00e1rio corrupto, porque caso fosse descoberto o \u2018neg\u00f3cio\u2019 tinha que ser algu\u00e9m que pudesse matar \u201cantes de fazer a dela\u00e7\u00e3o\u201d, se diz chocado com a viol\u00eancia na Venezuela?<\/p>\n<p style=\"text-align: left;\">O tucano quer estimular outro golpe, desta vez em outro pa\u00eds, \u201cs\u00f3 pra encher o saco\u201d da esquerda?<\/p>\n<p style=\"text-align: left;\">A \u00faltima vez que A\u00e9cio tentou interferir na crise pol\u00edtica da Venezuela, foi enxotado com uma comitiva de senadores tentando visitar o l\u00edder da oposi\u00e7\u00e3o, Leopoldo L\u00f3pez, em Caracas.<\/p>\n<p style=\"text-align: left;\">Vai l\u00e1 A\u00e9cio! Pelo recado que Maduro mandou a Temer, ser\u00e1 bem recebido.<\/p>\n<p style=\"text-align: left;\">\u00a0rsrs<\/p>\n<p style=\"text-align: left;\"><em>\u00a0<\/em><\/p>\n<div class=\"jetpack-video-wrapper\"><span class=\"embed-youtube\" style=\"text-align:center; display: block;\"><iframe loading=\"lazy\" class=\"youtube-player\" width=\"600\" height=\"338\" src=\"https:\/\/www.youtube.com\/embed\/XwV2YC0D8X8?version=3&#038;rel=1&#038;showsearch=0&#038;showinfo=1&#038;iv_load_policy=1&#038;fs=1&#038;hl=pt-BR&#038;autohide=2&#038;wmode=transparent\" allowfullscreen=\"true\" style=\"border:0;\" sandbox=\"allow-scripts allow-same-origin allow-popups allow-presentation allow-popups-to-escape-sandbox\"><\/iframe><\/span><\/div>\n<p style=\"text-align: left;\"><em>\u00a0<\/em><\/p>\n<p>&nbsp;<\/p>\n<p>&nbsp;<\/p>\n<p>&nbsp;<\/p>\n<p>&nbsp;<\/p>\n<p>&nbsp;<\/p>\n<p>&nbsp;<\/p>\n<p>&nbsp;<\/p>\n<p>&nbsp;<\/p>\n<p>&nbsp;<\/p>\n<p>&nbsp;<\/p>\n<p>&nbsp;<\/p>\n<p>&nbsp;<\/p>\n<p><!--more--><\/p>\n","protected":false},"excerpt":{"rendered":"<p>O senador moribundo, A\u00e9cio Neves, que confessou ao empres\u00e1rio corrupto, Joesley Batista, que o PSDB ajuizou a\u00e7\u00e3o pra cassar a chapa Dilma-Temer s\u00f3 pra \u201cencher o saco\u201d do PT, sugeriu censura ao regime do presidente Nicol\u00e1s Maduro na Venezuela. O l\u00edder do golpe que substituiu uma presidenta eleita por um golpista corrupto e incompetente, respons\u00e1vel&#8230;<a class=\"more-link\" href=\"http:\/\/blogdalucianaoliveira.com.br\/blog\/2017\/08\/09\/aecio-atinge-nivel-maximo-de-desfacatez-ao-defender-democracia-na-venezuela\/\">Continue a leitura <span class=\"meta-nav\">&raquo;<\/span><\/a><\/p>\n","protected":false},"author":1,"featured_media":0,"comment_status":"closed","ping_status":"open","sticky":false,"template":"","format":"standard","meta":{"_exactmetrics_skip_tracking":false,"_exactmetrics_sitenote_active":false,"_exactmetrics_sitenote_note":"","_exactmetrics_sitenote_category":0,"jetpack_post_was_ever_published":false,"_jetpack_newsletter_access":"","_jetpack_dont_email_post_to_subs":false,"_jetpack_newsletter_tier_id":0,"_jetpack_memberships_contains_paywalled_content":false,"_jetpack_memberships_contains_paid_content":false,"footnotes":"","jetpack_publicize_message":"","jetpack_publicize_feature_enabled":true,"jetpack_social_post_already_shared":true,"jetpack_social_options":{"image_generator_settings":{"template":"highway","enabled":false},"version":2}},"categories":[1],"tags":[],"class_list":["post-12838","post","type-post","status-publish","format-standard","hentry","category-notas"],"jetpack_publicize_connections":[],"jetpack_sharing_enabled":true,"jetpack_featured_media_url":"","jetpack_shortlink":"https:\/\/wp.me\/p7wKYW-3l4","jetpack-related-posts":[],"_links":{"self":[{"href":"http:\/\/blogdalucianaoliveira.com.br\/blog\/wp-json\/wp\/v2\/posts\/12838","targetHints":{"allow":["GET"]}}],"collection":[{"href":"http:\/\/blogdalucianaoliveira.com.br\/blog\/wp-json\/wp\/v2\/posts"}],"about":[{"href":"http:\/\/blogdalucianaoliveira.com.br\/blog\/wp-json\/wp\/v2\/types\/post"}],"author":[{"embeddable":true,"href":"http:\/\/blogdalucianaoliveira.com.br\/blog\/wp-json\/wp\/v2\/users\/1"}],"replies":[{"embeddable":true,"href":"http:\/\/blogdalucianaoliveira.com.br\/blog\/wp-json\/wp\/v2\/comments?post=12838"}],"version-history":[{"count":14,"href":"http:\/\/blogdalucianaoliveira.com.br\/blog\/wp-json\/wp\/v2\/posts\/12838\/revisions"}],"predecessor-version":[{"id":12853,"href":"http:\/\/blogdalucianaoliveira.com.br\/blog\/wp-json\/wp\/v2\/posts\/12838\/revisions\/12853"}],"wp:attachment":[{"href":"http:\/\/blogdalucianaoliveira.com.br\/blog\/wp-json\/wp\/v2\/media?parent=12838"}],"wp:term":[{"taxonomy":"category","embeddable":true,"href":"http:\/\/blogdalucianaoliveira.com.br\/blog\/wp-json\/wp\/v2\/categories?post=12838"},{"taxonomy":"post_tag","embeddable":true,"href":"http:\/\/blogdalucianaoliveira.com.br\/blog\/wp-json\/wp\/v2\/tags?post=12838"}],"curies":[{"name":"wp","href":"https:\/\/api.w.org\/{rel}","templated":true}]}}