{"id":12855,"date":"2017-08-09T16:13:07","date_gmt":"2017-08-09T20:13:07","guid":{"rendered":"http:\/\/blogdalucianaoliveira.com.br\/blog\/?p=12855"},"modified":"2017-08-09T16:13:07","modified_gmt":"2017-08-09T20:13:07","slug":"jones-huala-o-lider-indigena-em-greve-de-fome-que-abala-a-argentina-e-o-chile","status":"publish","type":"post","link":"http:\/\/blogdalucianaoliveira.com.br\/blog\/2017\/08\/09\/jones-huala-o-lider-indigena-em-greve-de-fome-que-abala-a-argentina-e-o-chile\/","title":{"rendered":"Jones Huala, o l\u00edder ind\u00edgena em greve de fome que abala a Argentina e o Chile"},"content":{"rendered":"<p><img data-recalc-dims=\"1\" loading=\"lazy\" decoding=\"async\" data-attachment-id=\"12854\" data-permalink=\"http:\/\/blogdalucianaoliveira.com.br\/blog\/2017\/08\/03\/mais-uma-pra-tirada-do-saudoso-tim-maia\/img_3089\/\" data-orig-file=\"https:\/\/i0.wp.com\/blogdalucianaoliveira.com.br\/blog\/wp-content\/uploads\/2017\/08\/IMG_3089.jpg?fit=980%2C571\" data-orig-size=\"980,571\" data-comments-opened=\"0\" data-image-meta=\"{&quot;aperture&quot;:&quot;0&quot;,&quot;credit&quot;:&quot;&quot;,&quot;camera&quot;:&quot;&quot;,&quot;caption&quot;:&quot;&quot;,&quot;created_timestamp&quot;:&quot;0&quot;,&quot;copyright&quot;:&quot;&quot;,&quot;focal_length&quot;:&quot;0&quot;,&quot;iso&quot;:&quot;0&quot;,&quot;shutter_speed&quot;:&quot;0&quot;,&quot;title&quot;:&quot;&quot;,&quot;orientation&quot;:&quot;0&quot;}\" data-image-title=\"IMG_3089\" data-image-description=\"\" data-image-caption=\"\" data-medium-file=\"https:\/\/i0.wp.com\/blogdalucianaoliveira.com.br\/blog\/wp-content\/uploads\/2017\/08\/IMG_3089.jpg?fit=300%2C175\" data-large-file=\"https:\/\/i0.wp.com\/blogdalucianaoliveira.com.br\/blog\/wp-content\/uploads\/2017\/08\/IMG_3089.jpg?fit=600%2C350\" src=\"https:\/\/i0.wp.com\/blogdalucianaoliveira.com.br\/blog\/wp-content\/uploads\/2017\/08\/IMG_3089.jpg?resize=600%2C350\" alt=\"IMG_3089\" width=\"600\" height=\"350\" class=\"alignnone size-full wp-image-12854\" srcset=\"https:\/\/i0.wp.com\/blogdalucianaoliveira.com.br\/blog\/wp-content\/uploads\/2017\/08\/IMG_3089.jpg?w=980 980w, https:\/\/i0.wp.com\/blogdalucianaoliveira.com.br\/blog\/wp-content\/uploads\/2017\/08\/IMG_3089.jpg?resize=300%2C175 300w, https:\/\/i0.wp.com\/blogdalucianaoliveira.com.br\/blog\/wp-content\/uploads\/2017\/08\/IMG_3089.jpg?resize=768%2C447 768w, https:\/\/i0.wp.com\/blogdalucianaoliveira.com.br\/blog\/wp-content\/uploads\/2017\/08\/IMG_3089.jpg?resize=515%2C300 515w\" sizes=\"auto, (max-width: 600px) 100vw, 600px\" \/><\/p>\n<p>\u201cSou um s\u00edmbolo da luta de meu povo\u201d, fala da pris\u00e3o o chefe do grupo que ocupou terras da Benetton.<!--more--><\/p>\n<p>El Pa\u00eds, por Ramiro Barrero <\/p>\n<p>A Argentina e o Chile o chamam de terrorista, e h\u00e1 mais de um m\u00eas est\u00e1 na pris\u00e3o de Esquel, a 1.800 quil\u00f4metros de Buenos Aires, \u00e0 espera de uma poss\u00edvel extradi\u00e7\u00e3o, mas nenhum dos dois pa\u00edses parece capaz de controlar Facundo Jones Huala, o l\u00edder mapuche que conseguiu chamar a aten\u00e7\u00e3o internacional com sua ocupa\u00e7\u00e3o das terras da Benetton na Patag\u00f4nia, onde a empresa italiana tem quase um milh\u00e3o de hectares. Da pris\u00e3o, ele se defende em uma conversa com o EL PA\u00cdS e nega as acusa\u00e7\u00f5es de que seja terrorista.<\/p>\n<p>Os seguidores de Jones Huala, que n\u00e3o param de protestar pedindo sua liberta\u00e7\u00e3o, protagonizaram numerosas manifesta\u00e7\u00f5es nessa regi\u00e3o do pa\u00eds que terminaram em repress\u00e3o por parte das for\u00e7as policiais argentinas, com feridos e presos. A \u00faltima aconteceu na segunda-feira, em Bariloche, quando ficaram feridos uma irm\u00e3 e dois primos de Huala e nove pessoas foram presas. Em Buenos Aires, vinte mascarados destru\u00edram a casa da Prov\u00edncia de Chubut e, antes de escaparem, deixaram panfletos assinados pela Resist\u00eancia Ancestral Mapuche (RAM).<\/p>\n<p>O Chile entende que o lonco (como s\u00e3o chamados os chefes mapuches) \u00e9 o principal respons\u00e1vel pelo inc\u00eandio de um latif\u00fandio em janeiro de 2013, e pede sua extradi\u00e7\u00e3o para julg\u00e1-lo como terrorista, uma acusa\u00e7\u00e3o pela qual pode ser condenado a 18 anos de pris\u00e3o. A Suprema Corte argentina nega a entrega do acusado, mas a justi\u00e7a comum iniciou outro julgamento contra ele pela mesma causa.<\/p>\n<p>Em 27 de julho, os presidentes Mauricio Macri e Michelle Bachelet tiveram um novo encontro diplom\u00e1tico no Chile, no qual comemoraram \u201cter dado um novo impulso entre os dois pa\u00edses nas boas rela\u00e7\u00f5es e na integra\u00e7\u00e3o\u201d. Ao mesmo tempo, em um controle na prov\u00edncia de Rio Negro, a Pol\u00edcia argentina prendeu o lonco mapuche Facundo Jones Huala, que possu\u00eda um pedido de captura internacional. Ele \u00e9 acusado pelo inc\u00eandio no latif\u00fandio Pisu Pisu\u00e9, na regi\u00e3o chilena de Los R\u00edos, em 2013, al\u00e9m do porte ilegal de armas de fabrica\u00e7\u00e3o caseira e a infra\u00e7\u00e3o da Lei da Estraneidade.<\/p>\n<p>\u201cEstou preso por ser um militante e um s\u00edmbolo da resist\u00eancia de meu povo, por expressar o que pensam milhares de mapuches e de outras comunidades\u201d, afirma ao EL PA\u00cdS da Unidade Penitenci\u00e1ria 14 de Esquel, onde est\u00e1 preso. Ele iniciou uma greve de fome de seis dias, que j\u00e1 o fez perder mais de dois quilos. \u201cEstamos cansados da opress\u00e3o, do roubo de nossas terras e que nos matem e nos prendam quando querem. Meu grito de resist\u00eancia deu alguma esperan\u00e7a \u00e0s pessoas que come\u00e7aram a se mobilizar para recuperarmos nossas terras\u201d, afirma.<\/p>\n<p>Jones Huala lidera o grupo que ocupou uma pequena parte das terras da Benetton. A pol\u00edcia tentou retir\u00e1-los de l\u00e1 v\u00e1rias vezes, algumas de forma violenta, mas at\u00e9 agora n\u00e3o conseguiu. Nessa semana, os companheiros de Huala denunciaram que a Pol\u00edcia entrou a tiros na comunidade e desatou outra forte repress\u00e3o. Uma pessoa ainda est\u00e1 desaparecida. \u201cEles me disseram que existe uma ordem de reprimir qualquer manifesta\u00e7\u00e3o mapuche. Est\u00e3o militarizando Bariloche, Esquel e El Bols\u00f3n e eu estou sendo submetido a um duplo processo quando ningu\u00e9m pode ser julgado duas vezes pela mesma causa\u201d, protesta Huala.<\/p>\n<p><img data-recalc-dims=\"1\" loading=\"lazy\" decoding=\"async\" data-attachment-id=\"12856\" data-permalink=\"http:\/\/blogdalucianaoliveira.com.br\/blog\/2017\/08\/09\/jones-huala-o-lider-indigena-em-greve-de-fome-que-abala-a-argentina-e-o-chile\/img_3090\/\" data-orig-file=\"https:\/\/i0.wp.com\/blogdalucianaoliveira.com.br\/blog\/wp-content\/uploads\/2017\/08\/IMG_3090.jpg?fit=980%2C655\" data-orig-size=\"980,655\" data-comments-opened=\"0\" data-image-meta=\"{&quot;aperture&quot;:&quot;0&quot;,&quot;credit&quot;:&quot;&quot;,&quot;camera&quot;:&quot;&quot;,&quot;caption&quot;:&quot;&quot;,&quot;created_timestamp&quot;:&quot;0&quot;,&quot;copyright&quot;:&quot;&quot;,&quot;focal_length&quot;:&quot;0&quot;,&quot;iso&quot;:&quot;0&quot;,&quot;shutter_speed&quot;:&quot;0&quot;,&quot;title&quot;:&quot;&quot;,&quot;orientation&quot;:&quot;0&quot;}\" data-image-title=\"IMG_3090\" data-image-description=\"\" data-image-caption=\"\" data-medium-file=\"https:\/\/i0.wp.com\/blogdalucianaoliveira.com.br\/blog\/wp-content\/uploads\/2017\/08\/IMG_3090.jpg?fit=300%2C201\" data-large-file=\"https:\/\/i0.wp.com\/blogdalucianaoliveira.com.br\/blog\/wp-content\/uploads\/2017\/08\/IMG_3090.jpg?fit=600%2C401\" src=\"https:\/\/i0.wp.com\/blogdalucianaoliveira.com.br\/blog\/wp-content\/uploads\/2017\/08\/IMG_3090.jpg?resize=600%2C401\" alt=\"IMG_3090\" width=\"600\" height=\"401\" class=\"alignnone size-full wp-image-12856\" srcset=\"https:\/\/i0.wp.com\/blogdalucianaoliveira.com.br\/blog\/wp-content\/uploads\/2017\/08\/IMG_3090.jpg?w=980 980w, https:\/\/i0.wp.com\/blogdalucianaoliveira.com.br\/blog\/wp-content\/uploads\/2017\/08\/IMG_3090.jpg?resize=300%2C201 300w, https:\/\/i0.wp.com\/blogdalucianaoliveira.com.br\/blog\/wp-content\/uploads\/2017\/08\/IMG_3090.jpg?resize=768%2C513 768w, https:\/\/i0.wp.com\/blogdalucianaoliveira.com.br\/blog\/wp-content\/uploads\/2017\/08\/IMG_3090.jpg?resize=449%2C300 449w\" sizes=\"auto, (max-width: 600px) 100vw, 600px\" \/><\/p>\n<p>\u00c9 a segunda vez que o lonco \u00e9 enviado a essa pris\u00e3o. Tamb\u00e9m esteve l\u00e1 no ano passado, \u00e0 espera de que o juiz federal de Esquel decidisse se seu caso merecia ou n\u00e3o a extradi\u00e7\u00e3o. A Justi\u00e7a por fim lhe deu raz\u00e3o, por isso sua defensora, Elizabeth G\u00f3mez Alcorta, denuncia \u201cuma dupla persegui\u00e7\u00e3o simult\u00e2nea\u201d pela nova deten\u00e7\u00e3o. \u201cA extradi\u00e7\u00e3o foi discutida em um primeiro julgamento e Otranto declarou nulo o procedimento. A promotora Avila apelou \u00e0 Suprema Corte, mas na quinta-feira confirmaram a decis\u00e3o do juiz. Em 27 de julho foi iniciado um novo procedimento pedindo o mesmo ao juiz federal de Bariloche, pelos mesmos fatos e no mesmo pa\u00eds\u201d, afirmou. Para a advogada, a decis\u00e3o do m\u00e1ximo tribunal abre duas possibilidades: \u201cPor um lado nos d\u00e3o a raz\u00e3o e por outro, habilitam a discuss\u00e3o sobre se Facundo pode ou n\u00e3o ser julgado outra vez\u201d.<\/p>\n<p>Um porta-voz do Governo de Chubut, a prov\u00edncia em que Jones Huala est\u00e1 detido, afirma ao EL PA\u00cdS que o pr\u00f3prio governador, Mario das Neves, que sempre chamou esse grupo de mapuches de terroristas, falou na ter\u00e7a-feira com a ministra da Seguran\u00e7a da Na\u00e7\u00e3o, Patricia Bullrich, para pedir o envio de mais policiais \u00e0 regi\u00e3o e argumentou que Jones Huala n\u00e3o \u00e9 s\u00f3 mais um ind\u00edgena, \u201cfaz parte de outra coisa, com uma metodologia de viol\u00eancia que n\u00e3o aceitamos de nenhuma forma dirigida a pessoas indefesas. Da outra vez apedrejaram e amea\u00e7aram uma senhora, tamb\u00e9m queimaram o s\u00edtio de um homem, gente que n\u00e3o \u00e9 inimiga deles, mas pessoas comuns que est\u00e3o trabalhando\u201d.<\/p>\n<p>\u201cEu j\u00e1 fui jugado por isso no ano passado\u201d, afirma o lonco, \u201cO Estado argentino quer me enviar ao Chile e a solu\u00e7\u00e3o desse pa\u00eds sobre o conflito mapuche \u00e9 a pris\u00e3o ou a morte. Nesse ano duas pessoas j\u00e1 foram mortas no Chile por conflito de terras e aqui uma das secret\u00e1rias do juiz me disse que usava meu caso para dar aulas na faculdade. Brincam com minha liberdade\u201d. \u201cApresentamos um di\u00e1logo qualificado tanto na Argentina como no Chile, mas n\u00e3o se dignaram a dialogar porque defendem os interesses das grandes empresas e n\u00f3s mapuches somos um entrave para eles\u201d, diz Huala.<\/p>\n<p>Jones Huala nasceu em Bariloche h\u00e1 31 anos e tem um filho. Sua m\u00e3e e o restante de sua fam\u00edlia s\u00e3o desse local, a maioria desalojada em 1930, mas seu pai \u00e9 de Cushamen (200 quil\u00f4metros ao sul), onde est\u00e3o as terras ocupadas da Benetton. \u201cPor quest\u00f5es de linhagem, cabe a mim voltar \u00e0 terra de meu pai para ser o lonco de meu povo, que \u00e9 algo que n\u00e3o se escolhe\u201d.<\/p>\n<p>O conflito pelas terras com os Povos Origin\u00e1rios \u00e9 mais antigo do que a Argentina. Jones Huala n\u00e3o salva nenhum Governo. \u201cCom o kirchnerismo fomos reprimidos e vigiados, mas com o macrismo isso se multiplicou por tr\u00eas. Minha pris\u00e3o \u00e9 ilegal, considero que estou sequestrado pelo Estado. Por isso pedimos a solidariedade internacional e assim como muitos v\u00e3o \u00e0s ruas condenar o regime de Maduro, aqui, os Povos Origin\u00e1rios precisam que o mesmo seja feito com a repress\u00e3o brutal que existe contra as organiza\u00e7\u00f5es sociais e o povo mapuche\u201d, finaliza Huala. Fontes da Presid\u00eancia e da Chancelaria argentina disseram ao EL PA\u00cdS que esperam a decis\u00e3o da Justi\u00e7a para intervirem no assunto.<\/p>\n","protected":false},"excerpt":{"rendered":"<p>\u201cSou um s\u00edmbolo da luta de meu povo\u201d, fala da pris\u00e3o o chefe do grupo que ocupou terras da Benetton.<\/p>\n","protected":false},"author":1,"featured_media":0,"comment_status":"closed","ping_status":"open","sticky":false,"template":"","format":"standard","meta":{"_exactmetrics_skip_tracking":false,"_exactmetrics_sitenote_active":false,"_exactmetrics_sitenote_note":"","_exactmetrics_sitenote_category":0,"jetpack_post_was_ever_published":false,"_jetpack_newsletter_access":"","_jetpack_dont_email_post_to_subs":false,"_jetpack_newsletter_tier_id":0,"_jetpack_memberships_contains_paywalled_content":false,"_jetpack_memberships_contains_paid_content":false,"footnotes":"","jetpack_publicize_message":"","jetpack_publicize_feature_enabled":true,"jetpack_social_post_already_shared":true,"jetpack_social_options":{"image_generator_settings":{"template":"highway","enabled":false},"version":2}},"categories":[1],"tags":[],"class_list":["post-12855","post","type-post","status-publish","format-standard","hentry","category-notas"],"jetpack_publicize_connections":[],"jetpack_sharing_enabled":true,"jetpack_featured_media_url":"","jetpack_shortlink":"https:\/\/wp.me\/p7wKYW-3ll","jetpack-related-posts":[],"_links":{"self":[{"href":"http:\/\/blogdalucianaoliveira.com.br\/blog\/wp-json\/wp\/v2\/posts\/12855","targetHints":{"allow":["GET"]}}],"collection":[{"href":"http:\/\/blogdalucianaoliveira.com.br\/blog\/wp-json\/wp\/v2\/posts"}],"about":[{"href":"http:\/\/blogdalucianaoliveira.com.br\/blog\/wp-json\/wp\/v2\/types\/post"}],"author":[{"embeddable":true,"href":"http:\/\/blogdalucianaoliveira.com.br\/blog\/wp-json\/wp\/v2\/users\/1"}],"replies":[{"embeddable":true,"href":"http:\/\/blogdalucianaoliveira.com.br\/blog\/wp-json\/wp\/v2\/comments?post=12855"}],"version-history":[{"count":1,"href":"http:\/\/blogdalucianaoliveira.com.br\/blog\/wp-json\/wp\/v2\/posts\/12855\/revisions"}],"predecessor-version":[{"id":12857,"href":"http:\/\/blogdalucianaoliveira.com.br\/blog\/wp-json\/wp\/v2\/posts\/12855\/revisions\/12857"}],"wp:attachment":[{"href":"http:\/\/blogdalucianaoliveira.com.br\/blog\/wp-json\/wp\/v2\/media?parent=12855"}],"wp:term":[{"taxonomy":"category","embeddable":true,"href":"http:\/\/blogdalucianaoliveira.com.br\/blog\/wp-json\/wp\/v2\/categories?post=12855"},{"taxonomy":"post_tag","embeddable":true,"href":"http:\/\/blogdalucianaoliveira.com.br\/blog\/wp-json\/wp\/v2\/tags?post=12855"}],"curies":[{"name":"wp","href":"https:\/\/api.w.org\/{rel}","templated":true}]}}