{"id":12882,"date":"2017-08-10T10:25:16","date_gmt":"2017-08-10T14:25:16","guid":{"rendered":"http:\/\/blogdalucianaoliveira.com.br\/blog\/?p=12882"},"modified":"2017-08-10T10:25:16","modified_gmt":"2017-08-10T14:25:16","slug":"acorda-brasil-a-corda-ta-no-pescoco","status":"publish","type":"post","link":"http:\/\/blogdalucianaoliveira.com.br\/blog\/2017\/08\/10\/acorda-brasil-a-corda-ta-no-pescoco\/","title":{"rendered":"Acorda Brasil! A corda t\u00e1 no pesco\u00e7o"},"content":{"rendered":"<div class=\"fb-post\" data-href=\"https:\/\/www.facebook.com\/luciana.oliveira.75457\/posts\/1521693431239888\" data-width=\"552\"><\/div>\n<p>Brasileiros nanicos, reajam e se igualem a gigante octogen\u00e1ria, Luiza Erundina. <\/p>\n<p>A Comiss\u00e3o da C\u00e2mara &#8220;aprovou dobrar o valor previsto de recursos p\u00fablicos que ser\u00e3o usados para financiar campanhas eleitorais. Segundo o texto, seria institu\u00eddo o Fundo Especial de Financiamento da Democracia, que em 2018 levaria R$ 3,6 bilh\u00f5es do Or\u00e7amento da Uni\u00e3o.&#8221;<\/p>\n<p>Sem contar a crise monumental, reflita sobre o volume de dinheiro destinado \u00e0 campanhas em compara\u00e7\u00e3o com o investido em programas sociais. <\/p>\n<p>Os canalhas querem se perpetuar no poder e impedir a representa\u00e7\u00e3o em favor de minorias.<\/p>\n","protected":false},"excerpt":{"rendered":"<p>Brasileiros nanicos, reajam e se igualem a gigante octogen\u00e1ria, Luiza Erundina. A Comiss\u00e3o da C\u00e2mara &#8220;aprovou dobrar o valor previsto de recursos p\u00fablicos que ser\u00e3o usados para financiar campanhas eleitorais. Segundo o texto, seria institu\u00eddo o Fundo Especial de Financiamento da Democracia, que em 2018 levaria R$ 3,6 bilh\u00f5es do Or\u00e7amento da Uni\u00e3o.&#8221; Sem contar&#8230;<a class=\"more-link\" href=\"http:\/\/blogdalucianaoliveira.com.br\/blog\/2017\/08\/10\/acorda-brasil-a-corda-ta-no-pescoco\/\">Continue a leitura <span class=\"meta-nav\">&raquo;<\/span><\/a><\/p>\n","protected":false},"author":1,"featured_media":0,"comment_status":"closed","ping_status":"open","sticky":false,"template":"","format":"standard","meta":{"_exactmetrics_skip_tracking":false,"_exactmetrics_sitenote_active":false,"_exactmetrics_sitenote_note":"","_exactmetrics_sitenote_category":0,"jetpack_post_was_ever_published":false,"_jetpack_newsletter_access":"","_jetpack_dont_email_post_to_subs":false,"_jetpack_newsletter_tier_id":0,"_jetpack_memberships_contains_paywalled_content":false,"_jetpack_memberships_contains_paid_content":false,"footnotes":"","jetpack_publicize_message":"","jetpack_publicize_feature_enabled":true,"jetpack_social_post_already_shared":true,"jetpack_social_options":{"image_generator_settings":{"template":"highway","enabled":false},"version":2}},"categories":[1],"tags":[],"class_list":["post-12882","post","type-post","status-publish","format-standard","hentry","category-notas"],"jetpack_publicize_connections":[],"jetpack_sharing_enabled":true,"jetpack_featured_media_url":"","jetpack_shortlink":"https:\/\/wp.me\/p7wKYW-3lM","jetpack-related-posts":[],"_links":{"self":[{"href":"http:\/\/blogdalucianaoliveira.com.br\/blog\/wp-json\/wp\/v2\/posts\/12882","targetHints":{"allow":["GET"]}}],"collection":[{"href":"http:\/\/blogdalucianaoliveira.com.br\/blog\/wp-json\/wp\/v2\/posts"}],"about":[{"href":"http:\/\/blogdalucianaoliveira.com.br\/blog\/wp-json\/wp\/v2\/types\/post"}],"author":[{"embeddable":true,"href":"http:\/\/blogdalucianaoliveira.com.br\/blog\/wp-json\/wp\/v2\/users\/1"}],"replies":[{"embeddable":true,"href":"http:\/\/blogdalucianaoliveira.com.br\/blog\/wp-json\/wp\/v2\/comments?post=12882"}],"version-history":[{"count":1,"href":"http:\/\/blogdalucianaoliveira.com.br\/blog\/wp-json\/wp\/v2\/posts\/12882\/revisions"}],"predecessor-version":[{"id":12883,"href":"http:\/\/blogdalucianaoliveira.com.br\/blog\/wp-json\/wp\/v2\/posts\/12882\/revisions\/12883"}],"wp:attachment":[{"href":"http:\/\/blogdalucianaoliveira.com.br\/blog\/wp-json\/wp\/v2\/media?parent=12882"}],"wp:term":[{"taxonomy":"category","embeddable":true,"href":"http:\/\/blogdalucianaoliveira.com.br\/blog\/wp-json\/wp\/v2\/categories?post=12882"},{"taxonomy":"post_tag","embeddable":true,"href":"http:\/\/blogdalucianaoliveira.com.br\/blog\/wp-json\/wp\/v2\/tags?post=12882"}],"curies":[{"name":"wp","href":"https:\/\/api.w.org\/{rel}","templated":true}]}}