{"id":12887,"date":"2017-08-11T16:27:11","date_gmt":"2017-08-11T20:27:11","guid":{"rendered":"http:\/\/blogdalucianaoliveira.com.br\/blog\/?p=12887"},"modified":"2017-08-11T16:27:11","modified_gmt":"2017-08-11T20:27:11","slug":"hino-do-grito-dos-excluidos-2017","status":"publish","type":"post","link":"http:\/\/blogdalucianaoliveira.com.br\/blog\/2017\/08\/11\/hino-do-grito-dos-excluidos-2017\/","title":{"rendered":"Hino do Grito dos Exclu\u00eddos 2017"},"content":{"rendered":"<p><img data-recalc-dims=\"1\" loading=\"lazy\" decoding=\"async\" data-attachment-id=\"12888\" data-permalink=\"http:\/\/blogdalucianaoliveira.com.br\/blog\/2017\/08\/11\/hino-do-grito-dos-excluidos-2017\/img_3198\/\" data-orig-file=\"https:\/\/i0.wp.com\/blogdalucianaoliveira.com.br\/blog\/wp-content\/uploads\/2017\/08\/IMG_3198.jpg?fit=484%2C304\" data-orig-size=\"484,304\" data-comments-opened=\"0\" data-image-meta=\"{&quot;aperture&quot;:&quot;0&quot;,&quot;credit&quot;:&quot;&quot;,&quot;camera&quot;:&quot;&quot;,&quot;caption&quot;:&quot;&quot;,&quot;created_timestamp&quot;:&quot;0&quot;,&quot;copyright&quot;:&quot;&quot;,&quot;focal_length&quot;:&quot;0&quot;,&quot;iso&quot;:&quot;0&quot;,&quot;shutter_speed&quot;:&quot;0&quot;,&quot;title&quot;:&quot;&quot;,&quot;orientation&quot;:&quot;0&quot;}\" data-image-title=\"IMG_3198\" data-image-description=\"\" data-image-caption=\"\" data-medium-file=\"https:\/\/i0.wp.com\/blogdalucianaoliveira.com.br\/blog\/wp-content\/uploads\/2017\/08\/IMG_3198.jpg?fit=300%2C188\" data-large-file=\"https:\/\/i0.wp.com\/blogdalucianaoliveira.com.br\/blog\/wp-content\/uploads\/2017\/08\/IMG_3198.jpg?fit=484%2C304\" src=\"https:\/\/i0.wp.com\/blogdalucianaoliveira.com.br\/blog\/wp-content\/uploads\/2017\/08\/IMG_3198.jpg?resize=484%2C304\" alt=\"IMG_3198\" width=\"484\" height=\"304\" class=\"alignnone size-full wp-image-12888\" srcset=\"https:\/\/i0.wp.com\/blogdalucianaoliveira.com.br\/blog\/wp-content\/uploads\/2017\/08\/IMG_3198.jpg?w=484 484w, https:\/\/i0.wp.com\/blogdalucianaoliveira.com.br\/blog\/wp-content\/uploads\/2017\/08\/IMG_3198.jpg?resize=300%2C188 300w, https:\/\/i0.wp.com\/blogdalucianaoliveira.com.br\/blog\/wp-content\/uploads\/2017\/08\/IMG_3198.jpg?resize=478%2C300 478w\" sizes=\"auto, (max-width: 484px) 100vw, 484px\" \/><\/p>\n<p>As mulheres v\u00e3o, os homens tamb\u00e9m<br \/>\nN\u00e3o pode faltar ningu\u00e9m no grito das exclu\u00eddas<br \/>\nOs jovens v\u00e3o, as crian\u00e7as tamb\u00e9m<br \/>\nN\u00e3o pode faltar ningu\u00e9m no grito dos exclu\u00eddos<!--more--><\/p>\n<p>O Brasil est\u00e1 sendo golpeado<br \/>\nE o povo pagando o pato<br \/>\nSaquearam a democracia<br \/>\nSem direito a aposentadoria<\/p>\n<p>Sa\u00fade, educa\u00e7\u00e3o<br \/>\nMoradia e ter dignidade<br \/>\nMelhorar a vida do povo<br \/>\nNo campo e na cidade<\/p>\n<p>Por direitos e democracia<br \/>\nA luta \u00e9 todo dia<br \/>\nPor direitos e democracia<br \/>\nA luta \u00e9 todo dia<\/p>\n","protected":false},"excerpt":{"rendered":"<p>As mulheres v\u00e3o, os homens tamb\u00e9m N\u00e3o pode faltar ningu\u00e9m no grito das exclu\u00eddas Os jovens v\u00e3o, as crian\u00e7as tamb\u00e9m N\u00e3o pode faltar ningu\u00e9m no grito dos exclu\u00eddos<\/p>\n","protected":false},"author":1,"featured_media":0,"comment_status":"closed","ping_status":"open","sticky":false,"template":"","format":"standard","meta":{"_exactmetrics_skip_tracking":false,"_exactmetrics_sitenote_active":false,"_exactmetrics_sitenote_note":"","_exactmetrics_sitenote_category":0,"jetpack_post_was_ever_published":false,"_jetpack_newsletter_access":"","_jetpack_dont_email_post_to_subs":false,"_jetpack_newsletter_tier_id":0,"_jetpack_memberships_contains_paywalled_content":false,"_jetpack_memberships_contains_paid_content":false,"footnotes":"","jetpack_publicize_message":"","jetpack_publicize_feature_enabled":true,"jetpack_social_post_already_shared":true,"jetpack_social_options":{"image_generator_settings":{"template":"highway","enabled":false},"version":2}},"categories":[1],"tags":[],"class_list":["post-12887","post","type-post","status-publish","format-standard","hentry","category-notas"],"jetpack_publicize_connections":[],"jetpack_sharing_enabled":true,"jetpack_featured_media_url":"","jetpack_shortlink":"https:\/\/wp.me\/p7wKYW-3lR","jetpack-related-posts":[],"_links":{"self":[{"href":"http:\/\/blogdalucianaoliveira.com.br\/blog\/wp-json\/wp\/v2\/posts\/12887","targetHints":{"allow":["GET"]}}],"collection":[{"href":"http:\/\/blogdalucianaoliveira.com.br\/blog\/wp-json\/wp\/v2\/posts"}],"about":[{"href":"http:\/\/blogdalucianaoliveira.com.br\/blog\/wp-json\/wp\/v2\/types\/post"}],"author":[{"embeddable":true,"href":"http:\/\/blogdalucianaoliveira.com.br\/blog\/wp-json\/wp\/v2\/users\/1"}],"replies":[{"embeddable":true,"href":"http:\/\/blogdalucianaoliveira.com.br\/blog\/wp-json\/wp\/v2\/comments?post=12887"}],"version-history":[{"count":1,"href":"http:\/\/blogdalucianaoliveira.com.br\/blog\/wp-json\/wp\/v2\/posts\/12887\/revisions"}],"predecessor-version":[{"id":12889,"href":"http:\/\/blogdalucianaoliveira.com.br\/blog\/wp-json\/wp\/v2\/posts\/12887\/revisions\/12889"}],"wp:attachment":[{"href":"http:\/\/blogdalucianaoliveira.com.br\/blog\/wp-json\/wp\/v2\/media?parent=12887"}],"wp:term":[{"taxonomy":"category","embeddable":true,"href":"http:\/\/blogdalucianaoliveira.com.br\/blog\/wp-json\/wp\/v2\/categories?post=12887"},{"taxonomy":"post_tag","embeddable":true,"href":"http:\/\/blogdalucianaoliveira.com.br\/blog\/wp-json\/wp\/v2\/tags?post=12887"}],"curies":[{"name":"wp","href":"https:\/\/api.w.org\/{rel}","templated":true}]}}