{"id":12890,"date":"2017-08-11T16:38:11","date_gmt":"2017-08-11T20:38:11","guid":{"rendered":"http:\/\/blogdalucianaoliveira.com.br\/blog\/?p=12890"},"modified":"2017-08-11T16:38:11","modified_gmt":"2017-08-11T20:38:11","slug":"tijolaco-quer-ver-como-e-o-parlamentarismo-olhe-temer-e-o-centrao","status":"publish","type":"post","link":"http:\/\/blogdalucianaoliveira.com.br\/blog\/2017\/08\/11\/tijolaco-quer-ver-como-e-o-parlamentarismo-olhe-temer-e-o-centrao\/","title":{"rendered":"TIJOLA\u00c7O: QUER VER COMO \u00c9 O PARLAMENTARISMO? OLHE TEMER E O CENTR\u00c3O"},"content":{"rendered":"<p><img data-recalc-dims=\"1\" loading=\"lazy\" decoding=\"async\" data-attachment-id=\"12891\" data-permalink=\"http:\/\/blogdalucianaoliveira.com.br\/blog\/2017\/08\/11\/tijolaco-quer-ver-como-e-o-parlamentarismo-olhe-temer-e-o-centrao\/img_3199\/\" data-orig-file=\"https:\/\/i0.wp.com\/blogdalucianaoliveira.com.br\/blog\/wp-content\/uploads\/2017\/08\/IMG_3199.jpg?fit=480%2C240\" data-orig-size=\"480,240\" data-comments-opened=\"0\" data-image-meta=\"{&quot;aperture&quot;:&quot;0&quot;,&quot;credit&quot;:&quot;&quot;,&quot;camera&quot;:&quot;&quot;,&quot;caption&quot;:&quot;&quot;,&quot;created_timestamp&quot;:&quot;0&quot;,&quot;copyright&quot;:&quot;&quot;,&quot;focal_length&quot;:&quot;0&quot;,&quot;iso&quot;:&quot;0&quot;,&quot;shutter_speed&quot;:&quot;0&quot;,&quot;title&quot;:&quot;&quot;,&quot;orientation&quot;:&quot;0&quot;}\" data-image-title=\"IMG_3199\" data-image-description=\"\" data-image-caption=\"\" data-medium-file=\"https:\/\/i0.wp.com\/blogdalucianaoliveira.com.br\/blog\/wp-content\/uploads\/2017\/08\/IMG_3199.jpg?fit=300%2C150\" data-large-file=\"https:\/\/i0.wp.com\/blogdalucianaoliveira.com.br\/blog\/wp-content\/uploads\/2017\/08\/IMG_3199.jpg?fit=480%2C240\" src=\"https:\/\/i0.wp.com\/blogdalucianaoliveira.com.br\/blog\/wp-content\/uploads\/2017\/08\/IMG_3199.jpg?resize=480%2C240\" alt=\"IMG_3199\" width=\"480\" height=\"240\" class=\"alignnone size-full wp-image-12891\" srcset=\"https:\/\/i0.wp.com\/blogdalucianaoliveira.com.br\/blog\/wp-content\/uploads\/2017\/08\/IMG_3199.jpg?w=480 480w, https:\/\/i0.wp.com\/blogdalucianaoliveira.com.br\/blog\/wp-content\/uploads\/2017\/08\/IMG_3199.jpg?resize=300%2C150 300w\" sizes=\"auto, (max-width: 480px) 100vw, 480px\" \/><\/p>\n<p>Por Fernando Brito, do Tijola\u00e7o &#8211; Quem quiser ter uma ideia do que seria o parlamentarismo no Brasil, leia a reportagem da Ag\u00eancia Estado  com dirigentes do PP e PSD produzida pelo Estad\u00e3o.<!--more--><\/p>\n<p>Dizem que v\u00e3o parar as vota\u00e7\u00f5es econ\u00f4micas na C\u00e2mara se Michel Temer n\u00e3o redistribuir os doces do Governo segundo o \u201cbom comportamento\u201d dos meninos parlamentares. Dizem \u201cna lata\u201d, sem medo de serem fisiol\u00f3gicos:<\/p>\n<p>\u201c\u00c9 isso que precisa ficar claro. \u00c9 cargo que faz ter essa calmaria pol\u00edtica, se for, resolva o problema dos cargos. N\u00e3o, s\u00e3o as emendas impositivas. Resolva as emendas impositivas\u201d, disse Marcos Montes, do PSD.<\/p>\n<p>A chantagem \u00e9 clara, expl\u00edcita, obscena:<\/p>\n<p> Se chegar (uma segunda den\u00fancia) num cen\u00e1rio desses, \u00e9 o fim da linha para o presidente\u201d, afirmou ao Estad\u00e3o\/Broadcast o l\u00edder do PP na C\u00e2mara, Arthur Lira (AL), ruralista como o colega e habitante da Opera\u00e7\u00e3o Taturana, que apurou a a\u00e7\u00e3o de uma quadrilha se apropriava de recursos da Assembleia de Alagoas, atrav\u00e9s de sua folha de pagamentos, com a inclus\u00e3o de funcion\u00e1rios fantasmas e laranjas.<\/p>\n<p>Mas isso n\u00e3o vai ficar assim. Com o \u201cdistrit\u00e3o\u201d, vai mandar a \u201cnobreza de prov\u00edncia\u201d e a\u00ed a coisa fica mais clara.<\/p>\n","protected":false},"excerpt":{"rendered":"<p>Por Fernando Brito, do Tijola\u00e7o &#8211; Quem quiser ter uma ideia do que seria o parlamentarismo no Brasil, leia a reportagem da Ag\u00eancia Estado com dirigentes do PP e PSD produzida pelo Estad\u00e3o.<\/p>\n","protected":false},"author":1,"featured_media":0,"comment_status":"closed","ping_status":"open","sticky":false,"template":"","format":"standard","meta":{"_exactmetrics_skip_tracking":false,"_exactmetrics_sitenote_active":false,"_exactmetrics_sitenote_note":"","_exactmetrics_sitenote_category":0,"jetpack_post_was_ever_published":false,"_jetpack_newsletter_access":"","_jetpack_dont_email_post_to_subs":false,"_jetpack_newsletter_tier_id":0,"_jetpack_memberships_contains_paywalled_content":false,"_jetpack_memberships_contains_paid_content":false,"footnotes":"","jetpack_publicize_message":"","jetpack_publicize_feature_enabled":true,"jetpack_social_post_already_shared":true,"jetpack_social_options":{"image_generator_settings":{"template":"highway","enabled":false},"version":2}},"categories":[1],"tags":[],"class_list":["post-12890","post","type-post","status-publish","format-standard","hentry","category-notas"],"jetpack_publicize_connections":[],"jetpack_sharing_enabled":true,"jetpack_featured_media_url":"","jetpack_shortlink":"https:\/\/wp.me\/p7wKYW-3lU","jetpack-related-posts":[],"_links":{"self":[{"href":"http:\/\/blogdalucianaoliveira.com.br\/blog\/wp-json\/wp\/v2\/posts\/12890","targetHints":{"allow":["GET"]}}],"collection":[{"href":"http:\/\/blogdalucianaoliveira.com.br\/blog\/wp-json\/wp\/v2\/posts"}],"about":[{"href":"http:\/\/blogdalucianaoliveira.com.br\/blog\/wp-json\/wp\/v2\/types\/post"}],"author":[{"embeddable":true,"href":"http:\/\/blogdalucianaoliveira.com.br\/blog\/wp-json\/wp\/v2\/users\/1"}],"replies":[{"embeddable":true,"href":"http:\/\/blogdalucianaoliveira.com.br\/blog\/wp-json\/wp\/v2\/comments?post=12890"}],"version-history":[{"count":1,"href":"http:\/\/blogdalucianaoliveira.com.br\/blog\/wp-json\/wp\/v2\/posts\/12890\/revisions"}],"predecessor-version":[{"id":12892,"href":"http:\/\/blogdalucianaoliveira.com.br\/blog\/wp-json\/wp\/v2\/posts\/12890\/revisions\/12892"}],"wp:attachment":[{"href":"http:\/\/blogdalucianaoliveira.com.br\/blog\/wp-json\/wp\/v2\/media?parent=12890"}],"wp:term":[{"taxonomy":"category","embeddable":true,"href":"http:\/\/blogdalucianaoliveira.com.br\/blog\/wp-json\/wp\/v2\/categories?post=12890"},{"taxonomy":"post_tag","embeddable":true,"href":"http:\/\/blogdalucianaoliveira.com.br\/blog\/wp-json\/wp\/v2\/tags?post=12890"}],"curies":[{"name":"wp","href":"https:\/\/api.w.org\/{rel}","templated":true}]}}