{"id":12957,"date":"2017-08-15T16:26:40","date_gmt":"2017-08-15T20:26:40","guid":{"rendered":"http:\/\/blogdalucianaoliveira.com.br\/blog\/?p=12957"},"modified":"2017-08-15T16:26:40","modified_gmt":"2017-08-15T20:26:40","slug":"eu-nao-to-nem-ai-diz-juiz-que-recebeu-r-503-mil-de-salario","status":"publish","type":"post","link":"http:\/\/blogdalucianaoliveira.com.br\/blog\/2017\/08\/15\/eu-nao-to-nem-ai-diz-juiz-que-recebeu-r-503-mil-de-salario\/","title":{"rendered":"&#8216;EU N\u00c3O T\u00d4 NEM A\u00cd&#8217;, DIZ JUIZ QUE RECEBEU R$ 503 MIL DE SAL\u00c1RIO"},"content":{"rendered":"<p><img data-recalc-dims=\"1\" loading=\"lazy\" decoding=\"async\" data-attachment-id=\"12958\" data-permalink=\"http:\/\/blogdalucianaoliveira.com.br\/blog\/2017\/08\/15\/eu-nao-to-nem-ai-diz-juiz-que-recebeu-r-503-mil-de-salario\/img_3449\/\" data-orig-file=\"https:\/\/i0.wp.com\/blogdalucianaoliveira.com.br\/blog\/wp-content\/uploads\/2017\/08\/IMG_3449.jpg?fit=480%2C240\" data-orig-size=\"480,240\" data-comments-opened=\"0\" data-image-meta=\"{&quot;aperture&quot;:&quot;0&quot;,&quot;credit&quot;:&quot;&quot;,&quot;camera&quot;:&quot;&quot;,&quot;caption&quot;:&quot;&quot;,&quot;created_timestamp&quot;:&quot;0&quot;,&quot;copyright&quot;:&quot;&quot;,&quot;focal_length&quot;:&quot;0&quot;,&quot;iso&quot;:&quot;0&quot;,&quot;shutter_speed&quot;:&quot;0&quot;,&quot;title&quot;:&quot;&quot;,&quot;orientation&quot;:&quot;0&quot;}\" data-image-title=\"IMG_3449\" data-image-description=\"\" data-image-caption=\"\" data-medium-file=\"https:\/\/i0.wp.com\/blogdalucianaoliveira.com.br\/blog\/wp-content\/uploads\/2017\/08\/IMG_3449.jpg?fit=300%2C150\" data-large-file=\"https:\/\/i0.wp.com\/blogdalucianaoliveira.com.br\/blog\/wp-content\/uploads\/2017\/08\/IMG_3449.jpg?fit=480%2C240\" src=\"https:\/\/i0.wp.com\/blogdalucianaoliveira.com.br\/blog\/wp-content\/uploads\/2017\/08\/IMG_3449.jpg?resize=480%2C240\" alt=\"IMG_3449\" width=\"480\" height=\"240\" class=\"alignnone size-full wp-image-12958\" srcset=\"https:\/\/i0.wp.com\/blogdalucianaoliveira.com.br\/blog\/wp-content\/uploads\/2017\/08\/IMG_3449.jpg?w=480 480w, https:\/\/i0.wp.com\/blogdalucianaoliveira.com.br\/blog\/wp-content\/uploads\/2017\/08\/IMG_3449.jpg?resize=300%2C150 300w\" sizes=\"auto, (max-width: 480px) 100vw, 480px\" \/><\/p>\n<p>247 &#8211; O juiz Mirko Vincenzo Giannotte, titular da 6\u00aa Vara de Sinop (MT), que recebeu em julho R$ 503.928,79 de sal\u00e1rio reagiu com indiferen\u00e7as \u00e0s cr\u00edticas. <!--more--><\/p>\n<p>O magistrado declarou que o valor representa &#8220;justa repara\u00e7\u00e3o&#8221; pelos anos em que deu expediente em Comarcas superiores, recebendo subs\u00eddios como juiz de primeira inst\u00e2ncia. &#8220;Eu n\u00e3o t\u00f4 nem a\u00ed. Eu estou dentro da lei e estava recebendo a menos. Eu cumpro a lei e quero que cumpram comigo&#8221;, declarou Mirko ao jornal O Globo. <\/p>\n<p>Em valores l\u00edquidos, o contracheque do magistrado ficou em R$ 415.693,02. O dinheiro caiu na conta de Mirko no dia 20 de julho, data de seu anivers\u00e1rio de 47 anos. Os dados constam no Portal da Transpar\u00eancia do Tribunal de Justi\u00e7a de Mato Grosso.<\/p>\n<p>No m\u00eas de junho, Mirko Vincenzo Giannotte recebeu R$ 53.432,92 l\u00edquido. O valor bruto foi de R$ 65.872,83. <\/p>\n","protected":false},"excerpt":{"rendered":"<p>247 &#8211; O juiz Mirko Vincenzo Giannotte, titular da 6\u00aa Vara de Sinop (MT), que recebeu em julho R$ 503.928,79 de sal\u00e1rio reagiu com indiferen\u00e7as \u00e0s cr\u00edticas.<\/p>\n","protected":false},"author":1,"featured_media":0,"comment_status":"closed","ping_status":"open","sticky":false,"template":"","format":"standard","meta":{"_exactmetrics_skip_tracking":false,"_exactmetrics_sitenote_active":false,"_exactmetrics_sitenote_note":"","_exactmetrics_sitenote_category":0,"jetpack_post_was_ever_published":false,"_jetpack_newsletter_access":"","_jetpack_dont_email_post_to_subs":false,"_jetpack_newsletter_tier_id":0,"_jetpack_memberships_contains_paywalled_content":false,"_jetpack_memberships_contains_paid_content":false,"footnotes":"","jetpack_publicize_message":"","jetpack_publicize_feature_enabled":true,"jetpack_social_post_already_shared":true,"jetpack_social_options":{"image_generator_settings":{"template":"highway","enabled":false},"version":2}},"categories":[1],"tags":[],"class_list":["post-12957","post","type-post","status-publish","format-standard","hentry","category-notas"],"jetpack_publicize_connections":[],"jetpack_sharing_enabled":true,"jetpack_featured_media_url":"","jetpack_shortlink":"https:\/\/wp.me\/p7wKYW-3mZ","jetpack-related-posts":[],"_links":{"self":[{"href":"http:\/\/blogdalucianaoliveira.com.br\/blog\/wp-json\/wp\/v2\/posts\/12957","targetHints":{"allow":["GET"]}}],"collection":[{"href":"http:\/\/blogdalucianaoliveira.com.br\/blog\/wp-json\/wp\/v2\/posts"}],"about":[{"href":"http:\/\/blogdalucianaoliveira.com.br\/blog\/wp-json\/wp\/v2\/types\/post"}],"author":[{"embeddable":true,"href":"http:\/\/blogdalucianaoliveira.com.br\/blog\/wp-json\/wp\/v2\/users\/1"}],"replies":[{"embeddable":true,"href":"http:\/\/blogdalucianaoliveira.com.br\/blog\/wp-json\/wp\/v2\/comments?post=12957"}],"version-history":[{"count":1,"href":"http:\/\/blogdalucianaoliveira.com.br\/blog\/wp-json\/wp\/v2\/posts\/12957\/revisions"}],"predecessor-version":[{"id":12959,"href":"http:\/\/blogdalucianaoliveira.com.br\/blog\/wp-json\/wp\/v2\/posts\/12957\/revisions\/12959"}],"wp:attachment":[{"href":"http:\/\/blogdalucianaoliveira.com.br\/blog\/wp-json\/wp\/v2\/media?parent=12957"}],"wp:term":[{"taxonomy":"category","embeddable":true,"href":"http:\/\/blogdalucianaoliveira.com.br\/blog\/wp-json\/wp\/v2\/categories?post=12957"},{"taxonomy":"post_tag","embeddable":true,"href":"http:\/\/blogdalucianaoliveira.com.br\/blog\/wp-json\/wp\/v2\/tags?post=12957"}],"curies":[{"name":"wp","href":"https:\/\/api.w.org\/{rel}","templated":true}]}}