{"id":12960,"date":"2017-08-15T16:40:20","date_gmt":"2017-08-15T20:40:20","guid":{"rendered":"http:\/\/blogdalucianaoliveira.com.br\/blog\/?p=12960"},"modified":"2017-08-15T16:40:20","modified_gmt":"2017-08-15T20:40:20","slug":"vereadores-rejeitam-titulo-de-cidadao-teresinense-para-doria","status":"publish","type":"post","link":"http:\/\/blogdalucianaoliveira.com.br\/blog\/2017\/08\/15\/vereadores-rejeitam-titulo-de-cidadao-teresinense-para-doria\/","title":{"rendered":"VEREADORES REJEITAM T\u00cdTULO DE CIDAD\u00c3O TERESINENSE PARA DORIA"},"content":{"rendered":"<p><img data-recalc-dims=\"1\" loading=\"lazy\" decoding=\"async\" data-attachment-id=\"12961\" data-permalink=\"http:\/\/blogdalucianaoliveira.com.br\/blog\/2017\/08\/15\/vereadores-rejeitam-titulo-de-cidadao-teresinense-para-doria\/do-2\/\" data-orig-file=\"https:\/\/i0.wp.com\/blogdalucianaoliveira.com.br\/blog\/wp-content\/uploads\/2017\/08\/do.jpg?fit=1000%2C357\" data-orig-size=\"1000,357\" data-comments-opened=\"0\" data-image-meta=\"{&quot;aperture&quot;:&quot;0&quot;,&quot;credit&quot;:&quot;&quot;,&quot;camera&quot;:&quot;&quot;,&quot;caption&quot;:&quot;&quot;,&quot;created_timestamp&quot;:&quot;0&quot;,&quot;copyright&quot;:&quot;&quot;,&quot;focal_length&quot;:&quot;0&quot;,&quot;iso&quot;:&quot;0&quot;,&quot;shutter_speed&quot;:&quot;0&quot;,&quot;title&quot;:&quot;&quot;,&quot;orientation&quot;:&quot;0&quot;}\" data-image-title=\"do\" data-image-description=\"\" data-image-caption=\"\" data-medium-file=\"https:\/\/i0.wp.com\/blogdalucianaoliveira.com.br\/blog\/wp-content\/uploads\/2017\/08\/do.jpg?fit=300%2C107\" data-large-file=\"https:\/\/i0.wp.com\/blogdalucianaoliveira.com.br\/blog\/wp-content\/uploads\/2017\/08\/do.jpg?fit=600%2C214\" src=\"https:\/\/i0.wp.com\/blogdalucianaoliveira.com.br\/blog\/wp-content\/uploads\/2017\/08\/do.jpg?resize=600%2C214\" alt=\"do\" width=\"600\" height=\"214\" class=\"alignnone size-full wp-image-12961\" srcset=\"https:\/\/i0.wp.com\/blogdalucianaoliveira.com.br\/blog\/wp-content\/uploads\/2017\/08\/do.jpg?w=1000 1000w, https:\/\/i0.wp.com\/blogdalucianaoliveira.com.br\/blog\/wp-content\/uploads\/2017\/08\/do.jpg?resize=300%2C107 300w, https:\/\/i0.wp.com\/blogdalucianaoliveira.com.br\/blog\/wp-content\/uploads\/2017\/08\/do.jpg?resize=768%2C274 768w, https:\/\/i0.wp.com\/blogdalucianaoliveira.com.br\/blog\/wp-content\/uploads\/2017\/08\/do.jpg?resize=800%2C286 800w\" sizes=\"auto, (max-width: 600px) 100vw, 600px\" \/><\/p>\n<p>Dayane Santos, Portal Vermelho &#8211; Na sua campanha de marketing do &#8220;n\u00e3o pol\u00edtico&#8221;, o prefeito de S\u00e3o Paulo, Jo\u00e3o Doria (PSDB), est\u00e1 em viagem pelo pa\u00eds para receber homenagens e articulando com pol\u00edticos na tentativa de se projetar nacionalmente. A programa\u00e7\u00e3o do tucano era passar por Teresina, no Piau\u00ed, onde o vereador Lu\u00eds Andr\u00e9 (PSL), prop\u00f4s a concess\u00e3o do t\u00edtulo de cidadania teresinense. Mas a C\u00e2mara de Vereadores rejeitou a proposta nesta ter\u00e7a-feira (15).<!--more--><\/p>\n<p>O t\u00edtulo seria entregue sob o argumento de que Doria tem &#8220;relevantes servi\u00e7os prestados ao pa\u00eds&#8221;. Para o vereador Enzo Samuel (PCdoB-PI), Doria n\u00e3o merece tal honraria.<\/p>\n<p>&#8220;Ele [Doria] n\u00e3o t\u00eam servi\u00e7os prestados a nossa cidade. E, ao meu ver, s\u00f3 vejo Jo\u00e3o Doria pregando o \u00f3dio e dizendo que n\u00e3o \u00e9 pol\u00edtico, o que pega muito mal para a classe pol\u00edtica&#8221;, afirmou o vereador do PCdoB.<\/p>\n<p>E acrescenta: &#8220;Quem est\u00e1 na pol\u00edtica representa o voto do povo brasileiro. Representa a voz das ruas e deve ter orgulho disso. Ele n\u00e3o contribui para a pol\u00edtica. E talvez essa concess\u00e3o do t\u00edtulo seja apenas mais um oportunismo. \u00c9 um prefeito que possui muito marketing e pouco trabalho pela cidade de S\u00e3o Paulo&#8221;.<\/p>\n<p>De acordo com o parlamentar, o discurso raivoso &#8220;n\u00e3o cabe nesse momento e em momento algum da hist\u00f3ria pol\u00edtica brasileira&#8221;. &#8220;Acreditamos que ele n\u00e3o faz jus ao t\u00edtulo de cidad\u00e3o teresinense, mesmo porque n\u00e3o tem qualquer servi\u00e7o prestado \u00e0 cidade&#8221;, completou.<\/p>\n","protected":false},"excerpt":{"rendered":"<p>Dayane Santos, Portal Vermelho &#8211; Na sua campanha de marketing do &#8220;n\u00e3o pol\u00edtico&#8221;, o prefeito de S\u00e3o Paulo, Jo\u00e3o Doria (PSDB), est\u00e1 em viagem pelo pa\u00eds para receber homenagens e articulando com pol\u00edticos na tentativa de se projetar nacionalmente. A programa\u00e7\u00e3o do tucano era passar por Teresina, no Piau\u00ed, onde o vereador Lu\u00eds Andr\u00e9 (PSL),&#8230;<a class=\"more-link\" href=\"http:\/\/blogdalucianaoliveira.com.br\/blog\/2017\/08\/15\/vereadores-rejeitam-titulo-de-cidadao-teresinense-para-doria\/\">Continue a leitura <span class=\"meta-nav\">&raquo;<\/span><\/a><\/p>\n","protected":false},"author":1,"featured_media":0,"comment_status":"closed","ping_status":"open","sticky":false,"template":"","format":"standard","meta":{"_exactmetrics_skip_tracking":false,"_exactmetrics_sitenote_active":false,"_exactmetrics_sitenote_note":"","_exactmetrics_sitenote_category":0,"jetpack_post_was_ever_published":false,"_jetpack_newsletter_access":"","_jetpack_dont_email_post_to_subs":false,"_jetpack_newsletter_tier_id":0,"_jetpack_memberships_contains_paywalled_content":false,"_jetpack_memberships_contains_paid_content":false,"footnotes":"","jetpack_publicize_message":"","jetpack_publicize_feature_enabled":true,"jetpack_social_post_already_shared":true,"jetpack_social_options":{"image_generator_settings":{"template":"highway","enabled":false},"version":2}},"categories":[1],"tags":[],"class_list":["post-12960","post","type-post","status-publish","format-standard","hentry","category-notas"],"jetpack_publicize_connections":[],"jetpack_sharing_enabled":true,"jetpack_featured_media_url":"","jetpack_shortlink":"https:\/\/wp.me\/p7wKYW-3n2","jetpack-related-posts":[],"_links":{"self":[{"href":"http:\/\/blogdalucianaoliveira.com.br\/blog\/wp-json\/wp\/v2\/posts\/12960","targetHints":{"allow":["GET"]}}],"collection":[{"href":"http:\/\/blogdalucianaoliveira.com.br\/blog\/wp-json\/wp\/v2\/posts"}],"about":[{"href":"http:\/\/blogdalucianaoliveira.com.br\/blog\/wp-json\/wp\/v2\/types\/post"}],"author":[{"embeddable":true,"href":"http:\/\/blogdalucianaoliveira.com.br\/blog\/wp-json\/wp\/v2\/users\/1"}],"replies":[{"embeddable":true,"href":"http:\/\/blogdalucianaoliveira.com.br\/blog\/wp-json\/wp\/v2\/comments?post=12960"}],"version-history":[{"count":1,"href":"http:\/\/blogdalucianaoliveira.com.br\/blog\/wp-json\/wp\/v2\/posts\/12960\/revisions"}],"predecessor-version":[{"id":12962,"href":"http:\/\/blogdalucianaoliveira.com.br\/blog\/wp-json\/wp\/v2\/posts\/12960\/revisions\/12962"}],"wp:attachment":[{"href":"http:\/\/blogdalucianaoliveira.com.br\/blog\/wp-json\/wp\/v2\/media?parent=12960"}],"wp:term":[{"taxonomy":"category","embeddable":true,"href":"http:\/\/blogdalucianaoliveira.com.br\/blog\/wp-json\/wp\/v2\/categories?post=12960"},{"taxonomy":"post_tag","embeddable":true,"href":"http:\/\/blogdalucianaoliveira.com.br\/blog\/wp-json\/wp\/v2\/tags?post=12960"}],"curies":[{"name":"wp","href":"https:\/\/api.w.org\/{rel}","templated":true}]}}