{"id":12963,"date":"2017-08-15T16:45:11","date_gmt":"2017-08-15T20:45:11","guid":{"rendered":"http:\/\/blogdalucianaoliveira.com.br\/blog\/?p=12963"},"modified":"2017-08-15T16:45:11","modified_gmt":"2017-08-15T20:45:11","slug":"reforma-politica-nao-contempla-a-inclusao-de-mulheres","status":"publish","type":"post","link":"http:\/\/blogdalucianaoliveira.com.br\/blog\/2017\/08\/15\/reforma-politica-nao-contempla-a-inclusao-de-mulheres\/","title":{"rendered":"Reforma pol\u00edtica n\u00e3o contempla a inclus\u00e3o de mulheres"},"content":{"rendered":"<p><img data-recalc-dims=\"1\" loading=\"lazy\" decoding=\"async\" data-attachment-id=\"12964\" data-permalink=\"http:\/\/blogdalucianaoliveira.com.br\/blog\/2017\/08\/15\/reforma-politica-nao-contempla-a-inclusao-de-mulheres\/mul-2\/\" data-orig-file=\"https:\/\/i0.wp.com\/blogdalucianaoliveira.com.br\/blog\/wp-content\/uploads\/2017\/08\/mul.jpg?fit=640%2C427\" data-orig-size=\"640,427\" data-comments-opened=\"0\" data-image-meta=\"{&quot;aperture&quot;:&quot;0&quot;,&quot;credit&quot;:&quot;&quot;,&quot;camera&quot;:&quot;&quot;,&quot;caption&quot;:&quot;&quot;,&quot;created_timestamp&quot;:&quot;0&quot;,&quot;copyright&quot;:&quot;&quot;,&quot;focal_length&quot;:&quot;0&quot;,&quot;iso&quot;:&quot;0&quot;,&quot;shutter_speed&quot;:&quot;0&quot;,&quot;title&quot;:&quot;&quot;,&quot;orientation&quot;:&quot;0&quot;}\" data-image-title=\"mul\" data-image-description=\"\" data-image-caption=\"\" data-medium-file=\"https:\/\/i0.wp.com\/blogdalucianaoliveira.com.br\/blog\/wp-content\/uploads\/2017\/08\/mul.jpg?fit=300%2C200\" data-large-file=\"https:\/\/i0.wp.com\/blogdalucianaoliveira.com.br\/blog\/wp-content\/uploads\/2017\/08\/mul.jpg?fit=600%2C400\" src=\"https:\/\/i0.wp.com\/blogdalucianaoliveira.com.br\/blog\/wp-content\/uploads\/2017\/08\/mul.jpg?resize=600%2C400\" alt=\"mul\" width=\"600\" height=\"400\" class=\"alignnone size-full wp-image-12964\" srcset=\"https:\/\/i0.wp.com\/blogdalucianaoliveira.com.br\/blog\/wp-content\/uploads\/2017\/08\/mul.jpg?w=640 640w, https:\/\/i0.wp.com\/blogdalucianaoliveira.com.br\/blog\/wp-content\/uploads\/2017\/08\/mul.jpg?resize=300%2C200 300w, https:\/\/i0.wp.com\/blogdalucianaoliveira.com.br\/blog\/wp-content\/uploads\/2017\/08\/mul.jpg?resize=450%2C300 450w\" sizes=\"auto, (max-width: 600px) 100vw, 600px\" \/><\/p>\n<p>Ocupando apenas 10% das cadeiras do Parlamento, exclus\u00e3o pode aumentar com o chamado &#8220;Distrit\u00e3o&#8221;<!--more--><\/p>\n<p>Rede Brasil Atual<\/p>\n<p>O relat\u00f3rio final da reforma pol\u00edtica, previsto para ser votado na comiss\u00e3o especial da C\u00e2mara dos Deputados nesta ter\u00e7a-feira (15), n\u00e3o traz uma linha, sequer, sobre a necessidade de aumentar a representa\u00e7\u00e3o das mulheres no Parlamento. Deputadas apontam que o modelo eleitoral chamado distrit\u00e3o, aprovado em destaque na semana passada, deve contribuir para a manuten\u00e7\u00e3o da exclus\u00e3o. <\/p>\n<p>&#8220;As mulheres s\u00e3o maioria da popula\u00e7\u00e3o. Somos apenas 10% da representa\u00e7\u00e3o, aqui. Ent\u00e3o, est\u00e1 claro que esse modelo exclui as mulheres do parlamento&#8221;, diz a deputada federal Luiza Ferreira (PPS-MG), sobre o atual modelo em vigor. Em entrevista ao rep\u00f3rter U\u00e9lson Kalinovski, para o Seu Jornal, da TVT, ela diz que, com o distrit\u00e3o, a exclus\u00e3o das mulheres deve ser ainda maior, bem como das demais minorias. &#8220;Vai concentrar o voto naquelas grandes personalidades, em quem tem recursos para fazer campanha nos estados inteiros.&#8221;<\/p>\n<p>A deputada federal Maria do Ros\u00e1rio (PT-RS) defende que, no momento em que o texto da reforma for levado ao plen\u00e1rio da C\u00e2mara, seja colocada em vota\u00e7\u00e3o a Proposta de Emenda \u00e0 Constitui\u00e7\u00e3o (PEC) 134\/15 que reserva percentual m\u00ednimo de representa\u00e7\u00e3o para mulheres.<\/p>\n<p>Segundo a proposta, seriam garantidos a elas 10% das cadeiras na primeira legislatura, 12% na segunda e 16% na terceira. Al\u00e9m disso, ao menos as bancadas de cada estado deveriam ter pelo menos uma mulher. &#8220;Hoje, n\u00f3s temos cinco estados que n\u00e3o tem nenhuma mulher&#8221;, destacou a deputada.<\/p>\n<div class=\"jetpack-video-wrapper\"><iframe loading=\"lazy\" title=\"Reforma pol\u00edtica n\u00e3o menciona inclus\u00e3o de mais mulheres na pol\u00edtica\" width=\"600\" height=\"338\" src=\"https:\/\/www.youtube.com\/embed\/hJTygJqaWHg?feature=oembed\" frameborder=\"0\" allow=\"accelerometer; autoplay; clipboard-write; encrypted-media; gyroscope; picture-in-picture; web-share\" referrerpolicy=\"strict-origin-when-cross-origin\" allowfullscreen><\/iframe><\/div>\n","protected":false},"excerpt":{"rendered":"<p>Ocupando apenas 10% das cadeiras do Parlamento, exclus\u00e3o pode aumentar com o chamado &#8220;Distrit\u00e3o&#8221;<\/p>\n","protected":false},"author":1,"featured_media":0,"comment_status":"closed","ping_status":"open","sticky":false,"template":"","format":"standard","meta":{"_exactmetrics_skip_tracking":false,"_exactmetrics_sitenote_active":false,"_exactmetrics_sitenote_note":"","_exactmetrics_sitenote_category":0,"jetpack_post_was_ever_published":false,"_jetpack_newsletter_access":"","_jetpack_dont_email_post_to_subs":false,"_jetpack_newsletter_tier_id":0,"_jetpack_memberships_contains_paywalled_content":false,"_jetpack_memberships_contains_paid_content":false,"footnotes":"","jetpack_publicize_message":"","jetpack_publicize_feature_enabled":true,"jetpack_social_post_already_shared":true,"jetpack_social_options":{"image_generator_settings":{"template":"highway","enabled":false},"version":2}},"categories":[1],"tags":[],"class_list":["post-12963","post","type-post","status-publish","format-standard","hentry","category-notas"],"jetpack_publicize_connections":[],"jetpack_sharing_enabled":true,"jetpack_featured_media_url":"","jetpack_shortlink":"https:\/\/wp.me\/p7wKYW-3n5","jetpack-related-posts":[],"_links":{"self":[{"href":"http:\/\/blogdalucianaoliveira.com.br\/blog\/wp-json\/wp\/v2\/posts\/12963","targetHints":{"allow":["GET"]}}],"collection":[{"href":"http:\/\/blogdalucianaoliveira.com.br\/blog\/wp-json\/wp\/v2\/posts"}],"about":[{"href":"http:\/\/blogdalucianaoliveira.com.br\/blog\/wp-json\/wp\/v2\/types\/post"}],"author":[{"embeddable":true,"href":"http:\/\/blogdalucianaoliveira.com.br\/blog\/wp-json\/wp\/v2\/users\/1"}],"replies":[{"embeddable":true,"href":"http:\/\/blogdalucianaoliveira.com.br\/blog\/wp-json\/wp\/v2\/comments?post=12963"}],"version-history":[{"count":1,"href":"http:\/\/blogdalucianaoliveira.com.br\/blog\/wp-json\/wp\/v2\/posts\/12963\/revisions"}],"predecessor-version":[{"id":12965,"href":"http:\/\/blogdalucianaoliveira.com.br\/blog\/wp-json\/wp\/v2\/posts\/12963\/revisions\/12965"}],"wp:attachment":[{"href":"http:\/\/blogdalucianaoliveira.com.br\/blog\/wp-json\/wp\/v2\/media?parent=12963"}],"wp:term":[{"taxonomy":"category","embeddable":true,"href":"http:\/\/blogdalucianaoliveira.com.br\/blog\/wp-json\/wp\/v2\/categories?post=12963"},{"taxonomy":"post_tag","embeddable":true,"href":"http:\/\/blogdalucianaoliveira.com.br\/blog\/wp-json\/wp\/v2\/tags?post=12963"}],"curies":[{"name":"wp","href":"https:\/\/api.w.org\/{rel}","templated":true}]}}