{"id":12966,"date":"2017-08-15T16:51:27","date_gmt":"2017-08-15T20:51:27","guid":{"rendered":"http:\/\/blogdalucianaoliveira.com.br\/blog\/?p=12966"},"modified":"2017-08-15T16:51:27","modified_gmt":"2017-08-15T20:51:27","slug":"cineamazonia-itinerante-faz-exibicao-de-filmes-as-escuras-em-rio-pardo","status":"publish","type":"post","link":"http:\/\/blogdalucianaoliveira.com.br\/blog\/2017\/08\/15\/cineamazonia-itinerante-faz-exibicao-de-filmes-as-escuras-em-rio-pardo\/","title":{"rendered":"Cineamaz\u00f4nia Itinerante faz exibi\u00e7\u00e3o de filmes \u00e0s escuras em Rio Pardo"},"content":{"rendered":"<p><img data-recalc-dims=\"1\" loading=\"lazy\" decoding=\"async\" data-attachment-id=\"12967\" data-permalink=\"http:\/\/blogdalucianaoliveira.com.br\/blog\/2017\/08\/15\/cineamazonia-itinerante-faz-exibicao-de-filmes-as-escuras-em-rio-pardo\/cinea\/\" data-orig-file=\"https:\/\/i0.wp.com\/blogdalucianaoliveira.com.br\/blog\/wp-content\/uploads\/2017\/08\/cinea.jpg?fit=300%2C200\" data-orig-size=\"300,200\" data-comments-opened=\"0\" data-image-meta=\"{&quot;aperture&quot;:&quot;0&quot;,&quot;credit&quot;:&quot;&quot;,&quot;camera&quot;:&quot;&quot;,&quot;caption&quot;:&quot;&quot;,&quot;created_timestamp&quot;:&quot;0&quot;,&quot;copyright&quot;:&quot;&quot;,&quot;focal_length&quot;:&quot;0&quot;,&quot;iso&quot;:&quot;0&quot;,&quot;shutter_speed&quot;:&quot;0&quot;,&quot;title&quot;:&quot;&quot;,&quot;orientation&quot;:&quot;0&quot;}\" data-image-title=\"cinea\" data-image-description=\"\" data-image-caption=\"\" data-medium-file=\"https:\/\/i0.wp.com\/blogdalucianaoliveira.com.br\/blog\/wp-content\/uploads\/2017\/08\/cinea.jpg?fit=300%2C200\" data-large-file=\"https:\/\/i0.wp.com\/blogdalucianaoliveira.com.br\/blog\/wp-content\/uploads\/2017\/08\/cinea.jpg?fit=300%2C200\" src=\"https:\/\/i0.wp.com\/blogdalucianaoliveira.com.br\/blog\/wp-content\/uploads\/2017\/08\/cinea.jpg?resize=300%2C200\" alt=\"cinea\" width=\"300\" height=\"200\" class=\"alignnone size-full wp-image-12967\" \/><\/p>\n<p>Ap\u00f3s percorrer 105 quil\u00f4metros que separam Jacy-Paran\u00e1 de Rio Pardo, a caravana do Cineamaz\u00f4nia Itinerante chegou no in\u00edcio da tarde do domingo (13), ao distrito de Rio Pardo, que pertence a Porto Velho, mas est\u00e1 mais pr\u00f3ximo de Buritis, que fica a somente 80 quil\u00f4metros de dist\u00e2ncia do local. O trecho feito em estrada de terra foi vencido em pouco mais de tr\u00eas horas.<!--more--><\/p>\n<p>O palha\u00e7o Cloro ainda foi at\u00e9 a comunidade cat\u00f3lica Cristo Rei, que tinha feito um almo\u00e7o especial do Dia dos Pais e realizava um bingo entre seus frequentadores para comemorar a data importante. O artista convocou a todos para comparecerem a atividade do Cineamaz\u00f4nia na cidade.<\/p>\n<p>No meio da tarde, uma surpresa: um apag\u00e3o deixou a cidade de cerca de 3 mil habitantes sem energia el\u00e9trica, faltando poucas horas para a atividade do Cineamaz\u00f4nia Itinerante come\u00e7ar na principal avenida do lugar.<\/p>\n<p><img data-recalc-dims=\"1\" loading=\"lazy\" decoding=\"async\" data-attachment-id=\"12968\" data-permalink=\"http:\/\/blogdalucianaoliveira.com.br\/blog\/2017\/08\/15\/cineamazonia-itinerante-faz-exibicao-de-filmes-as-escuras-em-rio-pardo\/cineb\/\" data-orig-file=\"https:\/\/i0.wp.com\/blogdalucianaoliveira.com.br\/blog\/wp-content\/uploads\/2017\/08\/cineb.jpg?fit=300%2C200\" data-orig-size=\"300,200\" data-comments-opened=\"0\" data-image-meta=\"{&quot;aperture&quot;:&quot;0&quot;,&quot;credit&quot;:&quot;&quot;,&quot;camera&quot;:&quot;&quot;,&quot;caption&quot;:&quot;&quot;,&quot;created_timestamp&quot;:&quot;0&quot;,&quot;copyright&quot;:&quot;&quot;,&quot;focal_length&quot;:&quot;0&quot;,&quot;iso&quot;:&quot;0&quot;,&quot;shutter_speed&quot;:&quot;0&quot;,&quot;title&quot;:&quot;&quot;,&quot;orientation&quot;:&quot;0&quot;}\" data-image-title=\"cineb\" data-image-description=\"\" data-image-caption=\"\" data-medium-file=\"https:\/\/i0.wp.com\/blogdalucianaoliveira.com.br\/blog\/wp-content\/uploads\/2017\/08\/cineb.jpg?fit=300%2C200\" data-large-file=\"https:\/\/i0.wp.com\/blogdalucianaoliveira.com.br\/blog\/wp-content\/uploads\/2017\/08\/cineb.jpg?fit=300%2C200\" src=\"https:\/\/i0.wp.com\/blogdalucianaoliveira.com.br\/blog\/wp-content\/uploads\/2017\/08\/cineb.jpg?resize=300%2C200\" alt=\"cineb\" width=\"300\" height=\"200\" class=\"alignnone size-full wp-image-12968\" \/><\/p>\n<p>Mesmo assim, no hor\u00e1rio marcado, \u00e0s 19:30 horas, foi feita a exibi\u00e7\u00e3o do depoimento de Salvador da Cruz Filho, morador de Rio Pardo h\u00e1 13 anos e personagem do projeto Museus Vivos, realizado no ano passado. Isso s\u00f3 foi poss\u00edvel porqu\u00ea a caravana do Cineamaz\u00f4nia Itinerante conta com um gerador  para esse tipo de emerg\u00eancia. Com isso, foi poss\u00edvel ter energia para os refletores, projetor, notebook, microfones e demais equipamentos utilizados nas proje\u00e7\u00f5es.<\/p>\n<p>Realidade cruel<\/p>\n<p>Conversando com alguns moradores, soubemos que a energia el\u00e9trica chegou h\u00e1 pouco tempo em Rio Pardo, mas j\u00e1 come\u00e7a a doer no bolso. \u201cTem tr\u00eas meses que come\u00e7aram a cobrar as contas de energia. Querem que a gente pague a taxa de ilumina\u00e7\u00e3o p\u00fablica, mas n\u00e3o tem uma l\u00e2mpada nos postes. Mas, o pre\u00e7o \u00e9 salgado. M\u00eas passado paguei mais de 10 reais s\u00f3 nisso. A gente reclama, reclama, e \u00e9 esse \u00e9 o servi\u00e7o que prestam. Aqui do lado, o dono da sorveteria j\u00e1 est\u00e1 tendo maior preju\u00edzo com essa falta de energia el\u00e9trica h\u00e1 horas\u201d, afirmou o radialista e dono de um pequeno restaurante que serve espetinhos, Abra\u00e3o Sousa.<\/p>\n<p>A caravana do Cineamaz\u00f4nia saiu de Rio Pardo por volta das 08:30 da manh\u00e3 desta segunda-feira (14) e at\u00e9 aquele momento, a energia el\u00e9trica ainda n\u00e3o tinha sido restabelecida.<\/p>\n<p>Alegria<\/p>\n<p>Esta \u00e9 a quarta vez que o Cineamaz\u00f4nia Itinerante vai at\u00e9 o distrito de Rio Pardo, mas n\u00e3o \u00e9 a \u00fanica atividade que o projeto realiza na cidade. Ainda h\u00e1 o Animando Amaz\u00f4nia e o Museus Vivos, realizado no ano passado com um dos pioneiros da cidade, Salvador da Cruz Filho.<\/p>\n<p>Apesar das dificuldades, todos gostaram dos filmes exibidos e da apresenta\u00e7\u00e3o do palha\u00e7o Cloro. \u201cEu fiquei muito empolgada com mais uma presen\u00e7a do Cineamaz\u00f4nia na nossa cidade. Pelo o que sei, \u00e9 a quarta vez que voc\u00eas v\u00eam aqui e sempre compare\u00e7o. Trouxe minha filha, de oito anos e um priminho dela. Eu nunca tive essa oportunidade de me divertir com cinema ou palha\u00e7o quando crian\u00e7a. Ent\u00e3o, a gente aproveita muito essa chance. Tamb\u00e9m achei importante todos conhecerem a hist\u00f3ria do seu Salvador, que desde que moro aqui em Rio Pardo, sempre lutou por melhorias e busca sempre mais infraestrutura para nossa cidade\u201d, afirmou a professora Rosenira Soares.<\/p>\n<p>Texto: Felipe Corona<\/p>\n<p>Fotos: Beethoven Delano<\/p>\n","protected":false},"excerpt":{"rendered":"<p>Ap\u00f3s percorrer 105 quil\u00f4metros que separam Jacy-Paran\u00e1 de Rio Pardo, a caravana do Cineamaz\u00f4nia Itinerante chegou no in\u00edcio da tarde do domingo (13), ao distrito de Rio Pardo, que pertence a Porto Velho, mas est\u00e1 mais pr\u00f3ximo de Buritis, que fica a somente 80 quil\u00f4metros de dist\u00e2ncia do local. O trecho feito em estrada de&#8230;<a class=\"more-link\" href=\"http:\/\/blogdalucianaoliveira.com.br\/blog\/2017\/08\/15\/cineamazonia-itinerante-faz-exibicao-de-filmes-as-escuras-em-rio-pardo\/\">Continue a leitura <span class=\"meta-nav\">&raquo;<\/span><\/a><\/p>\n","protected":false},"author":1,"featured_media":0,"comment_status":"closed","ping_status":"open","sticky":false,"template":"","format":"standard","meta":{"_exactmetrics_skip_tracking":false,"_exactmetrics_sitenote_active":false,"_exactmetrics_sitenote_note":"","_exactmetrics_sitenote_category":0,"jetpack_post_was_ever_published":false,"_jetpack_newsletter_access":"","_jetpack_dont_email_post_to_subs":false,"_jetpack_newsletter_tier_id":0,"_jetpack_memberships_contains_paywalled_content":false,"_jetpack_memberships_contains_paid_content":false,"footnotes":"","jetpack_publicize_message":"","jetpack_publicize_feature_enabled":true,"jetpack_social_post_already_shared":true,"jetpack_social_options":{"image_generator_settings":{"template":"highway","enabled":false},"version":2}},"categories":[1],"tags":[],"class_list":["post-12966","post","type-post","status-publish","format-standard","hentry","category-notas"],"jetpack_publicize_connections":[],"jetpack_sharing_enabled":true,"jetpack_featured_media_url":"","jetpack_shortlink":"https:\/\/wp.me\/p7wKYW-3n8","jetpack-related-posts":[],"_links":{"self":[{"href":"http:\/\/blogdalucianaoliveira.com.br\/blog\/wp-json\/wp\/v2\/posts\/12966","targetHints":{"allow":["GET"]}}],"collection":[{"href":"http:\/\/blogdalucianaoliveira.com.br\/blog\/wp-json\/wp\/v2\/posts"}],"about":[{"href":"http:\/\/blogdalucianaoliveira.com.br\/blog\/wp-json\/wp\/v2\/types\/post"}],"author":[{"embeddable":true,"href":"http:\/\/blogdalucianaoliveira.com.br\/blog\/wp-json\/wp\/v2\/users\/1"}],"replies":[{"embeddable":true,"href":"http:\/\/blogdalucianaoliveira.com.br\/blog\/wp-json\/wp\/v2\/comments?post=12966"}],"version-history":[{"count":1,"href":"http:\/\/blogdalucianaoliveira.com.br\/blog\/wp-json\/wp\/v2\/posts\/12966\/revisions"}],"predecessor-version":[{"id":12969,"href":"http:\/\/blogdalucianaoliveira.com.br\/blog\/wp-json\/wp\/v2\/posts\/12966\/revisions\/12969"}],"wp:attachment":[{"href":"http:\/\/blogdalucianaoliveira.com.br\/blog\/wp-json\/wp\/v2\/media?parent=12966"}],"wp:term":[{"taxonomy":"category","embeddable":true,"href":"http:\/\/blogdalucianaoliveira.com.br\/blog\/wp-json\/wp\/v2\/categories?post=12966"},{"taxonomy":"post_tag","embeddable":true,"href":"http:\/\/blogdalucianaoliveira.com.br\/blog\/wp-json\/wp\/v2\/tags?post=12966"}],"curies":[{"name":"wp","href":"https:\/\/api.w.org\/{rel}","templated":true}]}}