{"id":12970,"date":"2017-08-15T18:48:25","date_gmt":"2017-08-15T22:48:25","guid":{"rendered":"http:\/\/blogdalucianaoliveira.com.br\/blog\/?p=12970"},"modified":"2017-08-15T18:48:25","modified_gmt":"2017-08-15T22:48:25","slug":"meirelles-anuncia-rombo-de-r-159-bilhoes-que-pode-parar-a-maquina-publica","status":"publish","type":"post","link":"http:\/\/blogdalucianaoliveira.com.br\/blog\/2017\/08\/15\/meirelles-anuncia-rombo-de-r-159-bilhoes-que-pode-parar-a-maquina-publica\/","title":{"rendered":"MEIRELLES ANUNCIA ROMBO DE R$ 159 BILH\u00d5ES, QUE PODE PARAR A M\u00c1QUINA P\u00daBLICA"},"content":{"rendered":"<p><img data-recalc-dims=\"1\" loading=\"lazy\" decoding=\"async\" data-attachment-id=\"12971\" data-permalink=\"http:\/\/blogdalucianaoliveira.com.br\/blog\/2017\/08\/15\/meirelles-anuncia-rombo-de-r-159-bilhoes-que-pode-parar-a-maquina-publica\/rom\/\" data-orig-file=\"https:\/\/i0.wp.com\/blogdalucianaoliveira.com.br\/blog\/wp-content\/uploads\/2017\/08\/rom.jpg?fit=1000%2C357\" data-orig-size=\"1000,357\" data-comments-opened=\"0\" data-image-meta=\"{&quot;aperture&quot;:&quot;0&quot;,&quot;credit&quot;:&quot;&quot;,&quot;camera&quot;:&quot;&quot;,&quot;caption&quot;:&quot;&quot;,&quot;created_timestamp&quot;:&quot;0&quot;,&quot;copyright&quot;:&quot;&quot;,&quot;focal_length&quot;:&quot;0&quot;,&quot;iso&quot;:&quot;0&quot;,&quot;shutter_speed&quot;:&quot;0&quot;,&quot;title&quot;:&quot;&quot;,&quot;orientation&quot;:&quot;0&quot;}\" data-image-title=\"rom\" data-image-description=\"\" data-image-caption=\"\" data-medium-file=\"https:\/\/i0.wp.com\/blogdalucianaoliveira.com.br\/blog\/wp-content\/uploads\/2017\/08\/rom.jpg?fit=300%2C107\" data-large-file=\"https:\/\/i0.wp.com\/blogdalucianaoliveira.com.br\/blog\/wp-content\/uploads\/2017\/08\/rom.jpg?fit=600%2C214\" src=\"https:\/\/i0.wp.com\/blogdalucianaoliveira.com.br\/blog\/wp-content\/uploads\/2017\/08\/rom.jpg?resize=600%2C214\" alt=\"rom\" width=\"600\" height=\"214\" class=\"alignnone size-full wp-image-12971\" srcset=\"https:\/\/i0.wp.com\/blogdalucianaoliveira.com.br\/blog\/wp-content\/uploads\/2017\/08\/rom.jpg?w=1000 1000w, https:\/\/i0.wp.com\/blogdalucianaoliveira.com.br\/blog\/wp-content\/uploads\/2017\/08\/rom.jpg?resize=300%2C107 300w, https:\/\/i0.wp.com\/blogdalucianaoliveira.com.br\/blog\/wp-content\/uploads\/2017\/08\/rom.jpg?resize=768%2C274 768w, https:\/\/i0.wp.com\/blogdalucianaoliveira.com.br\/blog\/wp-content\/uploads\/2017\/08\/rom.jpg?resize=800%2C286 800w\" sizes=\"auto, (max-width: 600px) 100vw, 600px\" \/><\/p>\n<p>247 &#8211; Os ministros da Fazenda, Henrique Meirelles, e do Planejamento, Dyogo Oliveira, anunciaram nesta noite a mudan\u00e7a na meta fiscal deste ano, de um d\u00e9ficit de R$ 139 bilh\u00f5es para um d\u00e9ficit de R$ 159 bilh\u00f5es. J\u00e1 a meta fiscal do ano que vem, que estava prevista para R$ 129 bilh\u00f5es de deficit, tamb\u00e9m foi elevada para R$ 159 bilh\u00f5es.<!--more--><\/p>\n<p>Ao anunciar o rombo, Meirelles diz que com essa queda de arrecada\u00e7\u00e3o pela infla\u00e7\u00e3o menor, o governo espera em 2017 uma arrecada\u00e7\u00e3o menor do que a esperada h\u00e1 um ano, quando foi definida a meta. A queda resultada apenas pela redu\u00e7\u00e3o da infla\u00e7\u00e3o \u00e9 de cerca de R$ 19 bilh\u00f5es.<\/p>\n<p>Leia reportagem da Ag\u00eancia Brasil sobre o assunto:<\/p>\n<p>Com as frustra\u00e7\u00f5es de receitas, o governo anunciou hoje (10) o aumento da meta de d\u00e9ficit fiscal do Governo Central (Tesouro Nacional, Previd\u00eancia Social e Banco Central) para R$ 159 bilh\u00f5es este ano. A meta para o pr\u00f3ximo ano foi revista para R$ 159 bilh\u00f5es.<\/p>\n<p>O d\u00e9ficit prim\u00e1rio \u00e9 o resultado das despesas maiores que as receitas, sem considerar os gastos com juros da d\u00edvida p\u00fablica. O an\u00fancio foi feito h\u00e1 pouco pelos ministros da Fazenda, Henrique Meirelles, e do Planejamento, Dyogo Oliveira.<\/p>\n<p>A altera\u00e7\u00e3o das metas na Lei de Diretrizes Or\u00e7ament\u00e1rias (LDO) precisa ser aprovada pelo Congresso Nacional. Em 12 meses encerrados em junho, o d\u00e9ficit prim\u00e1rio ficou em R$ 167,198 bilh\u00f5es, o que corresponde a 2,62% do Produto Interno Bruto (PI B) , a soma de todos os bens e servi\u00e7os produzidos no pa\u00eds, de acordo com dados do Banco Central (BC).<\/p>\n<p>Originalmente, a meta de d\u00e9ficit estava fixada em R$ 139 bilh\u00f5es para este ano e em R$ 129 bilh\u00f5es para 2018. No entanto, a arrecada\u00e7\u00e3o ainda em queda, e uma s\u00e9rie de frustra\u00e7\u00f5es de receitas dificultaram o cumprimento da meta original.<\/p>\n<p>Primeiramente, o Tribunal de Contas da Uni\u00e3o (TCU) mandou a Ag\u00eancia Nacional de Energia El\u00e9trica (Aneel) refazer o edital do leil\u00e3o de renova\u00e7\u00e3o de concess\u00e3o de usinas hidrel\u00e9tricas da Companhia Energ\u00e9tica de Minas Gerais (Cemig), que renderia R$ 11 bilh\u00f5es aos cofres federais este ano.<\/p>\n<p>A segunda vers\u00e3o do programa de regulariza\u00e7\u00e3o de ativos no exterior, conhecida como repatria\u00e7\u00e3o, arrecadou apenas R$ 1,61 bilh\u00e3o, em vez dos R$ 13 bilh\u00f5es inicialmente previstos. As altera\u00e7\u00f5es na medida provis\u00f3ria que criou a renegocia\u00e7\u00e3o especial de d\u00edvidas com a Uni\u00e3o tamb\u00e9m podem diminuir a previs\u00e3o de arrecada\u00e7\u00e3o, caso o governo n\u00e3o consiga reverter essas mudan\u00e7as.<\/p>\n<p>Por fim, o governo teve de recuar de medidas que elevariam as receitas. O aumento do Programa de Integra\u00e7\u00e3o Social e da Contribui\u00e7\u00e3o para o Financiamento da Seguridade Social (PIS\/Cofins) sobre o etanol foi parcialmente revertido, reduzindo a previs\u00e3o de arrecada\u00e7\u00e3o em R$ 501 milh\u00f5es.<\/p>\n","protected":false},"excerpt":{"rendered":"<p>247 &#8211; Os ministros da Fazenda, Henrique Meirelles, e do Planejamento, Dyogo Oliveira, anunciaram nesta noite a mudan\u00e7a na meta fiscal deste ano, de um d\u00e9ficit de R$ 139 bilh\u00f5es para um d\u00e9ficit de R$ 159 bilh\u00f5es. J\u00e1 a meta fiscal do ano que vem, que estava prevista para R$ 129 bilh\u00f5es de deficit, tamb\u00e9m&#8230;<a class=\"more-link\" href=\"http:\/\/blogdalucianaoliveira.com.br\/blog\/2017\/08\/15\/meirelles-anuncia-rombo-de-r-159-bilhoes-que-pode-parar-a-maquina-publica\/\">Continue a leitura <span class=\"meta-nav\">&raquo;<\/span><\/a><\/p>\n","protected":false},"author":1,"featured_media":0,"comment_status":"closed","ping_status":"open","sticky":false,"template":"","format":"standard","meta":{"_exactmetrics_skip_tracking":false,"_exactmetrics_sitenote_active":false,"_exactmetrics_sitenote_note":"","_exactmetrics_sitenote_category":0,"jetpack_post_was_ever_published":false,"_jetpack_newsletter_access":"","_jetpack_dont_email_post_to_subs":false,"_jetpack_newsletter_tier_id":0,"_jetpack_memberships_contains_paywalled_content":false,"_jetpack_memberships_contains_paid_content":false,"footnotes":"","jetpack_publicize_message":"","jetpack_publicize_feature_enabled":true,"jetpack_social_post_already_shared":true,"jetpack_social_options":{"image_generator_settings":{"template":"highway","enabled":false},"version":2}},"categories":[1],"tags":[302,301,45],"class_list":["post-12970","post","type-post","status-publish","format-standard","hentry","category-notas","tag-meireles","tag-rombo","tag-temer"],"jetpack_publicize_connections":[],"jetpack_sharing_enabled":true,"jetpack_featured_media_url":"","jetpack_shortlink":"https:\/\/wp.me\/p7wKYW-3nc","jetpack-related-posts":[],"_links":{"self":[{"href":"http:\/\/blogdalucianaoliveira.com.br\/blog\/wp-json\/wp\/v2\/posts\/12970","targetHints":{"allow":["GET"]}}],"collection":[{"href":"http:\/\/blogdalucianaoliveira.com.br\/blog\/wp-json\/wp\/v2\/posts"}],"about":[{"href":"http:\/\/blogdalucianaoliveira.com.br\/blog\/wp-json\/wp\/v2\/types\/post"}],"author":[{"embeddable":true,"href":"http:\/\/blogdalucianaoliveira.com.br\/blog\/wp-json\/wp\/v2\/users\/1"}],"replies":[{"embeddable":true,"href":"http:\/\/blogdalucianaoliveira.com.br\/blog\/wp-json\/wp\/v2\/comments?post=12970"}],"version-history":[{"count":1,"href":"http:\/\/blogdalucianaoliveira.com.br\/blog\/wp-json\/wp\/v2\/posts\/12970\/revisions"}],"predecessor-version":[{"id":12972,"href":"http:\/\/blogdalucianaoliveira.com.br\/blog\/wp-json\/wp\/v2\/posts\/12970\/revisions\/12972"}],"wp:attachment":[{"href":"http:\/\/blogdalucianaoliveira.com.br\/blog\/wp-json\/wp\/v2\/media?parent=12970"}],"wp:term":[{"taxonomy":"category","embeddable":true,"href":"http:\/\/blogdalucianaoliveira.com.br\/blog\/wp-json\/wp\/v2\/categories?post=12970"},{"taxonomy":"post_tag","embeddable":true,"href":"http:\/\/blogdalucianaoliveira.com.br\/blog\/wp-json\/wp\/v2\/tags?post=12970"}],"curies":[{"name":"wp","href":"https:\/\/api.w.org\/{rel}","templated":true}]}}