{"id":12973,"date":"2017-08-15T18:59:58","date_gmt":"2017-08-15T22:59:58","guid":{"rendered":"http:\/\/blogdalucianaoliveira.com.br\/blog\/?p=12973"},"modified":"2017-08-15T18:59:58","modified_gmt":"2017-08-15T22:59:58","slug":"lider-ultradireitista-defende-protesto-racista-claro-que-voltaremos-a-charlottesville","status":"publish","type":"post","link":"http:\/\/blogdalucianaoliveira.com.br\/blog\/2017\/08\/15\/lider-ultradireitista-defende-protesto-racista-claro-que-voltaremos-a-charlottesville\/","title":{"rendered":"L\u00edder ultradireitista defende protesto racista: \u201cClaro que voltaremos a Charlottesville\u201d"},"content":{"rendered":"<p><img data-recalc-dims=\"1\" loading=\"lazy\" decoding=\"async\" data-attachment-id=\"12974\" data-permalink=\"http:\/\/blogdalucianaoliveira.com.br\/blog\/2017\/08\/15\/lider-ultradireitista-defende-protesto-racista-claro-que-voltaremos-a-charlottesville\/cocor\/\" data-orig-file=\"https:\/\/i0.wp.com\/blogdalucianaoliveira.com.br\/blog\/wp-content\/uploads\/2017\/08\/cocor.jpg?fit=1960%2C1308\" data-orig-size=\"1960,1308\" data-comments-opened=\"0\" data-image-meta=\"{&quot;aperture&quot;:&quot;0&quot;,&quot;credit&quot;:&quot;&quot;,&quot;camera&quot;:&quot;&quot;,&quot;caption&quot;:&quot;&quot;,&quot;created_timestamp&quot;:&quot;0&quot;,&quot;copyright&quot;:&quot;&quot;,&quot;focal_length&quot;:&quot;0&quot;,&quot;iso&quot;:&quot;0&quot;,&quot;shutter_speed&quot;:&quot;0&quot;,&quot;title&quot;:&quot;&quot;,&quot;orientation&quot;:&quot;0&quot;}\" data-image-title=\"cocor\" data-image-description=\"\" data-image-caption=\"\" data-medium-file=\"https:\/\/i0.wp.com\/blogdalucianaoliveira.com.br\/blog\/wp-content\/uploads\/2017\/08\/cocor.jpg?fit=300%2C200\" data-large-file=\"https:\/\/i0.wp.com\/blogdalucianaoliveira.com.br\/blog\/wp-content\/uploads\/2017\/08\/cocor.jpg?fit=600%2C400\" src=\"https:\/\/i0.wp.com\/blogdalucianaoliveira.com.br\/blog\/wp-content\/uploads\/2017\/08\/cocor.jpg?resize=600%2C400\" alt=\"cocor\" width=\"600\" height=\"400\" class=\"alignnone size-full wp-image-12974\" srcset=\"https:\/\/i0.wp.com\/blogdalucianaoliveira.com.br\/blog\/wp-content\/uploads\/2017\/08\/cocor.jpg?w=1960 1960w, https:\/\/i0.wp.com\/blogdalucianaoliveira.com.br\/blog\/wp-content\/uploads\/2017\/08\/cocor.jpg?resize=300%2C200 300w, https:\/\/i0.wp.com\/blogdalucianaoliveira.com.br\/blog\/wp-content\/uploads\/2017\/08\/cocor.jpg?resize=768%2C513 768w, https:\/\/i0.wp.com\/blogdalucianaoliveira.com.br\/blog\/wp-content\/uploads\/2017\/08\/cocor.jpg?resize=1024%2C683 1024w, https:\/\/i0.wp.com\/blogdalucianaoliveira.com.br\/blog\/wp-content\/uploads\/2017\/08\/cocor.jpg?resize=450%2C300 450w, https:\/\/i0.wp.com\/blogdalucianaoliveira.com.br\/blog\/wp-content\/uploads\/2017\/08\/cocor.jpg?w=1200 1200w, https:\/\/i0.wp.com\/blogdalucianaoliveira.com.br\/blog\/wp-content\/uploads\/2017\/08\/cocor.jpg?w=1800 1800w\" sizes=\"auto, (max-width: 600px) 100vw, 600px\" \/><\/p>\n<p>Richard Spencer, pai do conceito de &#8216;alt-right&#8217;, organizou ato que terminou em uma morte no s\u00e1bado<!--more--><\/p>\n<p>No El Pa\u00eds<\/p>\n<p>O ataque de um simpatizante neonazista que deixou uma pessoa morta no \u00faltimo s\u00e1bado, em Charlottesville (Virginia), n\u00e3o foi suficiente para calar a extrema direita norte-americana. \u201cClaro que voltaremos a Charlottesville\u201d, frisa Richard Spencer, um supremacista branco organizador, entre outros, do protesto contra a retirada de um monumento da guerra civil que terminou em embates no fim de semana.<\/p>\n<p>\u201cN\u00e3o podemos permitir que funcion\u00e1rios corruptos suprimam a liberdade de express\u00e3o\u201d, afirmou em uma entrevista Spencer, de 39 anos, pai do conceito de alt-right, a chamada direita alternativa que est\u00e1 no auge nos EUA e que defende a heran\u00e7a branca europeia.<\/p>\n<p>No s\u00e1bado, dia 12, a pol\u00edcia retirou Spencer e seus seguidores ap\u00f3s declarar ilegal a concentra\u00e7\u00e3o diante da est\u00e1tua de Robert E. Lee, general da velha Confedera\u00e7\u00e3o escravista. Com a incapacidade da pol\u00edcia de cont\u00ea-los, manifestantes da direita racista e grupos afro-americanos e antifascistas que protestavam contra a manifesta\u00e7\u00e3o se engalfinharam. Em meio a esses dist\u00farbios, um motorista simpatizante do neonazismo atropelou um grupo de esquerda, matando uma mulher e ferindo cerca de 19 pessoas.<\/p>\n<p>O radical culpa as autoridades pela viol\u00eancia e questiona o fato de Alex Fields, o homem de 20 anos que atropelou os manifestantes antifascistas, ter feito isso de prop\u00f3sito, argumenta\u00e7\u00e3o sustentada pela pol\u00edcia. \u201cQuem tem sangue nas m\u00e3os s\u00e3o o governador e o prefeito, que instigaram e exacerbaram a situa\u00e7\u00e3o. Permitiram que o caos reinasse\u201d, diz. Foi a presen\u00e7a dos supremacistas que disparou a tens\u00e3o nessa progressista e normalmente tranquila cidade universit\u00e1ria.<\/p>\n<p><img data-recalc-dims=\"1\" loading=\"lazy\" decoding=\"async\" data-attachment-id=\"12975\" data-permalink=\"http:\/\/blogdalucianaoliveira.com.br\/blog\/2017\/08\/15\/lider-ultradireitista-defende-protesto-racista-claro-que-voltaremos-a-charlottesville\/neg\/\" data-orig-file=\"https:\/\/i0.wp.com\/blogdalucianaoliveira.com.br\/blog\/wp-content\/uploads\/2017\/08\/neg.jpg?fit=1960%2C1224\" data-orig-size=\"1960,1224\" data-comments-opened=\"0\" data-image-meta=\"{&quot;aperture&quot;:&quot;0&quot;,&quot;credit&quot;:&quot;&quot;,&quot;camera&quot;:&quot;&quot;,&quot;caption&quot;:&quot;&quot;,&quot;created_timestamp&quot;:&quot;0&quot;,&quot;copyright&quot;:&quot;&quot;,&quot;focal_length&quot;:&quot;0&quot;,&quot;iso&quot;:&quot;0&quot;,&quot;shutter_speed&quot;:&quot;0&quot;,&quot;title&quot;:&quot;&quot;,&quot;orientation&quot;:&quot;0&quot;}\" data-image-title=\"neg\" data-image-description=\"\" data-image-caption=\"\" data-medium-file=\"https:\/\/i0.wp.com\/blogdalucianaoliveira.com.br\/blog\/wp-content\/uploads\/2017\/08\/neg.jpg?fit=300%2C187\" data-large-file=\"https:\/\/i0.wp.com\/blogdalucianaoliveira.com.br\/blog\/wp-content\/uploads\/2017\/08\/neg.jpg?fit=600%2C374\" src=\"https:\/\/i0.wp.com\/blogdalucianaoliveira.com.br\/blog\/wp-content\/uploads\/2017\/08\/neg.jpg?resize=600%2C375\" alt=\"neg\" width=\"600\" height=\"375\" class=\"alignnone size-full wp-image-12975\" srcset=\"https:\/\/i0.wp.com\/blogdalucianaoliveira.com.br\/blog\/wp-content\/uploads\/2017\/08\/neg.jpg?w=1960 1960w, https:\/\/i0.wp.com\/blogdalucianaoliveira.com.br\/blog\/wp-content\/uploads\/2017\/08\/neg.jpg?resize=300%2C187 300w, https:\/\/i0.wp.com\/blogdalucianaoliveira.com.br\/blog\/wp-content\/uploads\/2017\/08\/neg.jpg?resize=768%2C480 768w, https:\/\/i0.wp.com\/blogdalucianaoliveira.com.br\/blog\/wp-content\/uploads\/2017\/08\/neg.jpg?resize=1024%2C639 1024w, https:\/\/i0.wp.com\/blogdalucianaoliveira.com.br\/blog\/wp-content\/uploads\/2017\/08\/neg.jpg?resize=480%2C300 480w, https:\/\/i0.wp.com\/blogdalucianaoliveira.com.br\/blog\/wp-content\/uploads\/2017\/08\/neg.jpg?w=1200 1200w, https:\/\/i0.wp.com\/blogdalucianaoliveira.com.br\/blog\/wp-content\/uploads\/2017\/08\/neg.jpg?w=1800 1800w\" sizes=\"auto, (max-width: 600px) 100vw, 600px\" \/><\/p>\n<p>No protesto de diversos grupos racistas, incluindo neonazistas e a Ku Klux Klan, pessoas estavam vestidas como militares e com rifles \u2013 algo permitido pela lei de posse de armas da Virginia \u2013, e outras com escudos e porretes. Tudo o que Spencer admite \u00e9 que seu grupo possu\u00eda algum \u201cmal-intencionado\u201d, mas culpa os antifascistas de causarem a viol\u00eancia e defende o direito \u00e0 defesa.<\/p>\n<p>O supremacista j\u00e1 participou em maio em Charlottesville de um desfile com tochas de fogo, que evoca os tempos de maior atividade da Ku Klux Klan, para protestar contra a decis\u00e3o da Prefeitura de retirar a est\u00e1tua de Lee por consider\u00e1-la um s\u00edmbolo de divis\u00e3o. A justi\u00e7a paralisou temporariamente essa decis\u00e3o.<\/p>\n<p>Mark, um negro de 28 anos que protestava contra a extrema direita, viu de perto o atropelamento do s\u00e1bado. \u201cFoi uma coisa horr\u00edvel\u201d, descreve, ainda surpreso. Defende a retirada da est\u00e1tua de Lee porque est\u00e1 causando viol\u00eancia, mas acredita que os dist\u00farbios \u201csegregar\u00e3o racialmente\u201d ainda mais a popula\u00e7\u00e3o.<\/p>\n<p><img data-recalc-dims=\"1\" loading=\"lazy\" decoding=\"async\" data-attachment-id=\"12976\" data-permalink=\"http:\/\/blogdalucianaoliveira.com.br\/blog\/2017\/08\/15\/lider-ultradireitista-defende-protesto-racista-claro-que-voltaremos-a-charlottesville\/neg1\/\" data-orig-file=\"https:\/\/i0.wp.com\/blogdalucianaoliveira.com.br\/blog\/wp-content\/uploads\/2017\/08\/neg1.jpg?fit=1960%2C1156\" data-orig-size=\"1960,1156\" data-comments-opened=\"0\" data-image-meta=\"{&quot;aperture&quot;:&quot;0&quot;,&quot;credit&quot;:&quot;&quot;,&quot;camera&quot;:&quot;&quot;,&quot;caption&quot;:&quot;&quot;,&quot;created_timestamp&quot;:&quot;0&quot;,&quot;copyright&quot;:&quot;&quot;,&quot;focal_length&quot;:&quot;0&quot;,&quot;iso&quot;:&quot;0&quot;,&quot;shutter_speed&quot;:&quot;0&quot;,&quot;title&quot;:&quot;&quot;,&quot;orientation&quot;:&quot;0&quot;}\" data-image-title=\"neg1\" data-image-description=\"\" data-image-caption=\"\" data-medium-file=\"https:\/\/i0.wp.com\/blogdalucianaoliveira.com.br\/blog\/wp-content\/uploads\/2017\/08\/neg1.jpg?fit=300%2C177\" data-large-file=\"https:\/\/i0.wp.com\/blogdalucianaoliveira.com.br\/blog\/wp-content\/uploads\/2017\/08\/neg1.jpg?fit=600%2C354\" src=\"https:\/\/i0.wp.com\/blogdalucianaoliveira.com.br\/blog\/wp-content\/uploads\/2017\/08\/neg1.jpg?resize=600%2C354\" alt=\"neg1\" width=\"600\" height=\"354\" class=\"alignnone size-full wp-image-12976\" srcset=\"https:\/\/i0.wp.com\/blogdalucianaoliveira.com.br\/blog\/wp-content\/uploads\/2017\/08\/neg1.jpg?w=1960 1960w, https:\/\/i0.wp.com\/blogdalucianaoliveira.com.br\/blog\/wp-content\/uploads\/2017\/08\/neg1.jpg?resize=300%2C177 300w, https:\/\/i0.wp.com\/blogdalucianaoliveira.com.br\/blog\/wp-content\/uploads\/2017\/08\/neg1.jpg?resize=768%2C453 768w, https:\/\/i0.wp.com\/blogdalucianaoliveira.com.br\/blog\/wp-content\/uploads\/2017\/08\/neg1.jpg?resize=1024%2C604 1024w, https:\/\/i0.wp.com\/blogdalucianaoliveira.com.br\/blog\/wp-content\/uploads\/2017\/08\/neg1.jpg?resize=509%2C300 509w, https:\/\/i0.wp.com\/blogdalucianaoliveira.com.br\/blog\/wp-content\/uploads\/2017\/08\/neg1.jpg?w=1200 1200w, https:\/\/i0.wp.com\/blogdalucianaoliveira.com.br\/blog\/wp-content\/uploads\/2017\/08\/neg1.jpg?w=1800 1800w\" sizes=\"auto, (max-width: 600px) 100vw, 600px\" \/><\/p>\n<p>Outros tamb\u00e9m atribuem o caos \u00e0s for\u00e7as da ordem. \u201cTemos que nos proteger entre n\u00f3s. A pol\u00edcia n\u00e3o o faz, permite que os supremacistas venham \u00e0 cidade\u201d, denuncia Jacobie Mupin, de 19 anos e integrante da organiza\u00e7\u00e3o Black Lives Matter (Vidas Negras Importam).<\/p>\n<p>Sua m\u00e3e, Candice, de 38 anos e que carrega um bast\u00e3o de beisebol, culpa o presidente Donald Trump pela viol\u00eancia. \u201cEle \u00e9 a raz\u00e3o disso, \u00e9 seu l\u00edder, a raz\u00e3o pela qual se sentem t\u00e3o empoderados\u201d, diz sobre os racistas. \u201cAs pessoas agora t\u00eam muito mais coragem em manifestarem seu \u00f3dio, seu desd\u00e9m em rela\u00e7\u00e3o aos negros e morenos\u201d.<\/p>\n","protected":false},"excerpt":{"rendered":"<p>Richard Spencer, pai do conceito de &#8216;alt-right&#8217;, organizou ato que terminou em uma morte no s\u00e1bado<\/p>\n","protected":false},"author":1,"featured_media":0,"comment_status":"closed","ping_status":"open","sticky":false,"template":"","format":"standard","meta":{"_exactmetrics_skip_tracking":false,"_exactmetrics_sitenote_active":false,"_exactmetrics_sitenote_note":"","_exactmetrics_sitenote_category":0,"jetpack_post_was_ever_published":false,"_jetpack_newsletter_access":"","_jetpack_dont_email_post_to_subs":false,"_jetpack_newsletter_tier_id":0,"_jetpack_memberships_contains_paywalled_content":false,"_jetpack_memberships_contains_paid_content":false,"footnotes":"","jetpack_publicize_message":"","jetpack_publicize_feature_enabled":true,"jetpack_social_post_already_shared":true,"jetpack_social_options":{"image_generator_settings":{"template":"highway","enabled":false},"version":2}},"categories":[1],"tags":[],"class_list":["post-12973","post","type-post","status-publish","format-standard","hentry","category-notas"],"jetpack_publicize_connections":[],"jetpack_sharing_enabled":true,"jetpack_featured_media_url":"","jetpack_shortlink":"https:\/\/wp.me\/p7wKYW-3nf","jetpack-related-posts":[],"_links":{"self":[{"href":"http:\/\/blogdalucianaoliveira.com.br\/blog\/wp-json\/wp\/v2\/posts\/12973","targetHints":{"allow":["GET"]}}],"collection":[{"href":"http:\/\/blogdalucianaoliveira.com.br\/blog\/wp-json\/wp\/v2\/posts"}],"about":[{"href":"http:\/\/blogdalucianaoliveira.com.br\/blog\/wp-json\/wp\/v2\/types\/post"}],"author":[{"embeddable":true,"href":"http:\/\/blogdalucianaoliveira.com.br\/blog\/wp-json\/wp\/v2\/users\/1"}],"replies":[{"embeddable":true,"href":"http:\/\/blogdalucianaoliveira.com.br\/blog\/wp-json\/wp\/v2\/comments?post=12973"}],"version-history":[{"count":1,"href":"http:\/\/blogdalucianaoliveira.com.br\/blog\/wp-json\/wp\/v2\/posts\/12973\/revisions"}],"predecessor-version":[{"id":12977,"href":"http:\/\/blogdalucianaoliveira.com.br\/blog\/wp-json\/wp\/v2\/posts\/12973\/revisions\/12977"}],"wp:attachment":[{"href":"http:\/\/blogdalucianaoliveira.com.br\/blog\/wp-json\/wp\/v2\/media?parent=12973"}],"wp:term":[{"taxonomy":"category","embeddable":true,"href":"http:\/\/blogdalucianaoliveira.com.br\/blog\/wp-json\/wp\/v2\/categories?post=12973"},{"taxonomy":"post_tag","embeddable":true,"href":"http:\/\/blogdalucianaoliveira.com.br\/blog\/wp-json\/wp\/v2\/tags?post=12973"}],"curies":[{"name":"wp","href":"https:\/\/api.w.org\/{rel}","templated":true}]}}