{"id":12980,"date":"2017-08-16T07:33:24","date_gmt":"2017-08-16T11:33:24","guid":{"rendered":"http:\/\/blogdalucianaoliveira.com.br\/blog\/?p=12980"},"modified":"2017-08-16T07:36:36","modified_gmt":"2017-08-16T11:36:36","slug":"comeca-bem-o-dia-em-que-um-desembargador-reclama-de-pagar-o-pato-pelo-golpe","status":"publish","type":"post","link":"http:\/\/blogdalucianaoliveira.com.br\/blog\/2017\/08\/16\/comeca-bem-o-dia-em-que-um-desembargador-reclama-de-pagar-o-pato-pelo-golpe\/","title":{"rendered":"Come\u00e7a bem o dia em que um desembargador reclama de pagar o pato pelo golpe"},"content":{"rendered":"<p><img data-recalc-dims=\"1\" loading=\"lazy\" decoding=\"async\" data-attachment-id=\"12983\" data-permalink=\"http:\/\/blogdalucianaoliveira.com.br\/blog\/2017\/08\/16\/comeca-bem-o-dia-em-que-um-desembargador-reclama-de-pagar-o-pato-pelo-golpe\/img_3462\/\" data-orig-file=\"https:\/\/i0.wp.com\/blogdalucianaoliveira.com.br\/blog\/wp-content\/uploads\/2017\/08\/IMG_3462.jpg?fit=1440%2C912\" data-orig-size=\"1440,912\" data-comments-opened=\"0\" data-image-meta=\"{&quot;aperture&quot;:&quot;0&quot;,&quot;credit&quot;:&quot;&quot;,&quot;camera&quot;:&quot;&quot;,&quot;caption&quot;:&quot;&quot;,&quot;created_timestamp&quot;:&quot;0&quot;,&quot;copyright&quot;:&quot;&quot;,&quot;focal_length&quot;:&quot;0&quot;,&quot;iso&quot;:&quot;0&quot;,&quot;shutter_speed&quot;:&quot;0&quot;,&quot;title&quot;:&quot;&quot;,&quot;orientation&quot;:&quot;1&quot;}\" data-image-title=\"IMG_3462\" data-image-description=\"\" data-image-caption=\"\" data-medium-file=\"https:\/\/i0.wp.com\/blogdalucianaoliveira.com.br\/blog\/wp-content\/uploads\/2017\/08\/IMG_3462.jpg?fit=300%2C190\" data-large-file=\"https:\/\/i0.wp.com\/blogdalucianaoliveira.com.br\/blog\/wp-content\/uploads\/2017\/08\/IMG_3462.jpg?fit=600%2C380\" src=\"https:\/\/i0.wp.com\/blogdalucianaoliveira.com.br\/blog\/wp-content\/uploads\/2017\/08\/IMG_3462.jpg?resize=600%2C380\" alt=\"IMG_3462\" width=\"600\" height=\"380\" class=\"alignnone size-full wp-image-12983\" srcset=\"https:\/\/i0.wp.com\/blogdalucianaoliveira.com.br\/blog\/wp-content\/uploads\/2017\/08\/IMG_3462.jpg?w=1440 1440w, https:\/\/i0.wp.com\/blogdalucianaoliveira.com.br\/blog\/wp-content\/uploads\/2017\/08\/IMG_3462.jpg?resize=300%2C190 300w, https:\/\/i0.wp.com\/blogdalucianaoliveira.com.br\/blog\/wp-content\/uploads\/2017\/08\/IMG_3462.jpg?resize=768%2C486 768w, https:\/\/i0.wp.com\/blogdalucianaoliveira.com.br\/blog\/wp-content\/uploads\/2017\/08\/IMG_3462.jpg?resize=1024%2C649 1024w, https:\/\/i0.wp.com\/blogdalucianaoliveira.com.br\/blog\/wp-content\/uploads\/2017\/08\/IMG_3462.jpg?resize=474%2C300 474w, https:\/\/i0.wp.com\/blogdalucianaoliveira.com.br\/blog\/wp-content\/uploads\/2017\/08\/IMG_3462.jpg?w=1200 1200w\" sizes=\"auto, (max-width: 600px) 100vw, 600px\" \/><\/p>\n<p>Na entrevista que assisti, o desembargador do TJ-RO, Gilberto Barbosa, ao falar sobre reforma pol\u00edtica, disse que a democracia tem um pre\u00e7o, que quase chorou ao ver o notici\u00e1rio, porque o cacete veio batendo forte no judici\u00e1rio que estaria sem aumento h\u00e1 seis anos. <!--more--><\/p>\n<p>Disse ainda que os ajustes e aumentos de impostos do governo Temer demonstram que a democracia tanto tem um pre\u00e7o,  que estamos pagando pelos erros de governos na \u00faltima d\u00e9cada. <\/p>\n<p>Foi mais ou menos isso o que disse. <\/p>\n<p>\u00d4&#8230;desembargador, t\u00f4 achando \u00e9 pouco o judici\u00e1rio tamb\u00e9m pagar o pato. Muitos servidores participaram de manifesta\u00e7\u00f5es em apoio ao golpe de olho nesses aumentos anunciados por Temer. Levaram o cano, s\u00f3 isso. V\u00e3o pra rua de novo! Protestem. \ud83d\ude04<\/p>\n<p><img data-recalc-dims=\"1\" loading=\"lazy\" decoding=\"async\" data-attachment-id=\"12981\" data-permalink=\"http:\/\/blogdalucianaoliveira.com.br\/blog\/2017\/08\/16\/comeca-bem-o-dia-em-que-um-desembargador-reclama-de-pagar-o-pato-pelo-golpe\/img_3460-2\/\" data-orig-file=\"https:\/\/i0.wp.com\/blogdalucianaoliveira.com.br\/blog\/wp-content\/uploads\/2017\/08\/IMG_3460.jpg?fit=723%2C388\" data-orig-size=\"723,388\" data-comments-opened=\"0\" data-image-meta=\"{&quot;aperture&quot;:&quot;0&quot;,&quot;credit&quot;:&quot;&quot;,&quot;camera&quot;:&quot;&quot;,&quot;caption&quot;:&quot;&quot;,&quot;created_timestamp&quot;:&quot;0&quot;,&quot;copyright&quot;:&quot;&quot;,&quot;focal_length&quot;:&quot;0&quot;,&quot;iso&quot;:&quot;0&quot;,&quot;shutter_speed&quot;:&quot;0&quot;,&quot;title&quot;:&quot;&quot;,&quot;orientation&quot;:&quot;0&quot;}\" data-image-title=\"IMG_3460\" data-image-description=\"\" data-image-caption=\"\" data-medium-file=\"https:\/\/i0.wp.com\/blogdalucianaoliveira.com.br\/blog\/wp-content\/uploads\/2017\/08\/IMG_3460.jpg?fit=300%2C161\" data-large-file=\"https:\/\/i0.wp.com\/blogdalucianaoliveira.com.br\/blog\/wp-content\/uploads\/2017\/08\/IMG_3460.jpg?fit=600%2C322\" src=\"https:\/\/i0.wp.com\/blogdalucianaoliveira.com.br\/blog\/wp-content\/uploads\/2017\/08\/IMG_3460.jpg?resize=600%2C322\" alt=\"IMG_3460\" width=\"600\" height=\"322\" class=\"alignnone size-full wp-image-12981\" srcset=\"https:\/\/i0.wp.com\/blogdalucianaoliveira.com.br\/blog\/wp-content\/uploads\/2017\/08\/IMG_3460.jpg?w=723 723w, https:\/\/i0.wp.com\/blogdalucianaoliveira.com.br\/blog\/wp-content\/uploads\/2017\/08\/IMG_3460.jpg?resize=300%2C161 300w, https:\/\/i0.wp.com\/blogdalucianaoliveira.com.br\/blog\/wp-content\/uploads\/2017\/08\/IMG_3460.jpg?resize=559%2C300 559w\" sizes=\"auto, (max-width: 600px) 100vw, 600px\" \/><\/p>\n<p>E os cortes e ajustes do governo TEMER s\u00e3o resultados do golpe \u00e0 democracia, n\u00e3o da democracia. <\/p>\n<p>E outra, prolongar a dieta de sal\u00e1rios no judici\u00e1rio est\u00e1 longe de ser prejudicial ao pa\u00eds. <\/p>\n<p>Fica tiste n\u00e3o Gilberto. \ud83e\udd23<\/p>\n","protected":false},"excerpt":{"rendered":"<p>Na entrevista que assisti, o desembargador do TJ-RO, Gilberto Barbosa, ao falar sobre reforma pol\u00edtica, disse que a democracia tem um pre\u00e7o, que quase chorou ao ver o notici\u00e1rio, porque o cacete veio batendo forte no judici\u00e1rio que estaria sem aumento h\u00e1 seis anos.<\/p>\n","protected":false},"author":1,"featured_media":0,"comment_status":"closed","ping_status":"open","sticky":false,"template":"","format":"standard","meta":{"_exactmetrics_skip_tracking":false,"_exactmetrics_sitenote_active":false,"_exactmetrics_sitenote_note":"","_exactmetrics_sitenote_category":0,"jetpack_post_was_ever_published":false,"_jetpack_newsletter_access":"","_jetpack_dont_email_post_to_subs":false,"_jetpack_newsletter_tier_id":0,"_jetpack_memberships_contains_paywalled_content":false,"_jetpack_memberships_contains_paid_content":false,"footnotes":"","jetpack_publicize_message":"","jetpack_publicize_feature_enabled":true,"jetpack_social_post_already_shared":true,"jetpack_social_options":{"image_generator_settings":{"template":"highway","enabled":false},"version":2}},"categories":[1],"tags":[],"class_list":["post-12980","post","type-post","status-publish","format-standard","hentry","category-notas"],"jetpack_publicize_connections":[],"jetpack_sharing_enabled":true,"jetpack_featured_media_url":"","jetpack_shortlink":"https:\/\/wp.me\/p7wKYW-3nm","jetpack-related-posts":[],"_links":{"self":[{"href":"http:\/\/blogdalucianaoliveira.com.br\/blog\/wp-json\/wp\/v2\/posts\/12980","targetHints":{"allow":["GET"]}}],"collection":[{"href":"http:\/\/blogdalucianaoliveira.com.br\/blog\/wp-json\/wp\/v2\/posts"}],"about":[{"href":"http:\/\/blogdalucianaoliveira.com.br\/blog\/wp-json\/wp\/v2\/types\/post"}],"author":[{"embeddable":true,"href":"http:\/\/blogdalucianaoliveira.com.br\/blog\/wp-json\/wp\/v2\/users\/1"}],"replies":[{"embeddable":true,"href":"http:\/\/blogdalucianaoliveira.com.br\/blog\/wp-json\/wp\/v2\/comments?post=12980"}],"version-history":[{"count":2,"href":"http:\/\/blogdalucianaoliveira.com.br\/blog\/wp-json\/wp\/v2\/posts\/12980\/revisions"}],"predecessor-version":[{"id":12984,"href":"http:\/\/blogdalucianaoliveira.com.br\/blog\/wp-json\/wp\/v2\/posts\/12980\/revisions\/12984"}],"wp:attachment":[{"href":"http:\/\/blogdalucianaoliveira.com.br\/blog\/wp-json\/wp\/v2\/media?parent=12980"}],"wp:term":[{"taxonomy":"category","embeddable":true,"href":"http:\/\/blogdalucianaoliveira.com.br\/blog\/wp-json\/wp\/v2\/categories?post=12980"},{"taxonomy":"post_tag","embeddable":true,"href":"http:\/\/blogdalucianaoliveira.com.br\/blog\/wp-json\/wp\/v2\/tags?post=12980"}],"curies":[{"name":"wp","href":"https:\/\/api.w.org\/{rel}","templated":true}]}}