{"id":12989,"date":"2017-08-16T11:18:31","date_gmt":"2017-08-16T15:18:31","guid":{"rendered":"http:\/\/blogdalucianaoliveira.com.br\/blog\/?p=12989"},"modified":"2017-08-16T11:18:31","modified_gmt":"2017-08-16T15:18:31","slug":"nao-vao-me-derrotar-agora-80-anos-depois-esta-mulher-continua-lutando-contra-o-nazismo","status":"publish","type":"post","link":"http:\/\/blogdalucianaoliveira.com.br\/blog\/2017\/08\/16\/nao-vao-me-derrotar-agora-80-anos-depois-esta-mulher-continua-lutando-contra-o-nazismo\/","title":{"rendered":"\u201cN\u00e3o v\u00e3o me derrotar agora\u201d: 80 anos depois, esta mulher continua lutando contra o nazismo"},"content":{"rendered":"<p><img data-recalc-dims=\"1\" loading=\"lazy\" decoding=\"async\" data-attachment-id=\"12990\" data-permalink=\"http:\/\/blogdalucianaoliveira.com.br\/blog\/2017\/08\/16\/nao-vao-me-derrotar-agora-80-anos-depois-esta-mulher-continua-lutando-contra-o-nazismo\/mari-4\/\" data-orig-file=\"https:\/\/i0.wp.com\/blogdalucianaoliveira.com.br\/blog\/wp-content\/uploads\/2017\/08\/mari.jpg?fit=675%2C1200\" data-orig-size=\"675,1200\" data-comments-opened=\"0\" data-image-meta=\"{&quot;aperture&quot;:&quot;0&quot;,&quot;credit&quot;:&quot;&quot;,&quot;camera&quot;:&quot;&quot;,&quot;caption&quot;:&quot;&quot;,&quot;created_timestamp&quot;:&quot;0&quot;,&quot;copyright&quot;:&quot;&quot;,&quot;focal_length&quot;:&quot;0&quot;,&quot;iso&quot;:&quot;0&quot;,&quot;shutter_speed&quot;:&quot;0&quot;,&quot;title&quot;:&quot;&quot;,&quot;orientation&quot;:&quot;0&quot;}\" data-image-title=\"mari\" data-image-description=\"\" data-image-caption=\"\" data-medium-file=\"https:\/\/i0.wp.com\/blogdalucianaoliveira.com.br\/blog\/wp-content\/uploads\/2017\/08\/mari.jpg?fit=169%2C300\" data-large-file=\"https:\/\/i0.wp.com\/blogdalucianaoliveira.com.br\/blog\/wp-content\/uploads\/2017\/08\/mari.jpg?fit=576%2C1024\" src=\"https:\/\/i0.wp.com\/blogdalucianaoliveira.com.br\/blog\/wp-content\/uploads\/2017\/08\/mari.jpg?resize=600%2C1067\" alt=\"mari\" width=\"600\" height=\"1067\" class=\"alignnone size-full wp-image-12990\" srcset=\"https:\/\/i0.wp.com\/blogdalucianaoliveira.com.br\/blog\/wp-content\/uploads\/2017\/08\/mari.jpg?w=675 675w, https:\/\/i0.wp.com\/blogdalucianaoliveira.com.br\/blog\/wp-content\/uploads\/2017\/08\/mari.jpg?resize=169%2C300 169w, https:\/\/i0.wp.com\/blogdalucianaoliveira.com.br\/blog\/wp-content\/uploads\/2017\/08\/mari.jpg?resize=576%2C1024 576w\" sizes=\"auto, (max-width: 600px) 100vw, 600px\" \/><\/p>\n<p>Marianne Rubin, de 90 anos, fugiu da Alemanha com sua fam\u00edlia quando tinha apenas seis<!--more--><\/p>\n<p>No El Pa\u00eds<\/p>\n<p>Marianne Rubin era uma menina judia de seis anos quando abandonou a  Alemanha com a fam\u00edlia. Ao chegar \u00e0 sua casa, os nazistas \u201cempurraram meu pai e o jogaram no ch\u00e3o. Eu o ajudei a se levantar. Fomos para a It\u00e1lia, a Fran\u00e7a e, depois, aos Estados Unidos\u201d, diz ela a um jornalista da CBS, enquanto exibe um cartaz com a seguinte mensagem: \u201cJ\u00e1 escapei dos nazistas. Voc\u00eas n\u00e3o v\u00e3o me derrotar agora.\u201d Rubin se refere aos racistas da Virg\u00ednia, que se manifestaram em 12 de agosto em Charlottesville. A jornada de viol\u00eancia dos supremacistas brancos deixou tr\u00eas mortos. E a indigna\u00e7\u00e3o nos EUA ap\u00f3s os incidentes transformou Rubin num s\u00edmbolo no Twitter. Uma foto dessa mulher de 90 anos j\u00e1 tem mais de 100.000 retu\u00edtes.<\/p>\n<p>Sua imagem tamb\u00e9m chamou a aten\u00e7\u00e3o no Imgur, onde registra mais de 300.000 visitas, e em v\u00e1rios meios de comunica\u00e7\u00e3o. Tamb\u00e9m chegou \u00e0 capa do Reddit. A foto foi feita por Seth Lemon, o mesmo rep\u00f3rter que a entrevistou no Union Square Park, uma pra\u00e7a de Manhattan (Nova York) onde houve no domingo um protesto contra os neonazistas.<\/p>\n<p>Na conta do Instagram do jornalista, podemos ver a reportagem feita pela CBS, em que Rubin critica duramente o que ocorreu na Virg\u00ednia. \u201c\u00c9 terr\u00edvel. \u00c9 algo muito ruim. E votaram nele.\u201d Refere-se ao presidente dos EUA, Donald Trump, que inicialmente equiparou os supremacistas brancos com as pessoas que protestavam contra eles e, ap\u00f3s as cr\u00edticas, foi obrigado a corrigir o discurso, ainda que nesta ter\u00e7a voltou a dizer que a culpa foi da ambas as partes. A neta de Marianne Rubin publicou outra foto da av\u00f3 nas redes sociais, especificamente no Instagram.<\/p>\n<p>\u201cCom 90 anos, minha maravilhosa av\u00f3 continua a\u00ed lutando e inspirando (e lembrando ao mundo o que acontece quando voc\u00ea fica em sil\u00eancio\u201d, diz a neta na mesma rede social. O gesto de Rubin \u00e9 um dos muitos que captaram a aten\u00e7\u00e3o das redes sociais nos dias posteriores aos incidentes na Virg\u00ednia. A rea\u00e7\u00e3o mais viral contra os neonazistas tem a assinatura de Barack Obama, que utilizou uma frase hist\u00f3rica de Mandela para critic\u00e1-los.<\/p>\n<p>Rubin deu mais detalhes sobre sua hist\u00f3ria pessoal ao The Huffington Post. Disse que a marcha dos supremacistas brancos de 12 de agosto a fez lembrar da Alemanha dos anos trinta, onde vivia quando era crian\u00e7a. Segundo seu relato, oficiais nazistas chegaram \u00e0 sua casa quando tinha seis anos e atacaram sua fam\u00edlia. \u201cSabia que algo ruim estava acontecendo\u201d. \u201cVai al\u00e9m da minha compreens\u00e3o\u201d, afirma, quando lhe perguntam sobre os neonazistas da Virg\u00ednia. \u201cFoi um dia muito duro, mas estava entre amigos.N\u00e3o paro de pensar como p\u00f4de acontecer algo assim\u201d, diz, em refer\u00eancia \u00e0 mulher que morreu em Charlottesville atropelada por um dos supremacistas brancos.<\/p>\n","protected":false},"excerpt":{"rendered":"<p>Marianne Rubin, de 90 anos, fugiu da Alemanha com sua fam\u00edlia quando tinha apenas seis<\/p>\n","protected":false},"author":1,"featured_media":0,"comment_status":"closed","ping_status":"open","sticky":false,"template":"","format":"standard","meta":{"_exactmetrics_skip_tracking":false,"_exactmetrics_sitenote_active":false,"_exactmetrics_sitenote_note":"","_exactmetrics_sitenote_category":0,"jetpack_post_was_ever_published":false,"_jetpack_newsletter_access":"","_jetpack_dont_email_post_to_subs":false,"_jetpack_newsletter_tier_id":0,"_jetpack_memberships_contains_paywalled_content":false,"_jetpack_memberships_contains_paid_content":false,"footnotes":"","jetpack_publicize_message":"","jetpack_publicize_feature_enabled":true,"jetpack_social_post_already_shared":true,"jetpack_social_options":{"image_generator_settings":{"template":"highway","enabled":false},"version":2}},"categories":[1],"tags":[304,303,220],"class_list":["post-12989","post","type-post","status-publish","format-standard","hentry","category-notas","tag-eua","tag-nazismo","tag-trump"],"jetpack_publicize_connections":[],"jetpack_sharing_enabled":true,"jetpack_featured_media_url":"","jetpack_shortlink":"https:\/\/wp.me\/p7wKYW-3nv","jetpack-related-posts":[],"_links":{"self":[{"href":"http:\/\/blogdalucianaoliveira.com.br\/blog\/wp-json\/wp\/v2\/posts\/12989","targetHints":{"allow":["GET"]}}],"collection":[{"href":"http:\/\/blogdalucianaoliveira.com.br\/blog\/wp-json\/wp\/v2\/posts"}],"about":[{"href":"http:\/\/blogdalucianaoliveira.com.br\/blog\/wp-json\/wp\/v2\/types\/post"}],"author":[{"embeddable":true,"href":"http:\/\/blogdalucianaoliveira.com.br\/blog\/wp-json\/wp\/v2\/users\/1"}],"replies":[{"embeddable":true,"href":"http:\/\/blogdalucianaoliveira.com.br\/blog\/wp-json\/wp\/v2\/comments?post=12989"}],"version-history":[{"count":1,"href":"http:\/\/blogdalucianaoliveira.com.br\/blog\/wp-json\/wp\/v2\/posts\/12989\/revisions"}],"predecessor-version":[{"id":12991,"href":"http:\/\/blogdalucianaoliveira.com.br\/blog\/wp-json\/wp\/v2\/posts\/12989\/revisions\/12991"}],"wp:attachment":[{"href":"http:\/\/blogdalucianaoliveira.com.br\/blog\/wp-json\/wp\/v2\/media?parent=12989"}],"wp:term":[{"taxonomy":"category","embeddable":true,"href":"http:\/\/blogdalucianaoliveira.com.br\/blog\/wp-json\/wp\/v2\/categories?post=12989"},{"taxonomy":"post_tag","embeddable":true,"href":"http:\/\/blogdalucianaoliveira.com.br\/blog\/wp-json\/wp\/v2\/tags?post=12989"}],"curies":[{"name":"wp","href":"https:\/\/api.w.org\/{rel}","templated":true}]}}