{"id":1301,"date":"2016-05-27T08:34:48","date_gmt":"2016-05-27T12:34:48","guid":{"rendered":"http:\/\/blogdalucianaoliveira.com.br\/blog\/?p=1301"},"modified":"2016-05-27T08:58:30","modified_gmt":"2016-05-27T12:58:30","slug":"2-senadores-e-um-ex-presidente-da-republica-podem-ser-presos-a-qualquer-momento-to-certa-ou-to-errada","status":"publish","type":"post","link":"http:\/\/blogdalucianaoliveira.com.br\/blog\/2016\/05\/27\/2-senadores-e-um-ex-presidente-da-republica-podem-ser-presos-a-qualquer-momento-to-certa-ou-to-errada\/","title":{"rendered":"2 senadores e um ex-presidente da rep\u00fablica podem ser presos a qualquer momento. T\u00f4 certa ou t\u00f4 errada?"},"content":{"rendered":"<p><img data-recalc-dims=\"1\" loading=\"lazy\" decoding=\"async\" data-attachment-id=\"1302\" data-permalink=\"http:\/\/blogdalucianaoliveira.com.br\/blog\/2016\/05\/27\/2-senadores-e-um-ex-presidente-da-republica-podem-ser-presos-a-qualquer-momento-to-certa-ou-to-errada\/image-295\/\" data-orig-file=\"https:\/\/i0.wp.com\/blogdalucianaoliveira.com.br\/blog\/wp-content\/uploads\/2016\/05\/image-261.jpeg?fit=312%2C252\" data-orig-size=\"312,252\" data-comments-opened=\"0\" data-image-meta=\"{&quot;aperture&quot;:&quot;0&quot;,&quot;credit&quot;:&quot;&quot;,&quot;camera&quot;:&quot;&quot;,&quot;caption&quot;:&quot;&quot;,&quot;created_timestamp&quot;:&quot;0&quot;,&quot;copyright&quot;:&quot;&quot;,&quot;focal_length&quot;:&quot;0&quot;,&quot;iso&quot;:&quot;0&quot;,&quot;shutter_speed&quot;:&quot;0&quot;,&quot;title&quot;:&quot;&quot;,&quot;orientation&quot;:&quot;0&quot;}\" data-image-title=\"image\" data-image-description=\"\" data-image-caption=\"\" data-medium-file=\"https:\/\/i0.wp.com\/blogdalucianaoliveira.com.br\/blog\/wp-content\/uploads\/2016\/05\/image-261.jpeg?fit=300%2C242\" data-large-file=\"https:\/\/i0.wp.com\/blogdalucianaoliveira.com.br\/blog\/wp-content\/uploads\/2016\/05\/image-261.jpeg?fit=312%2C252\" src=\"https:\/\/i0.wp.com\/blogdalucianaoliveira.com.br\/blog\/wp-content\/uploads\/2016\/05\/image-261.jpeg?resize=312%2C252\" alt=\"image\" width=\"312\" height=\"252\" class=\"alignnone size-full wp-image-1302\" srcset=\"https:\/\/i0.wp.com\/blogdalucianaoliveira.com.br\/blog\/wp-content\/uploads\/2016\/05\/image-261.jpeg?w=312 312w, https:\/\/i0.wp.com\/blogdalucianaoliveira.com.br\/blog\/wp-content\/uploads\/2016\/05\/image-261.jpeg?resize=300%2C242 300w\" sizes=\"auto, (max-width: 312px) 100vw, 312px\" \/><\/p>\n<p>Uma semana foi o tempo necess\u00e1rio pra que o ex-l\u00edder do governo eleito, senador Delc\u00eddio do Amaral, fosse preso ap\u00f3s a pol\u00edcia ter acesso \u00e0 uma grava\u00e7\u00e3o que imp\u00f4s suspeita de tentativa de obstru\u00e7\u00e3o de justi\u00e7a. <!--more--><\/p>\n<p>Cronologia:  <\/p>\n<p>No dia 19 de novembro, Bernardo Cerver\u00f3 assinou um termo de declara\u00e7\u00e3o e entregou \u00e0 Pol\u00edcia Federal, as grava\u00e7\u00f5es de conversas com o ex-senador. <\/p>\n<p>No dia 25 de novembro, Delc\u00eddio Amaral foi preso por decis\u00e3o do ministro Teori Zavascki. <\/p>\n<p>No mesmo dia, os senadores decidiram manter a pris\u00e3o de Delc\u00eddio. <\/p>\n<p>Ele passou 80 dias preso.<\/p>\n<p>Em 2016, no 15 de Mar\u00e7o, o STF homologou dela\u00e7\u00e3o dele.<\/p>\n<p>E no dia 11 de maio, foi cassado por unanimidade. <\/p>\n<p>As declara\u00e7\u00f5es de Delc\u00eddio s\u00e3o potencialmente menos graves que as reveladas pela Folha de S\u00e3o Paulo h\u00e1 cinco dias. <\/p>\n<p>Em horas, novos trechos s\u00e3o divulgados na imprensa de grava\u00e7\u00f5es que envolvem os senadores Romero Juc\u00e1 e Renan Calheiros, o ex-presidente da Transpetro S\u00e9rgio Machado e o ex-presidente da rep\u00fablica, Jos\u00e9 Sarney. <\/p>\n<p>S\u00e3o indiscutivelmente mais graves, porque revelam o que teria sido um pacto nacional, n\u00e3o pra proteger um investigado na Opera\u00e7\u00e3o Lava Jato, mas todos. <\/p>\n<p>Romero Juc\u00e1, Renan Calheiros e Jos\u00e9 Sarney devem ser presos a qualquer momento, se a l\u00f3gica do tempo aplicada for a mesma do ex-l\u00edder do governo, filiado ao PT.<\/p>\n<p>Parafraseando o folcl\u00f3rico personagem Sinh\u00f4zinho Malta, &#8220;T\u00f4 certa, ou t\u00f4 errada?&#8221;<\/p>\n<p>Sarney preso? Pra quem acredita, seria quase um milagre. <\/p>\n","protected":false},"excerpt":{"rendered":"<p>Uma semana foi o tempo necess\u00e1rio pra que o ex-l\u00edder do governo eleito, senador Delc\u00eddio do Amaral, fosse preso ap\u00f3s a pol\u00edcia ter acesso \u00e0 uma grava\u00e7\u00e3o que imp\u00f4s suspeita de tentativa de obstru\u00e7\u00e3o de justi\u00e7a.<\/p>\n","protected":false},"author":1,"featured_media":0,"comment_status":"closed","ping_status":"open","sticky":false,"template":"","format":"standard","meta":{"_exactmetrics_skip_tracking":false,"_exactmetrics_sitenote_active":false,"_exactmetrics_sitenote_note":"","_exactmetrics_sitenote_category":0,"jetpack_post_was_ever_published":false,"_jetpack_newsletter_access":"","_jetpack_dont_email_post_to_subs":false,"_jetpack_newsletter_tier_id":0,"_jetpack_memberships_contains_paywalled_content":false,"_jetpack_memberships_contains_paid_content":false,"footnotes":"","jetpack_publicize_message":"","jetpack_publicize_feature_enabled":true,"jetpack_social_post_already_shared":true,"jetpack_social_options":{"image_generator_settings":{"template":"highway","enabled":false},"version":2}},"categories":[1],"tags":[],"class_list":["post-1301","post","type-post","status-publish","format-standard","hentry","category-notas"],"jetpack_publicize_connections":[],"jetpack_sharing_enabled":true,"jetpack_featured_media_url":"","jetpack_shortlink":"https:\/\/wp.me\/p7wKYW-kZ","jetpack-related-posts":[],"_links":{"self":[{"href":"http:\/\/blogdalucianaoliveira.com.br\/blog\/wp-json\/wp\/v2\/posts\/1301","targetHints":{"allow":["GET"]}}],"collection":[{"href":"http:\/\/blogdalucianaoliveira.com.br\/blog\/wp-json\/wp\/v2\/posts"}],"about":[{"href":"http:\/\/blogdalucianaoliveira.com.br\/blog\/wp-json\/wp\/v2\/types\/post"}],"author":[{"embeddable":true,"href":"http:\/\/blogdalucianaoliveira.com.br\/blog\/wp-json\/wp\/v2\/users\/1"}],"replies":[{"embeddable":true,"href":"http:\/\/blogdalucianaoliveira.com.br\/blog\/wp-json\/wp\/v2\/comments?post=1301"}],"version-history":[{"count":4,"href":"http:\/\/blogdalucianaoliveira.com.br\/blog\/wp-json\/wp\/v2\/posts\/1301\/revisions"}],"predecessor-version":[{"id":1307,"href":"http:\/\/blogdalucianaoliveira.com.br\/blog\/wp-json\/wp\/v2\/posts\/1301\/revisions\/1307"}],"wp:attachment":[{"href":"http:\/\/blogdalucianaoliveira.com.br\/blog\/wp-json\/wp\/v2\/media?parent=1301"}],"wp:term":[{"taxonomy":"category","embeddable":true,"href":"http:\/\/blogdalucianaoliveira.com.br\/blog\/wp-json\/wp\/v2\/categories?post=1301"},{"taxonomy":"post_tag","embeddable":true,"href":"http:\/\/blogdalucianaoliveira.com.br\/blog\/wp-json\/wp\/v2\/tags?post=1301"}],"curies":[{"name":"wp","href":"https:\/\/api.w.org\/{rel}","templated":true}]}}