{"id":13010,"date":"2017-08-17T10:43:11","date_gmt":"2017-08-17T14:43:11","guid":{"rendered":"http:\/\/blogdalucianaoliveira.com.br\/blog\/?p=13010"},"modified":"2017-08-17T10:51:01","modified_gmt":"2017-08-17T14:51:01","slug":"vigilia-pela-justica-e-pela-paz-no-campo-em-rondonia","status":"publish","type":"post","link":"http:\/\/blogdalucianaoliveira.com.br\/blog\/2017\/08\/17\/vigilia-pela-justica-e-pela-paz-no-campo-em-rondonia\/","title":{"rendered":"VIG\u00cdLIA PELA JUSTI\u00c7A E PELA PAZ NO CAMPO EM ROND\u00d4NIA"},"content":{"rendered":"<p><img data-recalc-dims=\"1\" loading=\"lazy\" decoding=\"async\" data-attachment-id=\"13011\" data-permalink=\"http:\/\/blogdalucianaoliveira.com.br\/blog\/2017\/08\/17\/vigilia-pela-justica-e-pela-paz-no-campo-em-rondonia\/vigi\/\" data-orig-file=\"https:\/\/i0.wp.com\/blogdalucianaoliveira.com.br\/blog\/wp-content\/uploads\/2017\/08\/vigi.jpg?fit=4000%2C2672\" data-orig-size=\"4000,2672\" data-comments-opened=\"0\" data-image-meta=\"{&quot;aperture&quot;:&quot;3.5&quot;,&quot;credit&quot;:&quot;&quot;,&quot;camera&quot;:&quot;DMC-GF1&quot;,&quot;caption&quot;:&quot;&quot;,&quot;created_timestamp&quot;:&quot;1502748321&quot;,&quot;copyright&quot;:&quot;&quot;,&quot;focal_length&quot;:&quot;14&quot;,&quot;iso&quot;:&quot;1600&quot;,&quot;shutter_speed&quot;:&quot;0.25&quot;,&quot;title&quot;:&quot;&quot;,&quot;orientation&quot;:&quot;1&quot;}\" data-image-title=\"vigi\" data-image-description=\"\" data-image-caption=\"\" data-medium-file=\"https:\/\/i0.wp.com\/blogdalucianaoliveira.com.br\/blog\/wp-content\/uploads\/2017\/08\/vigi.jpg?fit=300%2C200\" data-large-file=\"https:\/\/i0.wp.com\/blogdalucianaoliveira.com.br\/blog\/wp-content\/uploads\/2017\/08\/vigi.jpg?fit=600%2C401\" src=\"https:\/\/i0.wp.com\/blogdalucianaoliveira.com.br\/blog\/wp-content\/uploads\/2017\/08\/vigi.jpg?resize=600%2C401\" alt=\"vigi\" width=\"600\" height=\"401\" class=\"alignnone size-full wp-image-13011\" srcset=\"https:\/\/i0.wp.com\/blogdalucianaoliveira.com.br\/blog\/wp-content\/uploads\/2017\/08\/vigi.jpg?w=4000 4000w, https:\/\/i0.wp.com\/blogdalucianaoliveira.com.br\/blog\/wp-content\/uploads\/2017\/08\/vigi.jpg?resize=300%2C200 300w, https:\/\/i0.wp.com\/blogdalucianaoliveira.com.br\/blog\/wp-content\/uploads\/2017\/08\/vigi.jpg?resize=768%2C513 768w, https:\/\/i0.wp.com\/blogdalucianaoliveira.com.br\/blog\/wp-content\/uploads\/2017\/08\/vigi.jpg?resize=1024%2C684 1024w, https:\/\/i0.wp.com\/blogdalucianaoliveira.com.br\/blog\/wp-content\/uploads\/2017\/08\/vigi.jpg?resize=449%2C300 449w, https:\/\/i0.wp.com\/blogdalucianaoliveira.com.br\/blog\/wp-content\/uploads\/2017\/08\/vigi.jpg?w=1200 1200w, https:\/\/i0.wp.com\/blogdalucianaoliveira.com.br\/blog\/wp-content\/uploads\/2017\/08\/vigi.jpg?w=1800 1800w\" sizes=\"auto, (max-width: 600px) 100vw, 600px\" \/><\/p>\n<p>Na CPT, por Francisco Kelvim &#8211; Na noite do dia (14) na cidade de Ariquemes, Rond\u00f4nia, organizada por movimentos sociais e igrejas, vig\u00edlia de ora\u00e7\u00e3o ecum\u00eanica pela paz e justi\u00e7a no campo, comove e denuncia a impunidade e os assassinatos no campo. A viol\u00eancia no campo no estado j\u00e1 acumula 56 assassinatos registrados pela Comiss\u00e3o Pastoral da Terra (CPT) entre 2015, 2016 e 2017. A maioria das mortes ocorreu na regi\u00e3o do Vale do Jamari.<!--more--><\/p>\n<p>Entre os participantes, membros das Comunidades Eclesiais de Base (CEBs), professores, advogados, movimentos sociais (MAB, MST, MPA) e agricultores do assentamento 14 de Agosto e da \u00e1rea conhecida como Cana\u00e3, que corre risco iminente de despejo.<\/p>\n<p>JULGAMENTO ADIADO<\/p>\n<p>A vig\u00edlia aconteceu no dia anterior ao julgamento, dos supostos autores e mandantes das mortes de dois jovens e tentativa de assassinato de outros tr\u00eas em Cujubim, no dia 31 de janeiro de 2016. Os cinco sofreram uma persegui\u00e7\u00e3o implac\u00e1vel, na fazenda Tucum\u00e3, uma verdadeira \u201cca\u00e7ada humana\u201d, na Linha 114 do munic\u00edpio de Cujubim, quando o grupo de cinco jovens voltavam do antigo acampamento Terra Nossa, de onde tinham sido despejados por uma ordem de reintegra\u00e7\u00e3o dois dias antes do ocorrido. Eles tinham voltado ao local para recolher alguns dos seus pertences e apenas tr\u00eas conseguiram escapar da persegui\u00e7\u00e3o. Ficaram para tr\u00e1s os jovens Alysson Henrique Lopes, de 23 anos, e Ruan Hildebrandt Aguiar, de 18 anos. Sendo que o corpo de Alysson foi encontrado carbonizado no carro de seu pai.<\/p>\n<p>Apesar da insist\u00eancia dos pais pelas buscas de Ruan Lucas Hildebrandt, este nunca foi encontrado. Entretanto, foi descoberto o suposto envolvimento de policiais militares, que realizavam vigil\u00e2ncia privada na Fazenda Tucum\u00e3, regi\u00e3o onde ocorreram apreens\u00f5es de armas pesadas e diversas pris\u00f5es.<\/p>\n<p>Ap\u00f3s descobrirem o envolvimento de policiais militares e as pris\u00f5es na \u00e1rea, uma for\u00e7a tarefa da pol\u00edcia civil investigou o caso e o Minist\u00e9rio P\u00fablico apresentou acusa\u00e7\u00f5es contra o pecuarista de Ji-Paran\u00e1, S\u00e9rgio Sussuma Suganuma, acusado de ter contratado a equipe de pistolagem de Rivaldo de Souza e Mois\u00eas Ferreira de Souza, sargento da reserva da PM. O MP tamb\u00e9m ofereceu den\u00fancia contra Jonas Augusto dos Santos Silva, cabo da PM e Paulo Iwakami, contador tamb\u00e9m da cidade de Ji-Paran\u00e1, propriet\u00e1rio da Fazenda Tucum\u00e3 e Altac\u00edcio Domingues dos Santos, Marcos Jos\u00e9 Ter\u00eancio, Donizete Silva do Nascimento e Paulo Diego de Castro Francisco, ambos policiais militares de Cujubim, por\u00e9m apenas os cinco primeiros foram indiciados e levados a j\u00fari, por emboscada, persegui\u00e7\u00e3o, promessa de pagamento pra o cometimento dos crimes, oculta\u00e7\u00e3o de cad\u00e1ver e carboniza\u00e7\u00e3o de outro, por dois homic\u00eddios consumados (Alysson e Ruan) e tr\u00eas tentativas de homic\u00eddio contra Renato de Souza Benevides, Raimundo Nonato dos Santos e Alessandro Esteves de Oliveira.<\/p>\n<p>PERMANECE A IMPUNIDADE<\/p>\n<p><img data-recalc-dims=\"1\" loading=\"lazy\" decoding=\"async\" data-attachment-id=\"13013\" data-permalink=\"http:\/\/blogdalucianaoliveira.com.br\/blog\/2017\/08\/17\/vigilia-pela-justica-e-pela-paz-no-campo-em-rondonia\/alysson_e_ruan\/\" data-orig-file=\"https:\/\/i0.wp.com\/blogdalucianaoliveira.com.br\/blog\/wp-content\/uploads\/2017\/08\/Alysson_e_Ruan.jpg?fit=562%2C326\" data-orig-size=\"562,326\" data-comments-opened=\"0\" data-image-meta=\"{&quot;aperture&quot;:&quot;0&quot;,&quot;credit&quot;:&quot;&quot;,&quot;camera&quot;:&quot;&quot;,&quot;caption&quot;:&quot;&quot;,&quot;created_timestamp&quot;:&quot;0&quot;,&quot;copyright&quot;:&quot;&quot;,&quot;focal_length&quot;:&quot;0&quot;,&quot;iso&quot;:&quot;0&quot;,&quot;shutter_speed&quot;:&quot;0&quot;,&quot;title&quot;:&quot;&quot;,&quot;orientation&quot;:&quot;0&quot;}\" data-image-title=\"Alysson_e_Ruan\" data-image-description=\"\" data-image-caption=\"\" data-medium-file=\"https:\/\/i0.wp.com\/blogdalucianaoliveira.com.br\/blog\/wp-content\/uploads\/2017\/08\/Alysson_e_Ruan.jpg?fit=300%2C174\" data-large-file=\"https:\/\/i0.wp.com\/blogdalucianaoliveira.com.br\/blog\/wp-content\/uploads\/2017\/08\/Alysson_e_Ruan.jpg?fit=562%2C326\" src=\"https:\/\/i0.wp.com\/blogdalucianaoliveira.com.br\/blog\/wp-content\/uploads\/2017\/08\/Alysson_e_Ruan.jpg?resize=562%2C326\" alt=\"Alysson_e_Ruan\" width=\"562\" height=\"326\" class=\"alignnone size-full wp-image-13013\" srcset=\"https:\/\/i0.wp.com\/blogdalucianaoliveira.com.br\/blog\/wp-content\/uploads\/2017\/08\/Alysson_e_Ruan.jpg?w=562 562w, https:\/\/i0.wp.com\/blogdalucianaoliveira.com.br\/blog\/wp-content\/uploads\/2017\/08\/Alysson_e_Ruan.jpg?resize=300%2C174 300w, https:\/\/i0.wp.com\/blogdalucianaoliveira.com.br\/blog\/wp-content\/uploads\/2017\/08\/Alysson_e_Ruan.jpg?resize=517%2C300 517w\" sizes=\"auto, (max-width: 562px) 100vw, 562px\" \/><\/p>\n<p><img data-recalc-dims=\"1\" loading=\"lazy\" decoding=\"async\" data-attachment-id=\"13012\" data-permalink=\"http:\/\/blogdalucianaoliveira.com.br\/blog\/2017\/08\/17\/vigilia-pela-justica-e-pela-paz-no-campo-em-rondonia\/pais\/\" data-orig-file=\"https:\/\/i0.wp.com\/blogdalucianaoliveira.com.br\/blog\/wp-content\/uploads\/2017\/08\/Pais.jpg?fit=620%2C465\" data-orig-size=\"620,465\" data-comments-opened=\"0\" data-image-meta=\"{&quot;aperture&quot;:&quot;0&quot;,&quot;credit&quot;:&quot;&quot;,&quot;camera&quot;:&quot;&quot;,&quot;caption&quot;:&quot;&quot;,&quot;created_timestamp&quot;:&quot;0&quot;,&quot;copyright&quot;:&quot;&quot;,&quot;focal_length&quot;:&quot;0&quot;,&quot;iso&quot;:&quot;0&quot;,&quot;shutter_speed&quot;:&quot;0&quot;,&quot;title&quot;:&quot;&quot;,&quot;orientation&quot;:&quot;0&quot;}\" data-image-title=\"Pais\" data-image-description=\"\" data-image-caption=\"\" data-medium-file=\"https:\/\/i0.wp.com\/blogdalucianaoliveira.com.br\/blog\/wp-content\/uploads\/2017\/08\/Pais.jpg?fit=300%2C225\" data-large-file=\"https:\/\/i0.wp.com\/blogdalucianaoliveira.com.br\/blog\/wp-content\/uploads\/2017\/08\/Pais.jpg?fit=600%2C450\" src=\"https:\/\/i0.wp.com\/blogdalucianaoliveira.com.br\/blog\/wp-content\/uploads\/2017\/08\/Pais.jpg?resize=600%2C450\" alt=\"Pais\" width=\"600\" height=\"450\" class=\"alignnone size-full wp-image-13012\" srcset=\"https:\/\/i0.wp.com\/blogdalucianaoliveira.com.br\/blog\/wp-content\/uploads\/2017\/08\/Pais.jpg?w=620 620w, https:\/\/i0.wp.com\/blogdalucianaoliveira.com.br\/blog\/wp-content\/uploads\/2017\/08\/Pais.jpg?resize=300%2C225 300w, https:\/\/i0.wp.com\/blogdalucianaoliveira.com.br\/blog\/wp-content\/uploads\/2017\/08\/Pais.jpg?resize=400%2C300 400w\" sizes=\"auto, (max-width: 600px) 100vw, 600px\" \/><\/p>\n<p>Os pais de Ruan pedindo as buscas do filho desaparecido Foto: Alerta Rond\u00f4nia<\/p>\n<p>Ao desenrolar das investiga\u00e7\u00f5es as testemunhas passaram a ser amea\u00e7adas e assassinadas. Um dos sobreviventes, Raimundo Nonato dos Santos, sofreu um atentado o dia 14\/04\/2016, um dos colaboradores da fazenda, o mototaxista Z\u00e9 Bigode, foi assassinado em Cujubim, dois jornalistas que cobriam os fatos sofreram atentados e tiveram que fugir da cidade. J\u00e1 no ano de 2017 foram assassinadas duas lideran\u00e7as do Acampamento Terra Nossa: Roberto Santos Ara\u00fajo, dia 2 de fevereiro, e Ademir de Souza Pereira no dia 7 de julho. Elivelton Castelo do Nascimento (Ton) testemunha do caso, foi morto em Ariquemes dia 15 de fevereiro. Outro dos sobreviventes, o Baixinho, Renato Souza Benevides, foi assassinado na cidade de Machadinho do Oeste dia 04 de mar\u00e7o.<\/p>\n<p><img data-recalc-dims=\"1\" loading=\"lazy\" decoding=\"async\" data-attachment-id=\"13014\" data-permalink=\"http:\/\/blogdalucianaoliveira.com.br\/blog\/2017\/08\/17\/vigilia-pela-justica-e-pela-paz-no-campo-em-rondonia\/raimundo\/\" data-orig-file=\"https:\/\/i0.wp.com\/blogdalucianaoliveira.com.br\/blog\/wp-content\/uploads\/2017\/08\/Raimundo.jpg?fit=486%2C651\" data-orig-size=\"486,651\" data-comments-opened=\"0\" data-image-meta=\"{&quot;aperture&quot;:&quot;0&quot;,&quot;credit&quot;:&quot;&quot;,&quot;camera&quot;:&quot;&quot;,&quot;caption&quot;:&quot;&quot;,&quot;created_timestamp&quot;:&quot;0&quot;,&quot;copyright&quot;:&quot;&quot;,&quot;focal_length&quot;:&quot;0&quot;,&quot;iso&quot;:&quot;0&quot;,&quot;shutter_speed&quot;:&quot;0&quot;,&quot;title&quot;:&quot;&quot;,&quot;orientation&quot;:&quot;0&quot;}\" data-image-title=\"Raimundo\" data-image-description=\"\" data-image-caption=\"\" data-medium-file=\"https:\/\/i0.wp.com\/blogdalucianaoliveira.com.br\/blog\/wp-content\/uploads\/2017\/08\/Raimundo.jpg?fit=224%2C300\" data-large-file=\"https:\/\/i0.wp.com\/blogdalucianaoliveira.com.br\/blog\/wp-content\/uploads\/2017\/08\/Raimundo.jpg?fit=486%2C651\" src=\"https:\/\/i0.wp.com\/blogdalucianaoliveira.com.br\/blog\/wp-content\/uploads\/2017\/08\/Raimundo.jpg?resize=486%2C651\" alt=\"Raimundo\" width=\"486\" height=\"651\" class=\"alignnone size-full wp-image-13014\" srcset=\"https:\/\/i0.wp.com\/blogdalucianaoliveira.com.br\/blog\/wp-content\/uploads\/2017\/08\/Raimundo.jpg?w=486 486w, https:\/\/i0.wp.com\/blogdalucianaoliveira.com.br\/blog\/wp-content\/uploads\/2017\/08\/Raimundo.jpg?resize=224%2C300 224w\" sizes=\"auto, (max-width: 486px) 100vw, 486px\" \/><\/p>\n<p>Raimundo dos Santos recuperando do atentado Foto: CPT RO<\/p>\n<p>Hoje dia 15, o julgamento foi suspenso ap\u00f3s a aus\u00eancia de um dos advogados de defesa por motivo de sa\u00fade e desist\u00eancia de \u00faltima hora de outro dos advogados de defesa, sendo remarcado somente para outubro. <\/p>\n<p>Francisco Kelvim<br \/>\nGraduando em Arqueologia &#8211; UNIR<br \/>\nMovimento dos Atingidos por Barragens &#8211; MAB<br \/>\n+55 69 99923-0179<\/p>\n","protected":false},"excerpt":{"rendered":"<p>Na CPT, por Francisco Kelvim &#8211; Na noite do dia (14) na cidade de Ariquemes, Rond\u00f4nia, organizada por movimentos sociais e igrejas, vig\u00edlia de ora\u00e7\u00e3o ecum\u00eanica pela paz e justi\u00e7a no campo, comove e denuncia a impunidade e os assassinatos no campo. A viol\u00eancia no campo no estado j\u00e1 acumula 56 assassinatos registrados pela Comiss\u00e3o&#8230;<a class=\"more-link\" href=\"http:\/\/blogdalucianaoliveira.com.br\/blog\/2017\/08\/17\/vigilia-pela-justica-e-pela-paz-no-campo-em-rondonia\/\">Continue a leitura <span class=\"meta-nav\">&raquo;<\/span><\/a><\/p>\n","protected":false},"author":1,"featured_media":0,"comment_status":"closed","ping_status":"open","sticky":false,"template":"","format":"standard","meta":{"_exactmetrics_skip_tracking":false,"_exactmetrics_sitenote_active":false,"_exactmetrics_sitenote_note":"","_exactmetrics_sitenote_category":0,"jetpack_post_was_ever_published":false,"_jetpack_newsletter_access":"","_jetpack_dont_email_post_to_subs":false,"_jetpack_newsletter_tier_id":0,"_jetpack_memberships_contains_paywalled_content":false,"_jetpack_memberships_contains_paid_content":false,"footnotes":"","jetpack_publicize_message":"","jetpack_publicize_feature_enabled":true,"jetpack_social_post_already_shared":true,"jetpack_social_options":{"image_generator_settings":{"template":"highway","enabled":false},"version":2}},"categories":[1],"tags":[],"class_list":["post-13010","post","type-post","status-publish","format-standard","hentry","category-notas"],"jetpack_publicize_connections":[],"jetpack_sharing_enabled":true,"jetpack_featured_media_url":"","jetpack_shortlink":"https:\/\/wp.me\/p7wKYW-3nQ","jetpack-related-posts":[],"_links":{"self":[{"href":"http:\/\/blogdalucianaoliveira.com.br\/blog\/wp-json\/wp\/v2\/posts\/13010","targetHints":{"allow":["GET"]}}],"collection":[{"href":"http:\/\/blogdalucianaoliveira.com.br\/blog\/wp-json\/wp\/v2\/posts"}],"about":[{"href":"http:\/\/blogdalucianaoliveira.com.br\/blog\/wp-json\/wp\/v2\/types\/post"}],"author":[{"embeddable":true,"href":"http:\/\/blogdalucianaoliveira.com.br\/blog\/wp-json\/wp\/v2\/users\/1"}],"replies":[{"embeddable":true,"href":"http:\/\/blogdalucianaoliveira.com.br\/blog\/wp-json\/wp\/v2\/comments?post=13010"}],"version-history":[{"count":5,"href":"http:\/\/blogdalucianaoliveira.com.br\/blog\/wp-json\/wp\/v2\/posts\/13010\/revisions"}],"predecessor-version":[{"id":13019,"href":"http:\/\/blogdalucianaoliveira.com.br\/blog\/wp-json\/wp\/v2\/posts\/13010\/revisions\/13019"}],"wp:attachment":[{"href":"http:\/\/blogdalucianaoliveira.com.br\/blog\/wp-json\/wp\/v2\/media?parent=13010"}],"wp:term":[{"taxonomy":"category","embeddable":true,"href":"http:\/\/blogdalucianaoliveira.com.br\/blog\/wp-json\/wp\/v2\/categories?post=13010"},{"taxonomy":"post_tag","embeddable":true,"href":"http:\/\/blogdalucianaoliveira.com.br\/blog\/wp-json\/wp\/v2\/tags?post=13010"}],"curies":[{"name":"wp","href":"https:\/\/api.w.org\/{rel}","templated":true}]}}