{"id":13020,"date":"2017-08-17T10:59:16","date_gmt":"2017-08-17T14:59:16","guid":{"rendered":"http:\/\/blogdalucianaoliveira.com.br\/blog\/?p=13020"},"modified":"2017-08-17T10:59:54","modified_gmt":"2017-08-17T14:59:54","slug":"distritao-sera-bom-para-bancada-da-bala-do-boi-e-da-biblia","status":"publish","type":"post","link":"http:\/\/blogdalucianaoliveira.com.br\/blog\/2017\/08\/17\/distritao-sera-bom-para-bancada-da-bala-do-boi-e-da-biblia\/","title":{"rendered":"Distrit\u00e3o ser\u00e1 bom para bancada da bala, do boi e da b\u00edblia"},"content":{"rendered":"<p><img data-recalc-dims=\"1\" loading=\"lazy\" decoding=\"async\" data-attachment-id=\"13022\" data-permalink=\"http:\/\/blogdalucianaoliveira.com.br\/blog\/2017\/08\/17\/distritao-sera-bom-para-bancada-da-bala-do-boi-e-da-biblia\/bancada-da-bala-biblia-boi-reproducao\/\" data-orig-file=\"https:\/\/i0.wp.com\/blogdalucianaoliveira.com.br\/blog\/wp-content\/uploads\/2017\/08\/bancada-da-bala-b%C3%ADblia-boi-reprodu%C3%A7%C3%A3o.jpg?fit=1500%2C802\" data-orig-size=\"1500,802\" data-comments-opened=\"0\" data-image-meta=\"{&quot;aperture&quot;:&quot;0&quot;,&quot;credit&quot;:&quot;&quot;,&quot;camera&quot;:&quot;&quot;,&quot;caption&quot;:&quot;&quot;,&quot;created_timestamp&quot;:&quot;0&quot;,&quot;copyright&quot;:&quot;&quot;,&quot;focal_length&quot;:&quot;0&quot;,&quot;iso&quot;:&quot;0&quot;,&quot;shutter_speed&quot;:&quot;0&quot;,&quot;title&quot;:&quot;&quot;,&quot;orientation&quot;:&quot;1&quot;}\" data-image-title=\"bancada-da-bala-b\u00edblia-boi-reprodu\u00e7\u00e3o\" data-image-description=\"\" data-image-caption=\"\" data-medium-file=\"https:\/\/i0.wp.com\/blogdalucianaoliveira.com.br\/blog\/wp-content\/uploads\/2017\/08\/bancada-da-bala-b%C3%ADblia-boi-reprodu%C3%A7%C3%A3o.jpg?fit=300%2C160\" data-large-file=\"https:\/\/i0.wp.com\/blogdalucianaoliveira.com.br\/blog\/wp-content\/uploads\/2017\/08\/bancada-da-bala-b%C3%ADblia-boi-reprodu%C3%A7%C3%A3o.jpg?fit=600%2C321\" src=\"https:\/\/i0.wp.com\/blogdalucianaoliveira.com.br\/blog\/wp-content\/uploads\/2017\/08\/bancada-da-bala-b%C3%ADblia-boi-reprodu%C3%A7%C3%A3o.jpg?resize=600%2C321\" alt=\"bancada-da-bala-b\u00edblia-boi-reprodu\u00e7\u00e3o\" width=\"600\" height=\"321\" class=\"alignnone size-full wp-image-13022\" srcset=\"https:\/\/i0.wp.com\/blogdalucianaoliveira.com.br\/blog\/wp-content\/uploads\/2017\/08\/bancada-da-bala-b%C3%ADblia-boi-reprodu%C3%A7%C3%A3o.jpg?w=1500 1500w, https:\/\/i0.wp.com\/blogdalucianaoliveira.com.br\/blog\/wp-content\/uploads\/2017\/08\/bancada-da-bala-b%C3%ADblia-boi-reprodu%C3%A7%C3%A3o.jpg?resize=300%2C160 300w, https:\/\/i0.wp.com\/blogdalucianaoliveira.com.br\/blog\/wp-content\/uploads\/2017\/08\/bancada-da-bala-b%C3%ADblia-boi-reprodu%C3%A7%C3%A3o.jpg?resize=768%2C411 768w, https:\/\/i0.wp.com\/blogdalucianaoliveira.com.br\/blog\/wp-content\/uploads\/2017\/08\/bancada-da-bala-b%C3%ADblia-boi-reprodu%C3%A7%C3%A3o.jpg?resize=1024%2C547 1024w, https:\/\/i0.wp.com\/blogdalucianaoliveira.com.br\/blog\/wp-content\/uploads\/2017\/08\/bancada-da-bala-b%C3%ADblia-boi-reprodu%C3%A7%C3%A3o.jpg?resize=561%2C300 561w, https:\/\/i0.wp.com\/blogdalucianaoliveira.com.br\/blog\/wp-content\/uploads\/2017\/08\/bancada-da-bala-b%C3%ADblia-boi-reprodu%C3%A7%C3%A3o.jpg?w=1200 1200w\" sizes=\"auto, (max-width: 600px) 100vw, 600px\" \/><\/p>\n<p>No 247, por Voney Malta &#8211; Autor de um levantamento sobre deputados estaduais, federais e vereadores alagoanos (Macei\u00f3) que se elegeriam ou n\u00e3o nas elei\u00e7\u00f5es de 2012, 2014 e 2016, o professor Marcelo de Melo Bastos analisa que o distrit\u00e3o n\u00e3o vai fazer grande diferen\u00e7a.<!--more--><\/p>\n<p>Para ele, \u00e9 uma troca seis por meia d\u00fazia porque o perfil daqueles que se elegeram e dos que n\u00e3os e elegeram \u00e9 o mesmo. &#8220;Vai prevalecer o poder econ\u00f4mico. Pedro Vilela (PSDB), por exemplo, nunca foi pol\u00edtico, mas foi muito bem votado por causa da estrutura do governo do seu tio, Teotonio Vilela, e por suas condi\u00e7\u00f5es financeiras. Teve mais de 100 mil votos&#8221;.<\/p>\n<p>O professor diz, ainda, que com o distrit\u00e3o &#8220;vai perder a import\u00e2ncia os partidos que j\u00e1 t\u00eam dificuldades com ao atual formato. Esse modelo refor\u00e7a o voto nas pessoas, n\u00e3o nos partidos. Rede, PSOL, partidos ideol\u00f3gicos, v\u00e3o sucumbir. Quando o centr\u00e3o prop\u00f5e isso, no Congresso, j\u00e1 sabem que ser\u00e1 melhor para eles, para quem tem mandato, quem \u00e9 mais conhecido e tem poder econ\u00f4mico. A reforma teria que ser s\u00e9ria e profunda. Essa n\u00e3o d\u00e1 chances \u00e0s minorias&#8221;.<\/p>\n<p>Tem raz\u00e3o em sua avalia\u00e7\u00e3o o professor Marcelo de Melo Bastos. Integrante na C\u00e2mara dos Deputados da turma &#8216;BBB&#8217; \u2013 bancada da bala, do boi e da b\u00edblia \u2013 o distrit\u00e3o j\u00e1 \u00e9 visto como fundamental para expans\u00e3o dos evang\u00e9licos.<\/p>\n<p>Em 1994 os evang\u00e9licos tinham 21 deputados federais. Atualmente o n\u00famero quadruplicou, passando para 85. Sem o distrit\u00e3o a meta era, para 2018, aumento de 10% no n\u00famero de cadeiras na C\u00e2mara. Com o distrit\u00e3o, essa previs\u00e3o cresce, podendo superar os 20%.<\/p>\n<p>Com o fim da elei\u00e7\u00e3o no sistema proporcional e suas coliga\u00e7\u00f5es, os evang\u00e9licos teriam uma boa vantagem. Eles s\u00e3o conhecidos, t\u00eam celebridades, caso de cantores gospel e apresentadores de programas religiosos na televis\u00e3o \u2013 os televangelistas -, al\u00e9m de v\u00e1rios pastores capazes de influenciar o voto dos seus liderados.<\/p>\n<p>Hidekazu Takayama (PSC-PR), l\u00edder da bancada, admitiu na Folha que &#8220;A maior parcela [dos deputados evang\u00e9licos] prefere o distrit\u00e3o&#8221;. Em abril, ele foi orar com o presidente Michel Temer no Planalto. Nesse encontro aproveitou para refor\u00e7ar que \u00e9 contra o debate da ideologia de g\u00eanero nas escolas, o aborto, a legaliza\u00e7\u00e3o das drogas e a permiss\u00e3o para que o aluno transg\u00eanero use o banheiro que preferir, feminino ou masculino.<\/p>\n","protected":false},"excerpt":{"rendered":"<p>No 247, por Voney Malta &#8211; Autor de um levantamento sobre deputados estaduais, federais e vereadores alagoanos (Macei\u00f3) que se elegeriam ou n\u00e3o nas elei\u00e7\u00f5es de 2012, 2014 e 2016, o professor Marcelo de Melo Bastos analisa que o distrit\u00e3o n\u00e3o vai fazer grande diferen\u00e7a.<\/p>\n","protected":false},"author":1,"featured_media":0,"comment_status":"closed","ping_status":"open","sticky":false,"template":"","format":"standard","meta":{"_exactmetrics_skip_tracking":false,"_exactmetrics_sitenote_active":false,"_exactmetrics_sitenote_note":"","_exactmetrics_sitenote_category":0,"jetpack_post_was_ever_published":false,"_jetpack_newsletter_access":"","_jetpack_dont_email_post_to_subs":false,"_jetpack_newsletter_tier_id":0,"_jetpack_memberships_contains_paywalled_content":false,"_jetpack_memberships_contains_paid_content":false,"footnotes":"","jetpack_publicize_message":"","jetpack_publicize_feature_enabled":true,"jetpack_social_post_already_shared":true,"jetpack_social_options":{"image_generator_settings":{"template":"highway","enabled":false},"version":2}},"categories":[1],"tags":[],"class_list":["post-13020","post","type-post","status-publish","format-standard","hentry","category-notas"],"jetpack_publicize_connections":[],"jetpack_sharing_enabled":true,"jetpack_featured_media_url":"","jetpack_shortlink":"https:\/\/wp.me\/p7wKYW-3o0","jetpack-related-posts":[],"_links":{"self":[{"href":"http:\/\/blogdalucianaoliveira.com.br\/blog\/wp-json\/wp\/v2\/posts\/13020","targetHints":{"allow":["GET"]}}],"collection":[{"href":"http:\/\/blogdalucianaoliveira.com.br\/blog\/wp-json\/wp\/v2\/posts"}],"about":[{"href":"http:\/\/blogdalucianaoliveira.com.br\/blog\/wp-json\/wp\/v2\/types\/post"}],"author":[{"embeddable":true,"href":"http:\/\/blogdalucianaoliveira.com.br\/blog\/wp-json\/wp\/v2\/users\/1"}],"replies":[{"embeddable":true,"href":"http:\/\/blogdalucianaoliveira.com.br\/blog\/wp-json\/wp\/v2\/comments?post=13020"}],"version-history":[{"count":2,"href":"http:\/\/blogdalucianaoliveira.com.br\/blog\/wp-json\/wp\/v2\/posts\/13020\/revisions"}],"predecessor-version":[{"id":13024,"href":"http:\/\/blogdalucianaoliveira.com.br\/blog\/wp-json\/wp\/v2\/posts\/13020\/revisions\/13024"}],"wp:attachment":[{"href":"http:\/\/blogdalucianaoliveira.com.br\/blog\/wp-json\/wp\/v2\/media?parent=13020"}],"wp:term":[{"taxonomy":"category","embeddable":true,"href":"http:\/\/blogdalucianaoliveira.com.br\/blog\/wp-json\/wp\/v2\/categories?post=13020"},{"taxonomy":"post_tag","embeddable":true,"href":"http:\/\/blogdalucianaoliveira.com.br\/blog\/wp-json\/wp\/v2\/tags?post=13020"}],"curies":[{"name":"wp","href":"https:\/\/api.w.org\/{rel}","templated":true}]}}