{"id":13084,"date":"2017-08-19T11:06:15","date_gmt":"2017-08-19T15:06:15","guid":{"rendered":"http:\/\/blogdalucianaoliveira.com.br\/blog\/?p=13084"},"modified":"2017-08-19T11:06:15","modified_gmt":"2017-08-19T15:06:15","slug":"kakay-moro-tornou-nulo-o-processo-contra-lula","status":"publish","type":"post","link":"http:\/\/blogdalucianaoliveira.com.br\/blog\/2017\/08\/19\/kakay-moro-tornou-nulo-o-processo-contra-lula\/","title":{"rendered":"KAKAY: MORO TORNOU NULO O PROCESSO CONTRA LULA"},"content":{"rendered":"<p><img data-recalc-dims=\"1\" loading=\"lazy\" decoding=\"async\" data-attachment-id=\"13085\" data-permalink=\"http:\/\/blogdalucianaoliveira.com.br\/blog\/2017\/08\/19\/kakay-moro-tornou-nulo-o-processo-contra-lula\/kak\/\" data-orig-file=\"https:\/\/i0.wp.com\/blogdalucianaoliveira.com.br\/blog\/wp-content\/uploads\/2017\/08\/kak.jpg?fit=1000%2C357\" data-orig-size=\"1000,357\" data-comments-opened=\"0\" data-image-meta=\"{&quot;aperture&quot;:&quot;0&quot;,&quot;credit&quot;:&quot;&quot;,&quot;camera&quot;:&quot;&quot;,&quot;caption&quot;:&quot;&quot;,&quot;created_timestamp&quot;:&quot;0&quot;,&quot;copyright&quot;:&quot;&quot;,&quot;focal_length&quot;:&quot;0&quot;,&quot;iso&quot;:&quot;0&quot;,&quot;shutter_speed&quot;:&quot;0&quot;,&quot;title&quot;:&quot;&quot;,&quot;orientation&quot;:&quot;0&quot;}\" data-image-title=\"kak\" data-image-description=\"\" data-image-caption=\"\" data-medium-file=\"https:\/\/i0.wp.com\/blogdalucianaoliveira.com.br\/blog\/wp-content\/uploads\/2017\/08\/kak.jpg?fit=300%2C107\" data-large-file=\"https:\/\/i0.wp.com\/blogdalucianaoliveira.com.br\/blog\/wp-content\/uploads\/2017\/08\/kak.jpg?fit=600%2C214\" src=\"https:\/\/i0.wp.com\/blogdalucianaoliveira.com.br\/blog\/wp-content\/uploads\/2017\/08\/kak.jpg?resize=600%2C214\" alt=\"kak\" width=\"600\" height=\"214\" class=\"alignnone size-full wp-image-13085\" srcset=\"https:\/\/i0.wp.com\/blogdalucianaoliveira.com.br\/blog\/wp-content\/uploads\/2017\/08\/kak.jpg?w=1000 1000w, https:\/\/i0.wp.com\/blogdalucianaoliveira.com.br\/blog\/wp-content\/uploads\/2017\/08\/kak.jpg?resize=300%2C107 300w, https:\/\/i0.wp.com\/blogdalucianaoliveira.com.br\/blog\/wp-content\/uploads\/2017\/08\/kak.jpg?resize=768%2C274 768w, https:\/\/i0.wp.com\/blogdalucianaoliveira.com.br\/blog\/wp-content\/uploads\/2017\/08\/kak.jpg?resize=800%2C286 800w\" sizes=\"auto, (max-width: 600px) 100vw, 600px\" \/><\/p>\n<p>No 247, por Paulo Moreira Leite e Marco Damiani &#8211; Um dos mais ativos criminalistas do pa\u00eds &#8212; possui 18 clientes apenas na Lava Jato &#8212; Antonio Carlos de Almeida Castro, mais conhecido como Kakay, tem uma vis\u00e3o dura sobre a senten\u00e7a de 9 anos e meio do juiz S\u00e9rgio Moro contra o ex-presidente Lula.<!--more--><\/p>\n<p>Em entrevista \u00e0 TV 247, Kakay afirma que o interrogat\u00f3rio do ex-presidente em Curitiba mostra que o juiz assumiu &#8220;claramente uma postura n\u00e3o parcial&#8221; em rela\u00e7\u00e3o ao r\u00e9u.<\/p>\n<p>Analisando a manifesta\u00e7\u00e3o de S\u00e9rgio Moro sobre o im\u00f3vel do Guaruj\u00e1, onde o juiz admitiu que o apartamento &#8220;n\u00e3o tinha nenhuma rela\u00e7\u00e3o com a Petrobras&#8221;, ele &#8220;tornou o processo nulo&#8221;, analisa o advogado. Isso porque falta a &#8220;conex\u00e3o necess\u00e1ria&#8221; para condenar Lula em uma investiga\u00e7\u00e3o cujo fulcro encontra-se em den\u00fancias de corrup\u00e7\u00e3o na maior estatal brasileira.<\/p>\n<p>Na entrevista, Kakay admite que a Lava Jato realiza uma investiga\u00e7\u00e3o necess\u00e1ria contra a corrup\u00e7\u00e3o no pa\u00eds, mas denuncia seus excessos. Tamb\u00e9m elogia o esfor\u00e7o de Lula para dar autonomia \u00e0 Pol\u00edcia Federal e ao Minist\u00e9rio P\u00fablico, lembrando passagens do governo Fernando Henrique Cardoso que demonstram a influ\u00eancia pol\u00edtica sobre investiga\u00e7\u00f5es que amea\u00e7avam figur\u00f5es ligados ao governo.<\/p>\n<p>Mesmo sendo um advers\u00e1rio doutrin\u00e1rio das dela\u00e7\u00f5es premiadas, pois considera que elas implicam na ren\u00fancia da mais importante garantia de todo Estado Direito, que \u00e9 o direito de defesa, Kakay at\u00e9 admite que possam ser utilizadas, em situa\u00e7\u00f5es previstas em lei. O problema na Lava Jato, denuncia, \u00e9 que agora temos dele\u00e7\u00e3o com direito a &#8220;recall&#8221;. Ele explica: quando \u00e9 pego &#8220;na mentira (o delator) volta atr\u00e1s e n\u00e3o perde o benef\u00edcio&#8221;.<\/p>\n<p>\u00c0s v\u00e9speras de completar 60 anos, Kakay fez parte da gera\u00e7\u00e3o que lutou contra o regime militar e agora se diz perplexo com a postura de uma grande parcela da juventude que tem ido \u00e0s ruas em tempos recentes. &#8220;Minha gera\u00e7\u00e3o sa\u00eda \u00e0s ruas para pedir mais liberdade. A gera\u00e7\u00e3o atual muitas vezes sai \u00e0s ruas para pedir mais pris\u00f5es&#8221;.<\/p>\n<p>Assista \u00e0 \u00edntegra:<\/p>\n<div class=\"jetpack-video-wrapper\"><iframe loading=\"lazy\" title=\"TV 247 - Entrevista com Kakay\" width=\"600\" height=\"338\" src=\"https:\/\/www.youtube.com\/embed\/Z8HGTUUuYLI?feature=oembed\" frameborder=\"0\" allow=\"accelerometer; autoplay; clipboard-write; encrypted-media; gyroscope; picture-in-picture; web-share\" referrerpolicy=\"strict-origin-when-cross-origin\" allowfullscreen><\/iframe><\/div>\n","protected":false},"excerpt":{"rendered":"<p>No 247, por Paulo Moreira Leite e Marco Damiani &#8211; Um dos mais ativos criminalistas do pa\u00eds &#8212; possui 18 clientes apenas na Lava Jato &#8212; Antonio Carlos de Almeida Castro, mais conhecido como Kakay, tem uma vis\u00e3o dura sobre a senten\u00e7a de 9 anos e meio do juiz S\u00e9rgio Moro contra o ex-presidente Lula.<\/p>\n","protected":false},"author":1,"featured_media":0,"comment_status":"closed","ping_status":"open","sticky":false,"template":"","format":"standard","meta":{"_exactmetrics_skip_tracking":false,"_exactmetrics_sitenote_active":false,"_exactmetrics_sitenote_note":"","_exactmetrics_sitenote_category":0,"jetpack_post_was_ever_published":false,"_jetpack_newsletter_access":"","_jetpack_dont_email_post_to_subs":false,"_jetpack_newsletter_tier_id":0,"_jetpack_memberships_contains_paywalled_content":false,"_jetpack_memberships_contains_paid_content":false,"footnotes":"","jetpack_publicize_message":"","jetpack_publicize_feature_enabled":true,"jetpack_social_post_already_shared":true,"jetpack_social_options":{"image_generator_settings":{"template":"highway","enabled":false},"version":2}},"categories":[1],"tags":[],"class_list":["post-13084","post","type-post","status-publish","format-standard","hentry","category-notas"],"jetpack_publicize_connections":[],"jetpack_sharing_enabled":true,"jetpack_featured_media_url":"","jetpack_shortlink":"https:\/\/wp.me\/p7wKYW-3p2","jetpack-related-posts":[],"_links":{"self":[{"href":"http:\/\/blogdalucianaoliveira.com.br\/blog\/wp-json\/wp\/v2\/posts\/13084","targetHints":{"allow":["GET"]}}],"collection":[{"href":"http:\/\/blogdalucianaoliveira.com.br\/blog\/wp-json\/wp\/v2\/posts"}],"about":[{"href":"http:\/\/blogdalucianaoliveira.com.br\/blog\/wp-json\/wp\/v2\/types\/post"}],"author":[{"embeddable":true,"href":"http:\/\/blogdalucianaoliveira.com.br\/blog\/wp-json\/wp\/v2\/users\/1"}],"replies":[{"embeddable":true,"href":"http:\/\/blogdalucianaoliveira.com.br\/blog\/wp-json\/wp\/v2\/comments?post=13084"}],"version-history":[{"count":1,"href":"http:\/\/blogdalucianaoliveira.com.br\/blog\/wp-json\/wp\/v2\/posts\/13084\/revisions"}],"predecessor-version":[{"id":13086,"href":"http:\/\/blogdalucianaoliveira.com.br\/blog\/wp-json\/wp\/v2\/posts\/13084\/revisions\/13086"}],"wp:attachment":[{"href":"http:\/\/blogdalucianaoliveira.com.br\/blog\/wp-json\/wp\/v2\/media?parent=13084"}],"wp:term":[{"taxonomy":"category","embeddable":true,"href":"http:\/\/blogdalucianaoliveira.com.br\/blog\/wp-json\/wp\/v2\/categories?post=13084"},{"taxonomy":"post_tag","embeddable":true,"href":"http:\/\/blogdalucianaoliveira.com.br\/blog\/wp-json\/wp\/v2\/tags?post=13084"}],"curies":[{"name":"wp","href":"https:\/\/api.w.org\/{rel}","templated":true}]}}