{"id":13087,"date":"2017-08-19T11:21:06","date_gmt":"2017-08-19T15:21:06","guid":{"rendered":"http:\/\/blogdalucianaoliveira.com.br\/blog\/?p=13087"},"modified":"2017-08-19T11:21:06","modified_gmt":"2017-08-19T15:21:06","slug":"no-facebook-neto-de-figueiredo-comemora-desmonte-da-uerj","status":"publish","type":"post","link":"http:\/\/blogdalucianaoliveira.com.br\/blog\/2017\/08\/19\/no-facebook-neto-de-figueiredo-comemora-desmonte-da-uerj\/","title":{"rendered":"NO FACEBOOK, NETO DE FIGUEIREDO COMEMORA DESMONTE DA UERJ"},"content":{"rendered":"<p><img data-recalc-dims=\"1\" loading=\"lazy\" decoding=\"async\" data-attachment-id=\"13088\" data-permalink=\"http:\/\/blogdalucianaoliveira.com.br\/blog\/2017\/08\/19\/no-facebook-neto-de-figueiredo-comemora-desmonte-da-uerj\/neto\/\" data-orig-file=\"https:\/\/i0.wp.com\/blogdalucianaoliveira.com.br\/blog\/wp-content\/uploads\/2017\/08\/neto.jpg?fit=1000%2C357\" data-orig-size=\"1000,357\" data-comments-opened=\"0\" data-image-meta=\"{&quot;aperture&quot;:&quot;0&quot;,&quot;credit&quot;:&quot;&quot;,&quot;camera&quot;:&quot;&quot;,&quot;caption&quot;:&quot;&quot;,&quot;created_timestamp&quot;:&quot;0&quot;,&quot;copyright&quot;:&quot;&quot;,&quot;focal_length&quot;:&quot;0&quot;,&quot;iso&quot;:&quot;0&quot;,&quot;shutter_speed&quot;:&quot;0&quot;,&quot;title&quot;:&quot;&quot;,&quot;orientation&quot;:&quot;0&quot;}\" data-image-title=\"neto\" data-image-description=\"\" data-image-caption=\"\" data-medium-file=\"https:\/\/i0.wp.com\/blogdalucianaoliveira.com.br\/blog\/wp-content\/uploads\/2017\/08\/neto.jpg?fit=300%2C107\" data-large-file=\"https:\/\/i0.wp.com\/blogdalucianaoliveira.com.br\/blog\/wp-content\/uploads\/2017\/08\/neto.jpg?fit=600%2C214\" src=\"https:\/\/i0.wp.com\/blogdalucianaoliveira.com.br\/blog\/wp-content\/uploads\/2017\/08\/neto.jpg?resize=600%2C214\" alt=\"neto\" width=\"600\" height=\"214\" class=\"alignnone size-full wp-image-13088\" srcset=\"https:\/\/i0.wp.com\/blogdalucianaoliveira.com.br\/blog\/wp-content\/uploads\/2017\/08\/neto.jpg?w=1000 1000w, https:\/\/i0.wp.com\/blogdalucianaoliveira.com.br\/blog\/wp-content\/uploads\/2017\/08\/neto.jpg?resize=300%2C107 300w, https:\/\/i0.wp.com\/blogdalucianaoliveira.com.br\/blog\/wp-content\/uploads\/2017\/08\/neto.jpg?resize=768%2C274 768w, https:\/\/i0.wp.com\/blogdalucianaoliveira.com.br\/blog\/wp-content\/uploads\/2017\/08\/neto.jpg?resize=800%2C286 800w\" sizes=\"auto, (max-width: 600px) 100vw, 600px\" \/><\/p>\n<p>Rio 247 &#8211; Em post em seu Facebook, Paulo Figueiredo Filho, neto do ditador Jo\u00e3o Figueiredo, comemorou o desmonte das universidades p\u00fablicas do Rio de Janeiro, especialmente a Universidade Estadual do Rio de Janeiro. &#8220;Sem d\u00favida, o maior feito do Pez\u00e3o foi o de, na pr\u00e1tica, fechar a UERJ&#8221;, diz Figueiredo no post.<!--more--><\/p>\n<p>O texto \u00e9 uma refer\u00eancia \u00e0 situa\u00e7\u00e3o financeira da Uerj. O governador Luiz Fernando Pez\u00e3o (PMDB-RJ) cortou pela metade os repasses da universidade e a Uerj tem suas atividades acad\u00eamicas prejudicadas desde 2016. Em 2017, a universidade sequer retomou o funcionamento e pode cancelar o ano letivo. Na pr\u00e1tica, \u00e9 como se a Uerj fechasse as portas. <\/p>\n<p>&#8220;Em uma tacada, conseguiu interromper a forma\u00e7\u00e3o de jovens lacradores, fechar um centro de forma\u00e7\u00e3o de Black Blocks e ainda matar de inani\u00e7\u00e3o seus professores criminosos. O impacto nas gera\u00e7\u00f5es futuras \u00e9 imensur\u00e1vel. Assim, sem querer, Pez\u00e3o entra para a hist\u00f3ria como o melhor governador da hist\u00f3ria recente do Rio de Janeiro. Agora \u00e9 torcer para o Temer fazer o mesmo com a UFRJ&#8221;, disse ele no fim do texto.<\/p>\n","protected":false},"excerpt":{"rendered":"<p>Rio 247 &#8211; Em post em seu Facebook, Paulo Figueiredo Filho, neto do ditador Jo\u00e3o Figueiredo, comemorou o desmonte das universidades p\u00fablicas do Rio de Janeiro, especialmente a Universidade Estadual do Rio de Janeiro. &#8220;Sem d\u00favida, o maior feito do Pez\u00e3o foi o de, na pr\u00e1tica, fechar a UERJ&#8221;, diz Figueiredo no post.<\/p>\n","protected":false},"author":1,"featured_media":0,"comment_status":"closed","ping_status":"open","sticky":false,"template":"","format":"standard","meta":{"_exactmetrics_skip_tracking":false,"_exactmetrics_sitenote_active":false,"_exactmetrics_sitenote_note":"","_exactmetrics_sitenote_category":0,"jetpack_post_was_ever_published":false,"_jetpack_newsletter_access":"","_jetpack_dont_email_post_to_subs":false,"_jetpack_newsletter_tier_id":0,"_jetpack_memberships_contains_paywalled_content":false,"_jetpack_memberships_contains_paid_content":false,"footnotes":"","jetpack_publicize_message":"","jetpack_publicize_feature_enabled":true,"jetpack_social_post_already_shared":true,"jetpack_social_options":{"image_generator_settings":{"template":"highway","enabled":false},"version":2}},"categories":[1],"tags":[],"class_list":["post-13087","post","type-post","status-publish","format-standard","hentry","category-notas"],"jetpack_publicize_connections":[],"jetpack_sharing_enabled":true,"jetpack_featured_media_url":"","jetpack_shortlink":"https:\/\/wp.me\/p7wKYW-3p5","jetpack-related-posts":[],"_links":{"self":[{"href":"http:\/\/blogdalucianaoliveira.com.br\/blog\/wp-json\/wp\/v2\/posts\/13087","targetHints":{"allow":["GET"]}}],"collection":[{"href":"http:\/\/blogdalucianaoliveira.com.br\/blog\/wp-json\/wp\/v2\/posts"}],"about":[{"href":"http:\/\/blogdalucianaoliveira.com.br\/blog\/wp-json\/wp\/v2\/types\/post"}],"author":[{"embeddable":true,"href":"http:\/\/blogdalucianaoliveira.com.br\/blog\/wp-json\/wp\/v2\/users\/1"}],"replies":[{"embeddable":true,"href":"http:\/\/blogdalucianaoliveira.com.br\/blog\/wp-json\/wp\/v2\/comments?post=13087"}],"version-history":[{"count":1,"href":"http:\/\/blogdalucianaoliveira.com.br\/blog\/wp-json\/wp\/v2\/posts\/13087\/revisions"}],"predecessor-version":[{"id":13089,"href":"http:\/\/blogdalucianaoliveira.com.br\/blog\/wp-json\/wp\/v2\/posts\/13087\/revisions\/13089"}],"wp:attachment":[{"href":"http:\/\/blogdalucianaoliveira.com.br\/blog\/wp-json\/wp\/v2\/media?parent=13087"}],"wp:term":[{"taxonomy":"category","embeddable":true,"href":"http:\/\/blogdalucianaoliveira.com.br\/blog\/wp-json\/wp\/v2\/categories?post=13087"},{"taxonomy":"post_tag","embeddable":true,"href":"http:\/\/blogdalucianaoliveira.com.br\/blog\/wp-json\/wp\/v2\/tags?post=13087"}],"curies":[{"name":"wp","href":"https:\/\/api.w.org\/{rel}","templated":true}]}}