{"id":13095,"date":"2017-08-21T10:03:40","date_gmt":"2017-08-21T14:03:40","guid":{"rendered":"http:\/\/blogdalucianaoliveira.com.br\/blog\/?p=13095"},"modified":"2017-08-21T10:03:40","modified_gmt":"2017-08-21T14:03:40","slug":"os-muros-da-desordem-mundial","status":"publish","type":"post","link":"http:\/\/blogdalucianaoliveira.com.br\/blog\/2017\/08\/21\/os-muros-da-desordem-mundial\/","title":{"rendered":"Os muros da (des)ordem mundial"},"content":{"rendered":"<p><img data-recalc-dims=\"1\" loading=\"lazy\" decoding=\"async\" data-attachment-id=\"13096\" data-permalink=\"http:\/\/blogdalucianaoliveira.com.br\/blog\/2017\/08\/21\/os-muros-da-desordem-mundial\/peru\/\" data-orig-file=\"https:\/\/i0.wp.com\/blogdalucianaoliveira.com.br\/blog\/wp-content\/uploads\/2017\/08\/peru.jpg?fit=600%2C296\" data-orig-size=\"600,296\" data-comments-opened=\"0\" data-image-meta=\"{&quot;aperture&quot;:&quot;0&quot;,&quot;credit&quot;:&quot;&quot;,&quot;camera&quot;:&quot;&quot;,&quot;caption&quot;:&quot;&quot;,&quot;created_timestamp&quot;:&quot;0&quot;,&quot;copyright&quot;:&quot;&quot;,&quot;focal_length&quot;:&quot;0&quot;,&quot;iso&quot;:&quot;0&quot;,&quot;shutter_speed&quot;:&quot;0&quot;,&quot;title&quot;:&quot;&quot;,&quot;orientation&quot;:&quot;0&quot;}\" data-image-title=\"peru\" data-image-description=\"\" data-image-caption=\"\" data-medium-file=\"https:\/\/i0.wp.com\/blogdalucianaoliveira.com.br\/blog\/wp-content\/uploads\/2017\/08\/peru.jpg?fit=300%2C148\" data-large-file=\"https:\/\/i0.wp.com\/blogdalucianaoliveira.com.br\/blog\/wp-content\/uploads\/2017\/08\/peru.jpg?fit=600%2C296\" src=\"https:\/\/i0.wp.com\/blogdalucianaoliveira.com.br\/blog\/wp-content\/uploads\/2017\/08\/peru.jpg?resize=600%2C296\" alt=\"peru\" width=\"600\" height=\"296\" class=\"alignnone size-full wp-image-13096\" srcset=\"https:\/\/i0.wp.com\/blogdalucianaoliveira.com.br\/blog\/wp-content\/uploads\/2017\/08\/peru.jpg?w=600 600w, https:\/\/i0.wp.com\/blogdalucianaoliveira.com.br\/blog\/wp-content\/uploads\/2017\/08\/peru.jpg?resize=300%2C148 300w\" sizes=\"auto, (max-width: 600px) 100vw, 600px\" \/><\/p>\n<p>No Tijola\u00e7o, por Fernando Brito &#8211; Fabiano Maisonnave e Avener Prado, hoje, na Folha, mostram algo que, com ou sem concreto e arames farpados, virou a nova ordem mundial.<\/p>\n<p>Descrevem os dez quil\u00f4metros de muros, que come\u00e7aram a ser constru\u00eddos nos anos 80,  com a fun\u00e7\u00e3o de  \u201cseparar as \u00e1reas urbanizadas dos \u201cpovoados jovens\u201d, o eufemismo local para designar favelas\u201d, em Lima, capital peruana.<!--more--><\/p>\n<p>A mat\u00e9ria, muito boa, pode ser lida aqui. Traz muito de tudo o que vemos aqui  e quase j\u00e1 n\u00e3o prestamos aten\u00e7\u00e3o, de t\u00e3o condicionados a aceitar a \u201cseguran\u00e7a\u201d como \u00fanica sa\u00edda para o caminho bruto e violento que a todos vai sendo imposto.<\/p>\n<p>O \u201cmuro do Trump\u201d, afinal, nem t\u00e3o novidade \u00e9. Est\u00e1 na Cisjord\u00e2nia, \u201cprotegendo\u201d Israel, est\u00e1 na S\u00e9rvia, contendo os imigrantes do Oriente e da \u00c1frica em caos, est\u00e1 por aqui, separando favelas de condom\u00ednios.<\/p>\n<p>Mas o muro mais cruel, a pior parede que se p\u00f5e entre semelhantes \u00e9 o muro mental que se deixou construir. Que deixamos, n\u00f3s tamb\u00e9m, se construir, frise-se.<\/p>\n<p>A ordem injusta, excludente, cruel produz multid\u00f5es de seres humanos vivendo na pobreza, em condi\u00e7\u00f5es em que falar de \u201cdireitos\u201d parece um deboche.<\/p>\n<p>Uma ordem assim se sustenta, se legitima, jamais pode tolerar o progresso coletivo. Ao contr\u00e1rio, a crise, c\u00edclica, \u00e9 necess\u00e1ria \u00e0 sua sobreviv\u00eancia.<\/p>\n<p>Ela precisa daquilo que ela pr\u00f3pria produz: o medo.<\/p>\n<p>Medo que conduz ao \u00f3dio.<\/p>\n<p>\u00d3dio ao favelado, \u00f3dio ao pobre, \u00f3dio ao negro, ao mesti\u00e7o, ao \u00edndio (como l\u00e1 em Lima, onde os pobres v\u00eam do altiplano e boa parte dos limenhos descende dos europeus), a qualquer um que n\u00e3o seja \u201ccivilizado\u201d ao ponto de poder pertencer ao mundo \u201cnormal\u201d onde estamos ou, ao menos, pare\u00e7a ser suspeito disso.<\/p>\n<p>Bandido bom n\u00e3o \u00e9 bandido morto: \u00e9 bandido vivo, amea\u00e7ador, que justifique ser bruto, estar armado, haver pol\u00edcia em quantidades cavalares e m\u00e9todos idem. Embora faltem recursos para educar, curar, cuidar, estes n\u00e3o podem faltar para patrulhar, prender, atirar.<\/p>\n<p>N\u00e3o se trata, \u00f3bvio, de deixar de cuidar da seguran\u00e7a p\u00fablica. Trata-se de entender que a \u201cguerra\u201d \u00e9 um exerc\u00edcio de domina\u00e7\u00e3o e submiss\u00e3o.<\/p>\n<p>E uma das domina\u00e7\u00f5es e das submiss\u00f5es \u00e9 a das nossas mentes, levadas a crer que isso \u00e9 um caminho, quando \u00e9 um muro.<\/p>\n<p>Que faz prisioneiros dos dois lados.<\/p>\n","protected":false},"excerpt":{"rendered":"<p>No Tijola\u00e7o, por Fernando Brito &#8211; Fabiano Maisonnave e Avener Prado, hoje, na Folha, mostram algo que, com ou sem concreto e arames farpados, virou a nova ordem mundial. Descrevem os dez quil\u00f4metros de muros, que come\u00e7aram a ser constru\u00eddos nos anos 80, com a fun\u00e7\u00e3o de \u201cseparar as \u00e1reas urbanizadas dos \u201cpovoados jovens\u201d, o&#8230;<a class=\"more-link\" href=\"http:\/\/blogdalucianaoliveira.com.br\/blog\/2017\/08\/21\/os-muros-da-desordem-mundial\/\">Continue a leitura <span class=\"meta-nav\">&raquo;<\/span><\/a><\/p>\n","protected":false},"author":1,"featured_media":0,"comment_status":"closed","ping_status":"open","sticky":false,"template":"","format":"standard","meta":{"_exactmetrics_skip_tracking":false,"_exactmetrics_sitenote_active":false,"_exactmetrics_sitenote_note":"","_exactmetrics_sitenote_category":0,"jetpack_post_was_ever_published":false,"_jetpack_newsletter_access":"","_jetpack_dont_email_post_to_subs":false,"_jetpack_newsletter_tier_id":0,"_jetpack_memberships_contains_paywalled_content":false,"_jetpack_memberships_contains_paid_content":false,"footnotes":"","jetpack_publicize_message":"","jetpack_publicize_feature_enabled":true,"jetpack_social_post_already_shared":true,"jetpack_social_options":{"image_generator_settings":{"template":"highway","enabled":false},"version":2}},"categories":[1],"tags":[],"class_list":["post-13095","post","type-post","status-publish","format-standard","hentry","category-notas"],"jetpack_publicize_connections":[],"jetpack_sharing_enabled":true,"jetpack_featured_media_url":"","jetpack_shortlink":"https:\/\/wp.me\/p7wKYW-3pd","jetpack-related-posts":[],"_links":{"self":[{"href":"http:\/\/blogdalucianaoliveira.com.br\/blog\/wp-json\/wp\/v2\/posts\/13095","targetHints":{"allow":["GET"]}}],"collection":[{"href":"http:\/\/blogdalucianaoliveira.com.br\/blog\/wp-json\/wp\/v2\/posts"}],"about":[{"href":"http:\/\/blogdalucianaoliveira.com.br\/blog\/wp-json\/wp\/v2\/types\/post"}],"author":[{"embeddable":true,"href":"http:\/\/blogdalucianaoliveira.com.br\/blog\/wp-json\/wp\/v2\/users\/1"}],"replies":[{"embeddable":true,"href":"http:\/\/blogdalucianaoliveira.com.br\/blog\/wp-json\/wp\/v2\/comments?post=13095"}],"version-history":[{"count":1,"href":"http:\/\/blogdalucianaoliveira.com.br\/blog\/wp-json\/wp\/v2\/posts\/13095\/revisions"}],"predecessor-version":[{"id":13097,"href":"http:\/\/blogdalucianaoliveira.com.br\/blog\/wp-json\/wp\/v2\/posts\/13095\/revisions\/13097"}],"wp:attachment":[{"href":"http:\/\/blogdalucianaoliveira.com.br\/blog\/wp-json\/wp\/v2\/media?parent=13095"}],"wp:term":[{"taxonomy":"category","embeddable":true,"href":"http:\/\/blogdalucianaoliveira.com.br\/blog\/wp-json\/wp\/v2\/categories?post=13095"},{"taxonomy":"post_tag","embeddable":true,"href":"http:\/\/blogdalucianaoliveira.com.br\/blog\/wp-json\/wp\/v2\/tags?post=13095"}],"curies":[{"name":"wp","href":"https:\/\/api.w.org\/{rel}","templated":true}]}}