{"id":13104,"date":"2017-08-21T13:02:45","date_gmt":"2017-08-21T17:02:45","guid":{"rendered":"http:\/\/blogdalucianaoliveira.com.br\/blog\/?p=13104"},"modified":"2017-08-21T13:18:44","modified_gmt":"2017-08-21T17:18:44","slug":"link-com-salarios-de-magistrados-de-rondonia-e-compartilhado-nas-redes-sociais","status":"publish","type":"post","link":"http:\/\/blogdalucianaoliveira.com.br\/blog\/2017\/08\/21\/link-com-salarios-de-magistrados-de-rondonia-e-compartilhado-nas-redes-sociais\/","title":{"rendered":"Link com sal\u00e1rios de magistrados de Rond\u00f4nia \u00e9 compartilhado nas redes sociais"},"content":{"rendered":"<p><img data-recalc-dims=\"1\" loading=\"lazy\" decoding=\"async\" data-attachment-id=\"13105\" data-permalink=\"http:\/\/blogdalucianaoliveira.com.br\/blog\/2017\/08\/21\/link-com-salarios-de-magistrados-de-rondonia-e-compartilhado-nas-redes-sociais\/super-2\/\" data-orig-file=\"https:\/\/i0.wp.com\/blogdalucianaoliveira.com.br\/blog\/wp-content\/uploads\/2017\/08\/super.jpg?fit=1000%2C644\" data-orig-size=\"1000,644\" data-comments-opened=\"0\" data-image-meta=\"{&quot;aperture&quot;:&quot;0&quot;,&quot;credit&quot;:&quot;&quot;,&quot;camera&quot;:&quot;&quot;,&quot;caption&quot;:&quot;&quot;,&quot;created_timestamp&quot;:&quot;0&quot;,&quot;copyright&quot;:&quot;&quot;,&quot;focal_length&quot;:&quot;0&quot;,&quot;iso&quot;:&quot;0&quot;,&quot;shutter_speed&quot;:&quot;0&quot;,&quot;title&quot;:&quot;&quot;,&quot;orientation&quot;:&quot;0&quot;}\" data-image-title=\"super\" data-image-description=\"\" data-image-caption=\"\" data-medium-file=\"https:\/\/i0.wp.com\/blogdalucianaoliveira.com.br\/blog\/wp-content\/uploads\/2017\/08\/super.jpg?fit=300%2C193\" data-large-file=\"https:\/\/i0.wp.com\/blogdalucianaoliveira.com.br\/blog\/wp-content\/uploads\/2017\/08\/super.jpg?fit=600%2C386\" class=\"alignnone size-full wp-image-13105\" src=\"https:\/\/i0.wp.com\/blogdalucianaoliveira.com.br\/blog\/wp-content\/uploads\/2017\/08\/super.jpg?resize=600%2C386\" alt=\"super\" width=\"600\" height=\"386\" srcset=\"https:\/\/i0.wp.com\/blogdalucianaoliveira.com.br\/blog\/wp-content\/uploads\/2017\/08\/super.jpg?w=1000 1000w, https:\/\/i0.wp.com\/blogdalucianaoliveira.com.br\/blog\/wp-content\/uploads\/2017\/08\/super.jpg?resize=300%2C193 300w, https:\/\/i0.wp.com\/blogdalucianaoliveira.com.br\/blog\/wp-content\/uploads\/2017\/08\/super.jpg?resize=768%2C495 768w, https:\/\/i0.wp.com\/blogdalucianaoliveira.com.br\/blog\/wp-content\/uploads\/2017\/08\/super.jpg?resize=466%2C300 466w\" sizes=\"auto, (max-width: 600px) 100vw, 600px\" \/><\/p>\n<p>No fim deste m\u00eas, todos os tribunais do pa\u00eds dever\u00e3o ter informado ao Conselho Nacional de Justi\u00e7a (CNJ), quanto cada magistrado recebeu de janeiro de 2017 at\u00e9 o m\u00eas de agosto de 2017.<\/p>\n<p>E de forma detalhada, discriminando tamb\u00e9m os valores extras, como subs\u00eddios e verbas especiais.<br \/>\nA ministra Carmem L\u00facia que preside o Conselho e o Supremo Tribunal Federal, baixou a portaria que obriga o fornecimento da informa\u00e7\u00e3o, \u00a0ap\u00f3s a divulga\u00e7\u00e3o de que um juiz do interior do Mato Grosso recebeu R$ 503,9 mil no in\u00edcio de agosto.<!--more--><\/p>\n<p><img data-recalc-dims=\"1\" loading=\"lazy\" decoding=\"async\" data-attachment-id=\"13108\" data-permalink=\"http:\/\/blogdalucianaoliveira.com.br\/blog\/2017\/08\/21\/link-com-salarios-de-magistrados-de-rondonia-e-compartilhado-nas-redes-sociais\/juiz-3\/\" data-orig-file=\"https:\/\/i0.wp.com\/blogdalucianaoliveira.com.br\/blog\/wp-content\/uploads\/2017\/08\/juiz.jpg?fit=1000%2C626\" data-orig-size=\"1000,626\" data-comments-opened=\"0\" data-image-meta=\"{&quot;aperture&quot;:&quot;0&quot;,&quot;credit&quot;:&quot;&quot;,&quot;camera&quot;:&quot;&quot;,&quot;caption&quot;:&quot;&quot;,&quot;created_timestamp&quot;:&quot;0&quot;,&quot;copyright&quot;:&quot;&quot;,&quot;focal_length&quot;:&quot;0&quot;,&quot;iso&quot;:&quot;0&quot;,&quot;shutter_speed&quot;:&quot;0&quot;,&quot;title&quot;:&quot;&quot;,&quot;orientation&quot;:&quot;0&quot;}\" data-image-title=\"juiz\" data-image-description=\"\" data-image-caption=\"\" data-medium-file=\"https:\/\/i0.wp.com\/blogdalucianaoliveira.com.br\/blog\/wp-content\/uploads\/2017\/08\/juiz.jpg?fit=300%2C188\" data-large-file=\"https:\/\/i0.wp.com\/blogdalucianaoliveira.com.br\/blog\/wp-content\/uploads\/2017\/08\/juiz.jpg?fit=600%2C376\" class=\"alignnone size-full wp-image-13108\" src=\"https:\/\/i0.wp.com\/blogdalucianaoliveira.com.br\/blog\/wp-content\/uploads\/2017\/08\/juiz.jpg?resize=600%2C376\" alt=\"juiz\" width=\"600\" height=\"376\" srcset=\"https:\/\/i0.wp.com\/blogdalucianaoliveira.com.br\/blog\/wp-content\/uploads\/2017\/08\/juiz.jpg?w=1000 1000w, https:\/\/i0.wp.com\/blogdalucianaoliveira.com.br\/blog\/wp-content\/uploads\/2017\/08\/juiz.jpg?resize=300%2C188 300w, https:\/\/i0.wp.com\/blogdalucianaoliveira.com.br\/blog\/wp-content\/uploads\/2017\/08\/juiz.jpg?resize=768%2C481 768w, https:\/\/i0.wp.com\/blogdalucianaoliveira.com.br\/blog\/wp-content\/uploads\/2017\/08\/juiz.jpg?resize=479%2C300 479w\" sizes=\"auto, (max-width: 600px) 100vw, 600px\" \/><\/p>\n<p>&nbsp;<\/p>\n<p>O sal\u00e1rio normal do juiz Mirko Vincenzo Giannotte, da 6\u00aa Vara da Comarca de Sinop, constava como R$ 28,9 mil, o restante era referente a gratifica\u00e7\u00f5es, vantagens, indeniza\u00e7\u00f5es e adicionais.<\/p>\n<p>O valor estratosf\u00e9rico dos vencimentos do juiz causou alvoro\u00e7o na imprensa e nas redes sociais, sobretudo porque n\u00e3o se tratava de um caso isolado, mas de 84 ju\u00edzes de Mato Grosso que receberam, em julho, mais de R$ 100 mil nos contracheques.<\/p>\n<p>Pelo menos nove magistrados mato-grossenses receberam acima de R$ 300 mil, sendo o teto de remunera\u00e7\u00e3o para o funcionalismo p\u00fablico de R$ 33,7 mil.<\/p>\n<p>Um link com os valores recebidos por magistrados de Rond\u00f4nia foi compartilhado t\u00e3o logo a decis\u00e3o do CNJ foi anunciada .<\/p>\n<p>\u00c9\u00a0poss\u00edvel identificar v\u00e1rios pagamentos \u00a0bem acima do teto constitucional por inclu\u00edrem valores al\u00e9m do sal\u00e1rio.<\/p>\n<p>O presidente do TJ-RO, Sans\u00e3o Batista Saldanha, recebeu R$ 135.797,60 no \u00faltimo m\u00eas de julho.<\/p>\n<p>O que diz respeito a vantagens pessoais, eventuais e indeniza\u00e7\u00f5es est\u00e1 discriminado no contracheque do presidente. E \u00e9 isso quer o CNJ quer saber, o por qu\u00ea de supersal\u00e1rios.<\/p>\n<p><a href=\"http:\/\/ext.tjro.jus.br\/ext\/transparencia\/cnj151\/Cnj151Mag201707.html\">Confira<\/a>: http:\/\/ext.tjro.jus.br\/ext\/transparencia\/cnj151\/Cnj151Mag201707.html<\/p>\n<p>A partir de setembro, os tribunais ter\u00e3o que enviar as informa\u00e7\u00f5es detalhadas sobre os vencimentos de ju\u00edzes a cada cinco dias ap\u00f3s o pagamento.<\/p>\n<p>Mais que fiscalizar, o CNJ quer imprimir transpar\u00eancia disponibilizando a consulta dos valores a todos os cidad\u00e3os.<br \/>\nO ministro Lu\u00eds Roberto Barroso, do Supremo Tribunal Federal, defende a publiciza\u00e7\u00e3o dos pagamentos e considera um \u201cdesaforo com a sociedade brasileira o fato de ju\u00edzes ganharem 70, 80, 100, 200, 300 mil reais\u201d.<\/p>\n<p><img data-recalc-dims=\"1\" loading=\"lazy\" decoding=\"async\" data-attachment-id=\"13110\" data-permalink=\"http:\/\/blogdalucianaoliveira.com.br\/blog\/2017\/08\/21\/link-com-salarios-de-magistrados-de-rondonia-e-compartilhado-nas-redes-sociais\/barro-2\/\" data-orig-file=\"https:\/\/i0.wp.com\/blogdalucianaoliveira.com.br\/blog\/wp-content\/uploads\/2017\/08\/barro.jpeg?fit=300%2C181\" data-orig-size=\"300,181\" data-comments-opened=\"0\" data-image-meta=\"{&quot;aperture&quot;:&quot;0&quot;,&quot;credit&quot;:&quot;&quot;,&quot;camera&quot;:&quot;&quot;,&quot;caption&quot;:&quot;&quot;,&quot;created_timestamp&quot;:&quot;0&quot;,&quot;copyright&quot;:&quot;&quot;,&quot;focal_length&quot;:&quot;0&quot;,&quot;iso&quot;:&quot;0&quot;,&quot;shutter_speed&quot;:&quot;0&quot;,&quot;title&quot;:&quot;&quot;,&quot;orientation&quot;:&quot;0&quot;}\" data-image-title=\"barro\" data-image-description=\"\" data-image-caption=\"\" data-medium-file=\"https:\/\/i0.wp.com\/blogdalucianaoliveira.com.br\/blog\/wp-content\/uploads\/2017\/08\/barro.jpeg?fit=300%2C181\" data-large-file=\"https:\/\/i0.wp.com\/blogdalucianaoliveira.com.br\/blog\/wp-content\/uploads\/2017\/08\/barro.jpeg?fit=300%2C181\" class=\"alignnone size-full wp-image-13110\" src=\"https:\/\/i0.wp.com\/blogdalucianaoliveira.com.br\/blog\/wp-content\/uploads\/2017\/08\/barro.jpeg?resize=300%2C181\" alt=\"barro\" width=\"300\" height=\"181\" \/><\/p>\n<p>&nbsp;<\/p>\n","protected":false},"excerpt":{"rendered":"<p>No fim deste m\u00eas, todos os tribunais do pa\u00eds dever\u00e3o ter informado ao Conselho Nacional de Justi\u00e7a (CNJ), quanto cada magistrado recebeu de janeiro de 2017 at\u00e9 o m\u00eas de agosto de 2017. E de forma detalhada, discriminando tamb\u00e9m os valores extras, como subs\u00eddios e verbas especiais. A ministra Carmem L\u00facia que preside o Conselho&#8230;<a class=\"more-link\" href=\"http:\/\/blogdalucianaoliveira.com.br\/blog\/2017\/08\/21\/link-com-salarios-de-magistrados-de-rondonia-e-compartilhado-nas-redes-sociais\/\">Continue a leitura <span class=\"meta-nav\">&raquo;<\/span><\/a><\/p>\n","protected":false},"author":1,"featured_media":0,"comment_status":"closed","ping_status":"open","sticky":false,"template":"","format":"standard","meta":{"_exactmetrics_skip_tracking":false,"_exactmetrics_sitenote_active":false,"_exactmetrics_sitenote_note":"","_exactmetrics_sitenote_category":0,"jetpack_post_was_ever_published":false,"_jetpack_newsletter_access":"","_jetpack_dont_email_post_to_subs":false,"_jetpack_newsletter_tier_id":0,"_jetpack_memberships_contains_paywalled_content":false,"_jetpack_memberships_contains_paid_content":false,"footnotes":"","jetpack_publicize_message":"","jetpack_publicize_feature_enabled":true,"jetpack_social_post_already_shared":true,"jetpack_social_options":{"image_generator_settings":{"template":"highway","enabled":false},"version":2}},"categories":[1],"tags":[],"class_list":["post-13104","post","type-post","status-publish","format-standard","hentry","category-notas"],"jetpack_publicize_connections":[],"jetpack_sharing_enabled":true,"jetpack_featured_media_url":"","jetpack_shortlink":"https:\/\/wp.me\/p7wKYW-3pm","jetpack-related-posts":[],"_links":{"self":[{"href":"http:\/\/blogdalucianaoliveira.com.br\/blog\/wp-json\/wp\/v2\/posts\/13104","targetHints":{"allow":["GET"]}}],"collection":[{"href":"http:\/\/blogdalucianaoliveira.com.br\/blog\/wp-json\/wp\/v2\/posts"}],"about":[{"href":"http:\/\/blogdalucianaoliveira.com.br\/blog\/wp-json\/wp\/v2\/types\/post"}],"author":[{"embeddable":true,"href":"http:\/\/blogdalucianaoliveira.com.br\/blog\/wp-json\/wp\/v2\/users\/1"}],"replies":[{"embeddable":true,"href":"http:\/\/blogdalucianaoliveira.com.br\/blog\/wp-json\/wp\/v2\/comments?post=13104"}],"version-history":[{"count":6,"href":"http:\/\/blogdalucianaoliveira.com.br\/blog\/wp-json\/wp\/v2\/posts\/13104\/revisions"}],"predecessor-version":[{"id":13113,"href":"http:\/\/blogdalucianaoliveira.com.br\/blog\/wp-json\/wp\/v2\/posts\/13104\/revisions\/13113"}],"wp:attachment":[{"href":"http:\/\/blogdalucianaoliveira.com.br\/blog\/wp-json\/wp\/v2\/media?parent=13104"}],"wp:term":[{"taxonomy":"category","embeddable":true,"href":"http:\/\/blogdalucianaoliveira.com.br\/blog\/wp-json\/wp\/v2\/categories?post=13104"},{"taxonomy":"post_tag","embeddable":true,"href":"http:\/\/blogdalucianaoliveira.com.br\/blog\/wp-json\/wp\/v2\/tags?post=13104"}],"curies":[{"name":"wp","href":"https:\/\/api.w.org\/{rel}","templated":true}]}}