{"id":13114,"date":"2017-08-21T13:41:30","date_gmt":"2017-08-21T17:41:30","guid":{"rendered":"http:\/\/blogdalucianaoliveira.com.br\/blog\/?p=13114"},"modified":"2017-08-21T13:42:26","modified_gmt":"2017-08-21T17:42:26","slug":"professora-surui-de-rondonia-conquista-o-maior-e-mais-importante-premio-da-educacao-basica-brasileira","status":"publish","type":"post","link":"http:\/\/blogdalucianaoliveira.com.br\/blog\/2017\/08\/21\/professora-surui-de-rondonia-conquista-o-maior-e-mais-importante-premio-da-educacao-basica-brasileira\/","title":{"rendered":"Professora Suru\u00ed, de Rond\u00f4nia, conquista o maior e mais importante pr\u00eamio da educa\u00e7\u00e3o b\u00e1sica brasileira"},"content":{"rendered":"<p><img data-recalc-dims=\"1\" loading=\"lazy\" decoding=\"async\" data-attachment-id=\"13117\" data-permalink=\"http:\/\/blogdalucianaoliveira.com.br\/blog\/2017\/08\/21\/professora-surui-de-rondonia-conquista-o-maior-e-mais-importante-premio-da-educacao-basica-brasileira\/img_3923\/\" data-orig-file=\"https:\/\/i0.wp.com\/blogdalucianaoliveira.com.br\/blog\/wp-content\/uploads\/2017\/08\/IMG_3923.jpg?fit=846%2C638\" data-orig-size=\"846,638\" data-comments-opened=\"0\" data-image-meta=\"{&quot;aperture&quot;:&quot;0&quot;,&quot;credit&quot;:&quot;&quot;,&quot;camera&quot;:&quot;&quot;,&quot;caption&quot;:&quot;&quot;,&quot;created_timestamp&quot;:&quot;0&quot;,&quot;copyright&quot;:&quot;&quot;,&quot;focal_length&quot;:&quot;0&quot;,&quot;iso&quot;:&quot;0&quot;,&quot;shutter_speed&quot;:&quot;0&quot;,&quot;title&quot;:&quot;&quot;,&quot;orientation&quot;:&quot;0&quot;}\" data-image-title=\"IMG_3923\" data-image-description=\"\" data-image-caption=\"\" data-medium-file=\"https:\/\/i0.wp.com\/blogdalucianaoliveira.com.br\/blog\/wp-content\/uploads\/2017\/08\/IMG_3923.jpg?fit=300%2C226\" data-large-file=\"https:\/\/i0.wp.com\/blogdalucianaoliveira.com.br\/blog\/wp-content\/uploads\/2017\/08\/IMG_3923.jpg?fit=600%2C452\" src=\"https:\/\/i0.wp.com\/blogdalucianaoliveira.com.br\/blog\/wp-content\/uploads\/2017\/08\/IMG_3923.jpg?resize=600%2C452\" alt=\"IMG_3923\" width=\"600\" height=\"452\" class=\"alignnone size-full wp-image-13117\" srcset=\"https:\/\/i0.wp.com\/blogdalucianaoliveira.com.br\/blog\/wp-content\/uploads\/2017\/08\/IMG_3923.jpg?w=846 846w, https:\/\/i0.wp.com\/blogdalucianaoliveira.com.br\/blog\/wp-content\/uploads\/2017\/08\/IMG_3923.jpg?resize=300%2C226 300w, https:\/\/i0.wp.com\/blogdalucianaoliveira.com.br\/blog\/wp-content\/uploads\/2017\/08\/IMG_3923.jpg?resize=768%2C579 768w, https:\/\/i0.wp.com\/blogdalucianaoliveira.com.br\/blog\/wp-content\/uploads\/2017\/08\/IMG_3923.jpg?resize=398%2C300 398w\" sizes=\"auto, (max-width: 600px) 100vw, 600px\" \/><\/p>\n<p>No Tudorondonia <\/p>\n<p>A revista Veja  desta semana destacou, em an\u00fancio de duas p\u00e1ginas, os 10 professores vencedores da 20\u00aa edi\u00e7\u00e3o do Pr\u00eamio Educador Nota 10, o maior e mais importante pr\u00eamio da educa\u00e7\u00e3o b\u00e1sica brasileira.<!--more--><\/p>\n<p>Para orgulho de Rond\u00f4nia, a professora Elis\u00e2ngela Dell-Armelina Suru\u00ed, da etnia ind\u00edgena Suru\u00ed, de Cacoal, est\u00e1 entre  os dez vencedores do pr\u00eamio na \u00e1rea de alfabetiza\u00e7\u00e3o fundamental I. Ela \u00e9 da Escola Ind\u00edgena  Sertanista Francisco Meireles, de Cacoal-Rond\u00f5nia.  <\/p>\n<p>O pr\u00eamio \u00e9 realizado pela Funda\u00e7\u00e3o Victor Civita em parceria com a Funda\u00e7\u00e3o Roberto Marinho.<\/p>\n<p>Segundo a Funda\u00e7\u00e3o Victor Civicta, \u201cOs alunos da classe multiseriada de 1\u00ba a 5\u00ba ano de Elis\u00e2ngela falam Paiter Suru\u00ed, mas tinham tanta dificuldade para escrever nesse idioma quanto para entender os materiais did\u00e1ticos em l\u00edngua portuguesa. Por isso, ela preparou junto com eles um caderno de atividades de escrita e leitura na l\u00edngua materna, estabelecendo rela\u00e7\u00f5es com a l\u00edngua portuguesa e com a de sinais, j\u00e1 que existem muitos surdos entre o Povo Paiter. Considerando sua turma multisseriada, ela organizou o projeto para que todos pudessem trabalhar de acordo com seus saberes, potencializando as possibilidades dos alunos mais velhos e dando espa\u00e7o para a a\u00e7\u00e3o dos mais novos\u201d.<\/p>\n","protected":false},"excerpt":{"rendered":"<p>No Tudorondonia A revista Veja desta semana destacou, em an\u00fancio de duas p\u00e1ginas, os 10 professores vencedores da 20\u00aa edi\u00e7\u00e3o do Pr\u00eamio Educador Nota 10, o maior e mais importante pr\u00eamio da educa\u00e7\u00e3o b\u00e1sica brasileira.<\/p>\n","protected":false},"author":1,"featured_media":13117,"comment_status":"closed","ping_status":"open","sticky":false,"template":"","format":"standard","meta":{"_exactmetrics_skip_tracking":false,"_exactmetrics_sitenote_active":false,"_exactmetrics_sitenote_note":"","_exactmetrics_sitenote_category":0,"jetpack_post_was_ever_published":false,"_jetpack_newsletter_access":"","_jetpack_dont_email_post_to_subs":false,"_jetpack_newsletter_tier_id":0,"_jetpack_memberships_contains_paywalled_content":false,"_jetpack_memberships_contains_paid_content":false,"footnotes":"","jetpack_publicize_message":"","jetpack_publicize_feature_enabled":true,"jetpack_social_post_already_shared":true,"jetpack_social_options":{"image_generator_settings":{"template":"highway","enabled":false},"version":2}},"categories":[1],"tags":[],"class_list":["post-13114","post","type-post","status-publish","format-standard","has-post-thumbnail","hentry","category-notas"],"jetpack_publicize_connections":[],"jetpack_sharing_enabled":true,"jetpack_featured_media_url":"https:\/\/i0.wp.com\/blogdalucianaoliveira.com.br\/blog\/wp-content\/uploads\/2017\/08\/IMG_3923.jpg?fit=846%2C638","jetpack_shortlink":"https:\/\/wp.me\/p7wKYW-3pw","jetpack-related-posts":[],"_links":{"self":[{"href":"http:\/\/blogdalucianaoliveira.com.br\/blog\/wp-json\/wp\/v2\/posts\/13114","targetHints":{"allow":["GET"]}}],"collection":[{"href":"http:\/\/blogdalucianaoliveira.com.br\/blog\/wp-json\/wp\/v2\/posts"}],"about":[{"href":"http:\/\/blogdalucianaoliveira.com.br\/blog\/wp-json\/wp\/v2\/types\/post"}],"author":[{"embeddable":true,"href":"http:\/\/blogdalucianaoliveira.com.br\/blog\/wp-json\/wp\/v2\/users\/1"}],"replies":[{"embeddable":true,"href":"http:\/\/blogdalucianaoliveira.com.br\/blog\/wp-json\/wp\/v2\/comments?post=13114"}],"version-history":[{"count":1,"href":"http:\/\/blogdalucianaoliveira.com.br\/blog\/wp-json\/wp\/v2\/posts\/13114\/revisions"}],"predecessor-version":[{"id":13118,"href":"http:\/\/blogdalucianaoliveira.com.br\/blog\/wp-json\/wp\/v2\/posts\/13114\/revisions\/13118"}],"wp:featuredmedia":[{"embeddable":true,"href":"http:\/\/blogdalucianaoliveira.com.br\/blog\/wp-json\/wp\/v2\/media\/13117"}],"wp:attachment":[{"href":"http:\/\/blogdalucianaoliveira.com.br\/blog\/wp-json\/wp\/v2\/media?parent=13114"}],"wp:term":[{"taxonomy":"category","embeddable":true,"href":"http:\/\/blogdalucianaoliveira.com.br\/blog\/wp-json\/wp\/v2\/categories?post=13114"},{"taxonomy":"post_tag","embeddable":true,"href":"http:\/\/blogdalucianaoliveira.com.br\/blog\/wp-json\/wp\/v2\/tags?post=13114"}],"curies":[{"name":"wp","href":"https:\/\/api.w.org\/{rel}","templated":true}]}}