{"id":13119,"date":"2017-08-21T17:53:16","date_gmt":"2017-08-21T21:53:16","guid":{"rendered":"http:\/\/blogdalucianaoliveira.com.br\/blog\/?p=13119"},"modified":"2017-08-21T18:07:49","modified_gmt":"2017-08-21T22:07:49","slug":"distrito-de-nazare-homenageia-padroeira-com-cultura-e-fe","status":"publish","type":"post","link":"http:\/\/blogdalucianaoliveira.com.br\/blog\/2017\/08\/21\/distrito-de-nazare-homenageia-padroeira-com-cultura-e-fe\/","title":{"rendered":"DISTRITO DE NAZAR\u00c9 HOMENAGEIA PADROEIRA COM CULTURA E F\u00c9"},"content":{"rendered":"<p><img data-recalc-dims=\"1\" loading=\"lazy\" decoding=\"async\" data-attachment-id=\"13120\" data-permalink=\"http:\/\/blogdalucianaoliveira.com.br\/blog\/2017\/08\/21\/distrito-de-nazare-homenageia-padroeira-com-cultura-e-fe\/naza-3\/\" data-orig-file=\"https:\/\/i0.wp.com\/blogdalucianaoliveira.com.br\/blog\/wp-content\/uploads\/2017\/08\/naza.jpg?fit=960%2C641\" data-orig-size=\"960,641\" data-comments-opened=\"0\" data-image-meta=\"{&quot;aperture&quot;:&quot;0&quot;,&quot;credit&quot;:&quot;&quot;,&quot;camera&quot;:&quot;&quot;,&quot;caption&quot;:&quot;&quot;,&quot;created_timestamp&quot;:&quot;0&quot;,&quot;copyright&quot;:&quot;&quot;,&quot;focal_length&quot;:&quot;0&quot;,&quot;iso&quot;:&quot;0&quot;,&quot;shutter_speed&quot;:&quot;0&quot;,&quot;title&quot;:&quot;&quot;,&quot;orientation&quot;:&quot;0&quot;}\" data-image-title=\"naza\" data-image-description=\"\" data-image-caption=\"\" data-medium-file=\"https:\/\/i0.wp.com\/blogdalucianaoliveira.com.br\/blog\/wp-content\/uploads\/2017\/08\/naza.jpg?fit=300%2C200\" data-large-file=\"https:\/\/i0.wp.com\/blogdalucianaoliveira.com.br\/blog\/wp-content\/uploads\/2017\/08\/naza.jpg?fit=600%2C401\" class=\"alignnone size-full wp-image-13120\" src=\"https:\/\/i0.wp.com\/blogdalucianaoliveira.com.br\/blog\/wp-content\/uploads\/2017\/08\/naza.jpg?resize=600%2C401\" alt=\"naza\" width=\"600\" height=\"401\" srcset=\"https:\/\/i0.wp.com\/blogdalucianaoliveira.com.br\/blog\/wp-content\/uploads\/2017\/08\/naza.jpg?w=960 960w, https:\/\/i0.wp.com\/blogdalucianaoliveira.com.br\/blog\/wp-content\/uploads\/2017\/08\/naza.jpg?resize=300%2C200 300w, https:\/\/i0.wp.com\/blogdalucianaoliveira.com.br\/blog\/wp-content\/uploads\/2017\/08\/naza.jpg?resize=768%2C513 768w, https:\/\/i0.wp.com\/blogdalucianaoliveira.com.br\/blog\/wp-content\/uploads\/2017\/08\/naza.jpg?resize=449%2C300 449w\" sizes=\"auto, (max-width: 600px) 100vw, 600px\" \/><\/p>\n<p>O distrito ribeirinho que tem o nome da sua padroeira, Nazar\u00e9, dado por uma fam\u00edlia de devotos e aclamado pela comunidade, prepara o seu festejo mais tradicional.<\/p>\n<p>Ser\u00e1 dia 09 de setembro em frente \u00e0 primeira e principal igrejinha que fica na entrada da vila e tem o nome da santa.<!--more--><\/p>\n<p>O festejo de Nossa Senhora de Nazar\u00e9 tem car\u00e1ter religioso, mas vai al\u00e9m, porque re\u00fane outras manifesta\u00e7\u00f5es culturais que se desenvolveram ao longo de d\u00e9cadas na comunidade.<\/p>\n<p>\u00c9 o caso da dan\u00e7a Seringand\u00f4, uma tradi\u00e7\u00e3o trazida h\u00e1 mais de meio s\u00e9culo do Uruapiara, no Amazonas, umas das atra\u00e7\u00f5es do Festival Cultural anual. O carimb\u00f3 e o show do grupo musical Minhas Ra\u00edzes tamb\u00e9m est\u00e3o na programa\u00e7\u00e3o da festa religiosa.<\/p>\n<div class=\"fb-video\" data-allowfullscreen=\"true\" data-href=\"https:\/\/www.facebook.com\/institutominhasraizes\/videos\/1329001497168441\/\"><\/div>\n<p>Vai ter tamb\u00e9m passeio no lago durante o dia, comidas t\u00edpicas, torneio de futebol com premia\u00e7\u00e3o, baile dan\u00e7ante e leil\u00e3o para arrecadar dinheiro a ser investido na vila.<\/p>\n<p>Para chegar \u00e0 Nazar\u00e9 \u00e9 f\u00e1cil, basta escolher uma das embarca\u00e7\u00f5es que sair\u00e3o do porto do Cai N\u00b4\u00c1gua, na regi\u00e3o central de Porto Velho. Uma delas \u00e9 o Maresia que j\u00e1 abriu reservas pelo telefone (69) 99242-6262.<\/p>\n<p>O distrito de Nazar\u00e9 vem se destacando como fonte de tradi\u00e7\u00f5es populares que atraem cada vez mais visitantes durante todo o ano. \u00c9 como um museu vivo onde o modo ribeirinho de viver e criar pode ser experimentado.<\/p>\n<p>Confira a programa\u00e7\u00e3o:<\/p>\n<p><img data-recalc-dims=\"1\" loading=\"lazy\" decoding=\"async\" data-attachment-id=\"13126\" data-permalink=\"http:\/\/blogdalucianaoliveira.com.br\/blog\/2017\/08\/21\/distrito-de-nazare-homenageia-padroeira-com-cultura-e-fe\/nazare1\/\" data-orig-file=\"https:\/\/i0.wp.com\/blogdalucianaoliveira.com.br\/blog\/wp-content\/uploads\/2017\/08\/nazare1.jpg?fit=661%2C960\" data-orig-size=\"661,960\" data-comments-opened=\"0\" data-image-meta=\"{&quot;aperture&quot;:&quot;0&quot;,&quot;credit&quot;:&quot;&quot;,&quot;camera&quot;:&quot;&quot;,&quot;caption&quot;:&quot;&quot;,&quot;created_timestamp&quot;:&quot;0&quot;,&quot;copyright&quot;:&quot;&quot;,&quot;focal_length&quot;:&quot;0&quot;,&quot;iso&quot;:&quot;0&quot;,&quot;shutter_speed&quot;:&quot;0&quot;,&quot;title&quot;:&quot;&quot;,&quot;orientation&quot;:&quot;0&quot;}\" data-image-title=\"nazare1\" data-image-description=\"\" data-image-caption=\"\" data-medium-file=\"https:\/\/i0.wp.com\/blogdalucianaoliveira.com.br\/blog\/wp-content\/uploads\/2017\/08\/nazare1.jpg?fit=207%2C300\" data-large-file=\"https:\/\/i0.wp.com\/blogdalucianaoliveira.com.br\/blog\/wp-content\/uploads\/2017\/08\/nazare1.jpg?fit=600%2C871\" src=\"https:\/\/i0.wp.com\/blogdalucianaoliveira.com.br\/blog\/wp-content\/uploads\/2017\/08\/nazare1.jpg?resize=600%2C871\" alt=\"nazare1\" width=\"600\" height=\"871\" class=\"alignnone size-full wp-image-13126\" srcset=\"https:\/\/i0.wp.com\/blogdalucianaoliveira.com.br\/blog\/wp-content\/uploads\/2017\/08\/nazare1.jpg?w=661 661w, https:\/\/i0.wp.com\/blogdalucianaoliveira.com.br\/blog\/wp-content\/uploads\/2017\/08\/nazare1.jpg?resize=207%2C300 207w\" sizes=\"auto, (max-width: 600px) 100vw, 600px\" \/><\/p>\n<p><img data-recalc-dims=\"1\" loading=\"lazy\" decoding=\"async\" data-attachment-id=\"13127\" data-permalink=\"http:\/\/blogdalucianaoliveira.com.br\/blog\/2017\/08\/21\/distrito-de-nazare-homenageia-padroeira-com-cultura-e-fe\/fete\/\" data-orig-file=\"https:\/\/i0.wp.com\/blogdalucianaoliveira.com.br\/blog\/wp-content\/uploads\/2017\/08\/fete.jpg?fit=661%2C960\" data-orig-size=\"661,960\" data-comments-opened=\"0\" data-image-meta=\"{&quot;aperture&quot;:&quot;0&quot;,&quot;credit&quot;:&quot;&quot;,&quot;camera&quot;:&quot;&quot;,&quot;caption&quot;:&quot;&quot;,&quot;created_timestamp&quot;:&quot;0&quot;,&quot;copyright&quot;:&quot;&quot;,&quot;focal_length&quot;:&quot;0&quot;,&quot;iso&quot;:&quot;0&quot;,&quot;shutter_speed&quot;:&quot;0&quot;,&quot;title&quot;:&quot;&quot;,&quot;orientation&quot;:&quot;0&quot;}\" data-image-title=\"fete\" data-image-description=\"\" data-image-caption=\"\" data-medium-file=\"https:\/\/i0.wp.com\/blogdalucianaoliveira.com.br\/blog\/wp-content\/uploads\/2017\/08\/fete.jpg?fit=207%2C300\" data-large-file=\"https:\/\/i0.wp.com\/blogdalucianaoliveira.com.br\/blog\/wp-content\/uploads\/2017\/08\/fete.jpg?fit=600%2C871\" src=\"https:\/\/i0.wp.com\/blogdalucianaoliveira.com.br\/blog\/wp-content\/uploads\/2017\/08\/fete.jpg?resize=600%2C871\" alt=\"fete\" width=\"600\" height=\"871\" class=\"alignnone size-full wp-image-13127\" srcset=\"https:\/\/i0.wp.com\/blogdalucianaoliveira.com.br\/blog\/wp-content\/uploads\/2017\/08\/fete.jpg?w=661 661w, https:\/\/i0.wp.com\/blogdalucianaoliveira.com.br\/blog\/wp-content\/uploads\/2017\/08\/fete.jpg?resize=207%2C300 207w\" sizes=\"auto, (max-width: 600px) 100vw, 600px\" \/><\/p>\n","protected":false},"excerpt":{"rendered":"<p>O distrito ribeirinho que tem o nome da sua padroeira, Nazar\u00e9, dado por uma fam\u00edlia de devotos e aclamado pela comunidade, prepara o seu festejo mais tradicional. Ser\u00e1 dia 09 de setembro em frente \u00e0 primeira e principal igrejinha que fica na entrada da vila e tem o nome da santa.<\/p>\n","protected":false},"author":1,"featured_media":0,"comment_status":"closed","ping_status":"open","sticky":false,"template":"","format":"standard","meta":{"_exactmetrics_skip_tracking":false,"_exactmetrics_sitenote_active":false,"_exactmetrics_sitenote_note":"","_exactmetrics_sitenote_category":0,"jetpack_post_was_ever_published":false,"_jetpack_newsletter_access":"","_jetpack_dont_email_post_to_subs":false,"_jetpack_newsletter_tier_id":0,"_jetpack_memberships_contains_paywalled_content":false,"_jetpack_memberships_contains_paid_content":false,"footnotes":"","jetpack_publicize_message":"","jetpack_publicize_feature_enabled":true,"jetpack_social_post_already_shared":true,"jetpack_social_options":{"image_generator_settings":{"template":"highway","enabled":false},"version":2}},"categories":[1],"tags":[],"class_list":["post-13119","post","type-post","status-publish","format-standard","hentry","category-notas"],"jetpack_publicize_connections":[],"jetpack_sharing_enabled":true,"jetpack_featured_media_url":"","jetpack_shortlink":"https:\/\/wp.me\/p7wKYW-3pB","jetpack-related-posts":[],"_links":{"self":[{"href":"http:\/\/blogdalucianaoliveira.com.br\/blog\/wp-json\/wp\/v2\/posts\/13119","targetHints":{"allow":["GET"]}}],"collection":[{"href":"http:\/\/blogdalucianaoliveira.com.br\/blog\/wp-json\/wp\/v2\/posts"}],"about":[{"href":"http:\/\/blogdalucianaoliveira.com.br\/blog\/wp-json\/wp\/v2\/types\/post"}],"author":[{"embeddable":true,"href":"http:\/\/blogdalucianaoliveira.com.br\/blog\/wp-json\/wp\/v2\/users\/1"}],"replies":[{"embeddable":true,"href":"http:\/\/blogdalucianaoliveira.com.br\/blog\/wp-json\/wp\/v2\/comments?post=13119"}],"version-history":[{"count":7,"href":"http:\/\/blogdalucianaoliveira.com.br\/blog\/wp-json\/wp\/v2\/posts\/13119\/revisions"}],"predecessor-version":[{"id":13129,"href":"http:\/\/blogdalucianaoliveira.com.br\/blog\/wp-json\/wp\/v2\/posts\/13119\/revisions\/13129"}],"wp:attachment":[{"href":"http:\/\/blogdalucianaoliveira.com.br\/blog\/wp-json\/wp\/v2\/media?parent=13119"}],"wp:term":[{"taxonomy":"category","embeddable":true,"href":"http:\/\/blogdalucianaoliveira.com.br\/blog\/wp-json\/wp\/v2\/categories?post=13119"},{"taxonomy":"post_tag","embeddable":true,"href":"http:\/\/blogdalucianaoliveira.com.br\/blog\/wp-json\/wp\/v2\/tags?post=13119"}],"curies":[{"name":"wp","href":"https:\/\/api.w.org\/{rel}","templated":true}]}}