{"id":13130,"date":"2017-08-22T11:15:58","date_gmt":"2017-08-22T15:15:58","guid":{"rendered":"http:\/\/blogdalucianaoliveira.com.br\/blog\/?p=13130"},"modified":"2017-08-22T11:15:58","modified_gmt":"2017-08-22T15:15:58","slug":"para-comemorar-aniversario-pcc-planeja-matar-juiz-procurador-delegado-e-agentes","status":"publish","type":"post","link":"http:\/\/blogdalucianaoliveira.com.br\/blog\/2017\/08\/22\/para-comemorar-aniversario-pcc-planeja-matar-juiz-procurador-delegado-e-agentes\/","title":{"rendered":"Para &#8220;comemorar anivers\u00e1rio&#8221;, PCC planeja matar juiz, procurador, delegado e agentes"},"content":{"rendered":"<p><img data-recalc-dims=\"1\" loading=\"lazy\" decoding=\"async\" data-attachment-id=\"13131\" data-permalink=\"http:\/\/blogdalucianaoliveira.com.br\/blog\/2017\/08\/22\/para-comemorar-aniversario-pcc-planeja-matar-juiz-procurador-delegado-e-agentes\/morto\/\" data-orig-file=\"https:\/\/i0.wp.com\/blogdalucianaoliveira.com.br\/blog\/wp-content\/uploads\/2017\/08\/morto.jpg?fit=615%2C300\" data-orig-size=\"615,300\" data-comments-opened=\"0\" data-image-meta=\"{&quot;aperture&quot;:&quot;0&quot;,&quot;credit&quot;:&quot;&quot;,&quot;camera&quot;:&quot;&quot;,&quot;caption&quot;:&quot;&quot;,&quot;created_timestamp&quot;:&quot;0&quot;,&quot;copyright&quot;:&quot;&quot;,&quot;focal_length&quot;:&quot;0&quot;,&quot;iso&quot;:&quot;0&quot;,&quot;shutter_speed&quot;:&quot;0&quot;,&quot;title&quot;:&quot;&quot;,&quot;orientation&quot;:&quot;0&quot;}\" data-image-title=\"morto\" data-image-description=\"\" data-image-caption=\"\" data-medium-file=\"https:\/\/i0.wp.com\/blogdalucianaoliveira.com.br\/blog\/wp-content\/uploads\/2017\/08\/morto.jpg?fit=300%2C146\" data-large-file=\"https:\/\/i0.wp.com\/blogdalucianaoliveira.com.br\/blog\/wp-content\/uploads\/2017\/08\/morto.jpg?fit=600%2C293\" src=\"https:\/\/i0.wp.com\/blogdalucianaoliveira.com.br\/blog\/wp-content\/uploads\/2017\/08\/morto.jpg?resize=600%2C293\" alt=\"morto\" width=\"600\" height=\"293\" class=\"alignnone size-full wp-image-13131\" srcset=\"https:\/\/i0.wp.com\/blogdalucianaoliveira.com.br\/blog\/wp-content\/uploads\/2017\/08\/morto.jpg?w=615 615w, https:\/\/i0.wp.com\/blogdalucianaoliveira.com.br\/blog\/wp-content\/uploads\/2017\/08\/morto.jpg?resize=300%2C146 300w\" sizes=\"auto, (max-width: 600px) 100vw, 600px\" \/><\/p>\n<p>No UOL &#8211; O PCC (Primeiro Comando da Capital) planeja matar um juiz federal, um procurador da Rep\u00fablica, um delegado federal e pelo menos quatro agentes penitenci\u00e1rios de Porto Velho (RO) at\u00e9 o dia 31 de agosto, data em que a fac\u00e7\u00e3o criminosa faz anivers\u00e1rio de 24 anos.<\/p>\n<p>A maior fac\u00e7\u00e3o criminosa do pa\u00eds j\u00e1 matou tr\u00eas agentes penitenci\u00e1rios federais, entre setembro de 2016 e maio deste ano, de acordo com investiga\u00e7\u00f5es da PF (Pol\u00edcia Federal). Para executar os atentados, o PCC criou c\u00e9lulas de intelig\u00eancia que, entre outras a\u00e7\u00f5es, monitoram a rotina dos agentes p\u00fablicos escolhidos como alvos.<!--more--><\/p>\n<p>A informa\u00e7\u00e3o sobre a possibilidade de novos assassinatos consta em of\u00edcio assinado pelo diretor do pres\u00eddio federal de Porto Velho, Cristiano Tavares Torquato, a cujo conte\u00fado o UOL teve acesso com exclusividade. O documento foi encaminhado no \u00faltimo dia 17 de agosto ao superintendente regional da Pol\u00edcia Federal de Rond\u00f4nia, Araqu\u00e9m Alencar Tavares de Lima. A reportagem confirmou a veracidade do documento com tr\u00eas fontes do governo federal.<\/p>\n<p><img data-recalc-dims=\"1\" loading=\"lazy\" decoding=\"async\" data-attachment-id=\"13132\" data-permalink=\"http:\/\/blogdalucianaoliveira.com.br\/blog\/2017\/08\/22\/para-comemorar-aniversario-pcc-planeja-matar-juiz-procurador-delegado-e-agentes\/atentado-publico-1503344769553_615x605\/\" data-orig-file=\"https:\/\/i0.wp.com\/blogdalucianaoliveira.com.br\/blog\/wp-content\/uploads\/2017\/08\/atentado-publico-1503344769553_615x605.png?fit=615%2C605\" data-orig-size=\"615,605\" data-comments-opened=\"0\" data-image-meta=\"{&quot;aperture&quot;:&quot;0&quot;,&quot;credit&quot;:&quot;&quot;,&quot;camera&quot;:&quot;&quot;,&quot;caption&quot;:&quot;&quot;,&quot;created_timestamp&quot;:&quot;0&quot;,&quot;copyright&quot;:&quot;&quot;,&quot;focal_length&quot;:&quot;0&quot;,&quot;iso&quot;:&quot;0&quot;,&quot;shutter_speed&quot;:&quot;0&quot;,&quot;title&quot;:&quot;&quot;,&quot;orientation&quot;:&quot;0&quot;}\" data-image-title=\"atentado-publico-1503344769553_615x605\" data-image-description=\"\" data-image-caption=\"\" data-medium-file=\"https:\/\/i0.wp.com\/blogdalucianaoliveira.com.br\/blog\/wp-content\/uploads\/2017\/08\/atentado-publico-1503344769553_615x605.png?fit=300%2C295\" data-large-file=\"https:\/\/i0.wp.com\/blogdalucianaoliveira.com.br\/blog\/wp-content\/uploads\/2017\/08\/atentado-publico-1503344769553_615x605.png?fit=600%2C590\" src=\"https:\/\/i0.wp.com\/blogdalucianaoliveira.com.br\/blog\/wp-content\/uploads\/2017\/08\/atentado-publico-1503344769553_615x605.png?resize=600%2C590\" alt=\"atentado-publico-1503344769553_615x605\" width=\"600\" height=\"590\" class=\"alignnone size-full wp-image-13132\" srcset=\"https:\/\/i0.wp.com\/blogdalucianaoliveira.com.br\/blog\/wp-content\/uploads\/2017\/08\/atentado-publico-1503344769553_615x605.png?w=615 615w, https:\/\/i0.wp.com\/blogdalucianaoliveira.com.br\/blog\/wp-content\/uploads\/2017\/08\/atentado-publico-1503344769553_615x605.png?resize=300%2C295 300w, https:\/\/i0.wp.com\/blogdalucianaoliveira.com.br\/blog\/wp-content\/uploads\/2017\/08\/atentado-publico-1503344769553_615x605.png?resize=305%2C300 305w\" sizes=\"auto, (max-width: 600px) 100vw, 600px\" \/><\/p>\n<p> &#8220;De acordo com informa\u00e7\u00f5es prestadas por fonte humana, estaria em andamento um &#8216;salve&#8217; (ordem) do primeiro comando da capital (PCC) para execu\u00e7\u00e3o de Agentes P\u00fablicos em Porto Velho\/RO, dos quais seriam potenciais alvos o Juiz Corregedor da Penitenci\u00e1ria Federal em Porto Velho, um Procurador da Rep\u00fablica, um Delegado da Pol\u00edcia Federal (todas as autoridades envolvidas na Opera\u00e7\u00e3o Ep\u00edstola) e pelo menos quatro Agentes Federais de Execu\u00e7\u00e3o Penal, lotados em Porto Velho&#8221;, l\u00ea-se no of\u00edcio (veja a reprodu\u00e7\u00e3o do documento acima).<\/p>\n<p>Ainda de acordo com as informa\u00e7\u00f5es colhidas, os atentados deveriam acontecer at\u00e9 o dia 31 agosto, data de funda\u00e7\u00e3o da maior fac\u00e7\u00e3o criminosa do pa\u00eds, de acordo com a PF (Pol\u00edcia Federal).<\/p>\n<p>A fac\u00e7\u00e3o criminosa foi criada por oito presos, em 31 de agosto de 1993, no Anexo da Casa de Cust\u00f3dia de Taubat\u00e9 (130 km de S\u00e3o Paulo), o Piranh\u00e3o, tida naquela \u00e9poca como a pris\u00e3o mais segura do Estado.<\/p>\n<p>&#8220;Os motivos da ordem seriam a suspens\u00e3o de visita \u00edntima e a perman\u00eancia dos presos do PCC por per\u00edodo muito longo na Penitenci\u00e1ria Federal, referindo-se as (sic) prorroga\u00e7\u00f5es de perman\u00eancia no Sistema Penitenci\u00e1rio Federal (SPF)&#8221;, finaliza o diretor do pres\u00eddio federal no documento.<\/p>\n<p>O Depen (Departamento Penitenci\u00e1rio Nacional), \u00f3rg\u00e3o do Minist\u00e9rio da Justi\u00e7a e Seguran\u00e7a P\u00fablica, informou que medidas foram tomadas para proteger a vida dos agentes. A respeito da \u00faltima ordem do PCC, &#8220;as for\u00e7as de Seguran\u00e7a P\u00fablica em \u00e2mbito federal e estadual foram informadas a respeito do caso&#8221; (leia a resposta abaixo).<\/p>\n<p>Agentes receberam alerta<\/p>\n<p>Os agentes penitenci\u00e1rios federais receberam alerta por conta das proximidades do anivers\u00e1rio da fac\u00e7\u00e3o. O primeiro atentado do PCC no ano passado foi realizado em 2 de setembro, dois dias depois de 31 de agosto. Na cidade de Cascavel, o agente Alex Belarmino Almeida Silva foi atingido por 24 tiros, a maioria pelas costas, quando dirigia seu carro para o trabalho, na unidade de Catanduvas.<\/p>\n<p><img data-recalc-dims=\"1\" loading=\"lazy\" decoding=\"async\" data-attachment-id=\"13133\" data-permalink=\"http:\/\/blogdalucianaoliveira.com.br\/blog\/2017\/08\/22\/para-comemorar-aniversario-pcc-planeja-matar-juiz-procurador-delegado-e-agentes\/mor\/\" data-orig-file=\"https:\/\/i0.wp.com\/blogdalucianaoliveira.com.br\/blog\/wp-content\/uploads\/2017\/08\/mor.jpg?fit=615%2C300\" data-orig-size=\"615,300\" data-comments-opened=\"0\" data-image-meta=\"{&quot;aperture&quot;:&quot;0&quot;,&quot;credit&quot;:&quot;&quot;,&quot;camera&quot;:&quot;&quot;,&quot;caption&quot;:&quot;&quot;,&quot;created_timestamp&quot;:&quot;0&quot;,&quot;copyright&quot;:&quot;&quot;,&quot;focal_length&quot;:&quot;0&quot;,&quot;iso&quot;:&quot;0&quot;,&quot;shutter_speed&quot;:&quot;0&quot;,&quot;title&quot;:&quot;&quot;,&quot;orientation&quot;:&quot;0&quot;}\" data-image-title=\"mor\" data-image-description=\"\" data-image-caption=\"\" data-medium-file=\"https:\/\/i0.wp.com\/blogdalucianaoliveira.com.br\/blog\/wp-content\/uploads\/2017\/08\/mor.jpg?fit=300%2C146\" data-large-file=\"https:\/\/i0.wp.com\/blogdalucianaoliveira.com.br\/blog\/wp-content\/uploads\/2017\/08\/mor.jpg?fit=600%2C293\" src=\"https:\/\/i0.wp.com\/blogdalucianaoliveira.com.br\/blog\/wp-content\/uploads\/2017\/08\/mor.jpg?resize=600%2C293\" alt=\"mor\" width=\"600\" height=\"293\" class=\"alignnone size-full wp-image-13133\" srcset=\"https:\/\/i0.wp.com\/blogdalucianaoliveira.com.br\/blog\/wp-content\/uploads\/2017\/08\/mor.jpg?w=615 615w, https:\/\/i0.wp.com\/blogdalucianaoliveira.com.br\/blog\/wp-content\/uploads\/2017\/08\/mor.jpg?resize=300%2C146 300w\" sizes=\"auto, (max-width: 600px) 100vw, 600px\" \/><\/p>\n<p>Os funcion\u00e1rios receberam o seguinte alerta nesta semana:<\/p>\n<p>&#8220;Caros e Caras colegas! O dia 31 pr\u00f3ximo ser\u00e1 anivers\u00e1rio do PCC. Solicitamos que redobrem os cuidados e cautelas de seguran\u00e7a. No e-mail funcional ser\u00e1 enviado novamente orienta\u00e7\u00f5es de seguran\u00e7a pessoal. Ademais, a \u00c1rea de Intelig\u00eancia e Dire\u00e7\u00e3o est\u00e3o \u00e0 disposi\u00e7\u00e3o para qualquer aux\u00edlio necess\u00e1rio&#8221;.<\/p>\n<p>Fontes ouvidas pelo UOL indicam que o clima entre os agentes penitenci\u00e1rios federais lotados em Porto Velho \u00e9 de apreens\u00e3o. Desde o in\u00edcio das mortes de agentes, em 2016, a maior parte deles j\u00e1 havia redobrado as medidas de precau\u00e7\u00e3o para evitar se transformarem em alvos do PCC.<\/p>\n<p>PCC quer intimidar e desestabilizar<\/p>\n<p>O UOL revelou no \u00faltimo dia 29 de junho que o PCC cometeu os homic\u00eddios, de acordo com parecer do MPF (Minist\u00e9rio P\u00fablico Federal), com o objetivo de &#8220;intimidar e desestabilizar&#8221; os servidores que trabalham nas quatro unidades federais do pa\u00eds: Catanduvas (PR), Campo Grande (MS), Mossor\u00f3 (RN) e Porto Velho.<\/p>\n<p>PCC matou agentes penitenci\u00e1rios federais<\/p>\n<p>A fac\u00e7\u00e3o havia estabelecido uma meta de matar dois agentes para cada penitenci\u00e1ria federal. Como resposta aos assassinatos, o Minist\u00e9rio da Justi\u00e7a determinou a suspens\u00e3o das visitas \u00edntimas e sociais nas unidades, j\u00e1 que as investiga\u00e7\u00f5es sinalizam que os presos utilizam a ocasi\u00e3o de contato f\u00edsico com parentes para repassar suas ordens.<\/p>\n<p>No \u00faltimo dia 7, o Minist\u00e9rio da Justi\u00e7a publicou uma portaria que mant\u00e9m a proibi\u00e7\u00e3o para as visitas \u00edntimas, mas voltou a permitir as chamadas sociais.<\/p>\n<p>A PF afirma ainda que a ordem dos assassinatos partiu, no dia 17 de junho de 2016, do detento do pres\u00eddio de Catanduvas Roberto Soriano. Conhecido como &#8220;Tiri\u00e7a&#8221;, ele faz parte da &#8220;sintonia final&#8221;, a c\u00fapula do PCC. <\/p>\n<p>Ap\u00f3s o assassinato de Belarmino, Tiri\u00e7a foi transferido para o pres\u00eddio de Porto Velho, justamente de onde partiram as \u00faltimas informa\u00e7\u00f5es sobre novos atentados, que incluem agora como alvos membros da Justi\u00e7a, do MPF e da PF. <\/p>\n<p>Resposta do Depen\/Minist\u00e9rio da Justi\u00e7a<\/p>\n<p>Em sua resposta, o Depen afirma que &#8220;vem, h\u00e1 muito, se preocupando com a integridade f\u00edsica dos agentes de execu\u00e7\u00e3o penal e dos demais colaboradores que contribuem para que as pessoas privadas de liberdade, no sistema federal, cumpram suas penas, como determinado pela Justi\u00e7a, mas com respeito \u00e0 dignidade da pessoa humana&#8221;.<\/p>\n<p>O \u00f3rg\u00e3o federal diz que &#8220;medidas s\u00e3o deflagradas costumeiramente, eis que a miss\u00e3o do Sistema Penitenci\u00e1rio Federal abarca a cust\u00f3dia de l\u00edderes de fac\u00e7\u00f5es&#8221;. Ainda em sua nota, o Depen listou as a\u00e7\u00f5es que foram tomadas:<\/p>\n<p>&#8220;Limita\u00e7\u00e3o de acesso \u00e0s depend\u00eancias da Penitenci\u00e1ria Federal; gest\u00f5es de informa\u00e7\u00f5es com \u00f3rg\u00e3os de intelig\u00eancia; aumento do aparato de fogo nas torres e pontos de apoio; inspe\u00e7\u00e3o compuls\u00f3ria de todos os ve\u00edculos que ingressarem na unidade, a partir do port\u00e3o de acesso prim\u00e1rio, incluindo porta-malas e interior dos ve\u00edculos; alerta aos servidores para que redobrem as cautelas de praxe em todos os deslocamentos; aumento do efetivos nos postos de controle; suspens\u00e3o de entrada e sa\u00eddas de ve\u00edculos no per\u00edodo noturno, salvo em situa\u00e7\u00f5es de emerg\u00eancia&#8221;.<\/p>\n<p>Procurado pela reportagem, o TRF-1 (Tribunal Regional Federal da 1\u00aa Regi\u00e3o), ao qual \u00e9 subordinada a Se\u00e7\u00e3o Federal de Rond\u00f4nia, afirmou que, &#8220;em resposta a sua consulta, informamos que n\u00e3o temos informa\u00e7\u00f5es a esse respeito no TRF 1\u00aa Regi\u00e3o&#8221;.<\/p>\n<p>Por sua vez, o MPF em Rond\u00f4nia afirmou &#8220;que n\u00e3o iria se pronunciar sobre o assunto&#8221;.<\/p>\n<p>O UOL entrou em contato com a Superintend\u00eancia Regional da Pol\u00edcia Federal em Rond\u00f4nia, mas at\u00e9 o presente momento, esse \u00f3rg\u00e3o n\u00e3o se pronunciou a respeito do assunto.<\/p>\n","protected":false},"excerpt":{"rendered":"<p>No UOL &#8211; O PCC (Primeiro Comando da Capital) planeja matar um juiz federal, um procurador da Rep\u00fablica, um delegado federal e pelo menos quatro agentes penitenci\u00e1rios de Porto Velho (RO) at\u00e9 o dia 31 de agosto, data em que a fac\u00e7\u00e3o criminosa faz anivers\u00e1rio de 24 anos. A maior fac\u00e7\u00e3o criminosa do pa\u00eds j\u00e1&#8230;<a class=\"more-link\" href=\"http:\/\/blogdalucianaoliveira.com.br\/blog\/2017\/08\/22\/para-comemorar-aniversario-pcc-planeja-matar-juiz-procurador-delegado-e-agentes\/\">Continue a leitura <span class=\"meta-nav\">&raquo;<\/span><\/a><\/p>\n","protected":false},"author":1,"featured_media":0,"comment_status":"closed","ping_status":"open","sticky":false,"template":"","format":"standard","meta":{"_exactmetrics_skip_tracking":false,"_exactmetrics_sitenote_active":false,"_exactmetrics_sitenote_note":"","_exactmetrics_sitenote_category":0,"jetpack_post_was_ever_published":false,"_jetpack_newsletter_access":"","_jetpack_dont_email_post_to_subs":false,"_jetpack_newsletter_tier_id":0,"_jetpack_memberships_contains_paywalled_content":false,"_jetpack_memberships_contains_paid_content":false,"footnotes":"","jetpack_publicize_message":"","jetpack_publicize_feature_enabled":true,"jetpack_social_post_already_shared":true,"jetpack_social_options":{"image_generator_settings":{"template":"highway","enabled":false},"version":2}},"categories":[1],"tags":[309,307,308],"class_list":["post-13130","post","type-post","status-publish","format-standard","hentry","category-notas","tag-mortes","tag-pcc","tag-salve"],"jetpack_publicize_connections":[],"jetpack_sharing_enabled":true,"jetpack_featured_media_url":"","jetpack_shortlink":"https:\/\/wp.me\/p7wKYW-3pM","jetpack-related-posts":[],"_links":{"self":[{"href":"http:\/\/blogdalucianaoliveira.com.br\/blog\/wp-json\/wp\/v2\/posts\/13130","targetHints":{"allow":["GET"]}}],"collection":[{"href":"http:\/\/blogdalucianaoliveira.com.br\/blog\/wp-json\/wp\/v2\/posts"}],"about":[{"href":"http:\/\/blogdalucianaoliveira.com.br\/blog\/wp-json\/wp\/v2\/types\/post"}],"author":[{"embeddable":true,"href":"http:\/\/blogdalucianaoliveira.com.br\/blog\/wp-json\/wp\/v2\/users\/1"}],"replies":[{"embeddable":true,"href":"http:\/\/blogdalucianaoliveira.com.br\/blog\/wp-json\/wp\/v2\/comments?post=13130"}],"version-history":[{"count":1,"href":"http:\/\/blogdalucianaoliveira.com.br\/blog\/wp-json\/wp\/v2\/posts\/13130\/revisions"}],"predecessor-version":[{"id":13134,"href":"http:\/\/blogdalucianaoliveira.com.br\/blog\/wp-json\/wp\/v2\/posts\/13130\/revisions\/13134"}],"wp:attachment":[{"href":"http:\/\/blogdalucianaoliveira.com.br\/blog\/wp-json\/wp\/v2\/media?parent=13130"}],"wp:term":[{"taxonomy":"category","embeddable":true,"href":"http:\/\/blogdalucianaoliveira.com.br\/blog\/wp-json\/wp\/v2\/categories?post=13130"},{"taxonomy":"post_tag","embeddable":true,"href":"http:\/\/blogdalucianaoliveira.com.br\/blog\/wp-json\/wp\/v2\/tags?post=13130"}],"curies":[{"name":"wp","href":"https:\/\/api.w.org\/{rel}","templated":true}]}}