{"id":13140,"date":"2017-08-22T11:56:28","date_gmt":"2017-08-22T15:56:28","guid":{"rendered":"http:\/\/blogdalucianaoliveira.com.br\/blog\/?p=13140"},"modified":"2017-08-22T11:56:28","modified_gmt":"2017-08-22T15:56:28","slug":"o-psdb-nao-resolve-sua-guerra-de-faccoes-e-ainda-aponta-a-solucao-parlamentarista-para-o-pais","status":"publish","type":"post","link":"http:\/\/blogdalucianaoliveira.com.br\/blog\/2017\/08\/22\/o-psdb-nao-resolve-sua-guerra-de-faccoes-e-ainda-aponta-a-solucao-parlamentarista-para-o-pais\/","title":{"rendered":"O PSDB n\u00e3o resolve sua guerra de fac\u00e7\u00f5es e ainda aponta a \u2018solu\u00e7\u00e3o parlamentarista\u2019 para o pa\u00eds"},"content":{"rendered":"<p><img data-recalc-dims=\"1\" loading=\"lazy\" decoding=\"async\" data-attachment-id=\"13141\" data-permalink=\"http:\/\/blogdalucianaoliveira.com.br\/blog\/2017\/08\/22\/o-psdb-nao-resolve-sua-guerra-de-faccoes-e-ainda-aponta-a-solucao-parlamentarista-para-o-pais\/psdb-3\/\" data-orig-file=\"https:\/\/i0.wp.com\/blogdalucianaoliveira.com.br\/blog\/wp-content\/uploads\/2017\/08\/psdb.jpg?fit=600%2C329\" data-orig-size=\"600,329\" data-comments-opened=\"0\" data-image-meta=\"{&quot;aperture&quot;:&quot;0&quot;,&quot;credit&quot;:&quot;&quot;,&quot;camera&quot;:&quot;&quot;,&quot;caption&quot;:&quot;&quot;,&quot;created_timestamp&quot;:&quot;0&quot;,&quot;copyright&quot;:&quot;&quot;,&quot;focal_length&quot;:&quot;0&quot;,&quot;iso&quot;:&quot;0&quot;,&quot;shutter_speed&quot;:&quot;0&quot;,&quot;title&quot;:&quot;&quot;,&quot;orientation&quot;:&quot;0&quot;}\" data-image-title=\"psdb\" data-image-description=\"\" data-image-caption=\"\" data-medium-file=\"https:\/\/i0.wp.com\/blogdalucianaoliveira.com.br\/blog\/wp-content\/uploads\/2017\/08\/psdb.jpg?fit=300%2C165\" data-large-file=\"https:\/\/i0.wp.com\/blogdalucianaoliveira.com.br\/blog\/wp-content\/uploads\/2017\/08\/psdb.jpg?fit=600%2C329\" src=\"https:\/\/i0.wp.com\/blogdalucianaoliveira.com.br\/blog\/wp-content\/uploads\/2017\/08\/psdb.jpg?resize=600%2C329\" alt=\"psdb\" width=\"600\" height=\"329\" class=\"alignnone size-full wp-image-13141\" srcset=\"https:\/\/i0.wp.com\/blogdalucianaoliveira.com.br\/blog\/wp-content\/uploads\/2017\/08\/psdb.jpg?w=600 600w, https:\/\/i0.wp.com\/blogdalucianaoliveira.com.br\/blog\/wp-content\/uploads\/2017\/08\/psdb.jpg?resize=300%2C165 300w, https:\/\/i0.wp.com\/blogdalucianaoliveira.com.br\/blog\/wp-content\/uploads\/2017\/08\/psdb.jpg?resize=547%2C300 547w\" sizes=\"auto, (max-width: 600px) 100vw, 600px\" \/><\/p>\n<p>No 247, por Kiko Nogueira &#8211; O golpe do parlamentarismo ou presidencialismo que o PSDB quer aplicar tem um motivo \u00f3bvio: Lula.<\/p>\n<p>Depois de perder as \u00faltima quatro elei\u00e7\u00f5es presidenciais e de chegar ao poder na esteira de um golpe que instalou no poder uma quadrilha de velhos homens brancos, os tucanos descobriram o rem\u00e9dio para os males nacionais.<\/p>\n<p>Sem candidato para 2018 \u2014 o mais cotado \u00e9 Jo\u00e3o Doria, que n\u00e3o consegue tapar buraco de rua na prefeitura que n\u00e3o ocupa \u2014, resta esse tipo de malandragem.<!--more--><\/p>\n<p>A prega\u00e7\u00e3o tamb\u00e9m conta com estadistas do calibre de Michel Temer e Rodrigo Maia, al\u00e9m do primeiro ministro de fato do Brasil, Gilmar Mendes.<\/p>\n<p>Noves fora a empulha\u00e7\u00e3o de uma solu\u00e7\u00e3o m\u00e1gica que j\u00e1 foi negada duas vezes em plebiscito, em 1963 e 1993, como pode um partido que n\u00e3o resolve os problemas em seu quintal se arvorar em oferecer solu\u00e7\u00f5es para um pa\u00eds?<\/p>\n<p>Como pode FHC, que n\u00e3o controla seus meninos, dar pitacos para a na\u00e7\u00e3o?<\/p>\n<p>Tasso Jereissati e A\u00e9cio Neves est\u00e3o em p\u00e9 de guerra pelo comando da sigla.<\/p>\n<p>\u201cN\u00e3o precisa pressionar pela minha sa\u00edda. Esse \u00e9 um gesto unilateral do A\u00e9cio. Se ele quiser reassumir o comando do partido, \u00e9 um direito dele. Agora, da minha parte, n\u00e3o vou arredar o p\u00e9\u201d, falou Tasso.<\/p>\n<p>Os ministros no governo Temer desejam ver o cearense pelas costas, mas a ala dos \u201ccabe\u00e7as pretas\u201d o preferem num mandato tamp\u00e3o at\u00e9 dezembro, quando ocorre a conven\u00e7\u00e3o nacional.<\/p>\n<p>O programa de TV com a famosa \u201cautocr\u00edtica\u201d provocou uma bate\u00e7\u00e3o de cabe\u00e7a sem fim.<\/p>\n<p>O diret\u00f3rio municipal de S\u00e3o Paulo enviou nota dura contra A\u00e9cio. \u201cProve sua inoc\u00eancia, senador, e a\u00ed sim retorne ao partido\u201d, pediam.<\/p>\n<p>Na briga de foice pela cadeira de Tasso est\u00e3o ainda o senador Flexa Ribeiro (PA) e os deputados Giuseppe Vecci (GO), Carlos Sampaio (SP) e Mariana Carvalho (RO), al\u00e9m do ex-governador Alberto Goldman e dos ministros Aloysio Nunes (Rela\u00e7\u00f5es Exteriores) e Bruno Ara\u00fajo (Cidades).<\/p>\n<p>O governador de Goi\u00e1s Marconi Perillo \u00e9 o preferido de A\u00e9cio. Doria se declarou favor\u00e1vel \u00e0 ideia. Perillo pediu R$ 50 milh\u00f5es de propina, \u2018do tamanho da presen\u00e7a da Odebrecht em Goi\u00e1s\u2019, de acordo com delator.<\/p>\n<p>Sem identidade e sem rumo, o PSDB \u00e9 uma agremia\u00e7\u00e3o fisiol\u00f3gica tanto quanto sua alma g\u00eamea, o PMDB.<\/p>\n<p>Um grupo de caciques totalmente perdidos e em guerra de fac\u00e7\u00f5es \u00e9 a maior propaganda contra o que est\u00e1 sendo vendido. A chamada pedagogia reversa.<\/p>\n<p>Voc\u00ea compraria o parlamentarismo dessa gente?<\/p>\n","protected":false},"excerpt":{"rendered":"<p>No 247, por Kiko Nogueira &#8211; O golpe do parlamentarismo ou presidencialismo que o PSDB quer aplicar tem um motivo \u00f3bvio: Lula. Depois de perder as \u00faltima quatro elei\u00e7\u00f5es presidenciais e de chegar ao poder na esteira de um golpe que instalou no poder uma quadrilha de velhos homens brancos, os tucanos descobriram o rem\u00e9dio&#8230;<a class=\"more-link\" href=\"http:\/\/blogdalucianaoliveira.com.br\/blog\/2017\/08\/22\/o-psdb-nao-resolve-sua-guerra-de-faccoes-e-ainda-aponta-a-solucao-parlamentarista-para-o-pais\/\">Continue a leitura <span class=\"meta-nav\">&raquo;<\/span><\/a><\/p>\n","protected":false},"author":1,"featured_media":0,"comment_status":"closed","ping_status":"open","sticky":false,"template":"","format":"standard","meta":{"_exactmetrics_skip_tracking":false,"_exactmetrics_sitenote_active":false,"_exactmetrics_sitenote_note":"","_exactmetrics_sitenote_category":0,"jetpack_post_was_ever_published":false,"_jetpack_newsletter_access":"","_jetpack_dont_email_post_to_subs":false,"_jetpack_newsletter_tier_id":0,"_jetpack_memberships_contains_paywalled_content":false,"_jetpack_memberships_contains_paid_content":false,"footnotes":"","jetpack_publicize_message":"","jetpack_publicize_feature_enabled":true,"jetpack_social_post_already_shared":true,"jetpack_social_options":{"image_generator_settings":{"template":"highway","enabled":false},"version":2}},"categories":[1],"tags":[],"class_list":["post-13140","post","type-post","status-publish","format-standard","hentry","category-notas"],"jetpack_publicize_connections":[],"jetpack_sharing_enabled":true,"jetpack_featured_media_url":"","jetpack_shortlink":"https:\/\/wp.me\/p7wKYW-3pW","jetpack-related-posts":[],"_links":{"self":[{"href":"http:\/\/blogdalucianaoliveira.com.br\/blog\/wp-json\/wp\/v2\/posts\/13140","targetHints":{"allow":["GET"]}}],"collection":[{"href":"http:\/\/blogdalucianaoliveira.com.br\/blog\/wp-json\/wp\/v2\/posts"}],"about":[{"href":"http:\/\/blogdalucianaoliveira.com.br\/blog\/wp-json\/wp\/v2\/types\/post"}],"author":[{"embeddable":true,"href":"http:\/\/blogdalucianaoliveira.com.br\/blog\/wp-json\/wp\/v2\/users\/1"}],"replies":[{"embeddable":true,"href":"http:\/\/blogdalucianaoliveira.com.br\/blog\/wp-json\/wp\/v2\/comments?post=13140"}],"version-history":[{"count":1,"href":"http:\/\/blogdalucianaoliveira.com.br\/blog\/wp-json\/wp\/v2\/posts\/13140\/revisions"}],"predecessor-version":[{"id":13142,"href":"http:\/\/blogdalucianaoliveira.com.br\/blog\/wp-json\/wp\/v2\/posts\/13140\/revisions\/13142"}],"wp:attachment":[{"href":"http:\/\/blogdalucianaoliveira.com.br\/blog\/wp-json\/wp\/v2\/media?parent=13140"}],"wp:term":[{"taxonomy":"category","embeddable":true,"href":"http:\/\/blogdalucianaoliveira.com.br\/blog\/wp-json\/wp\/v2\/categories?post=13140"},{"taxonomy":"post_tag","embeddable":true,"href":"http:\/\/blogdalucianaoliveira.com.br\/blog\/wp-json\/wp\/v2\/tags?post=13140"}],"curies":[{"name":"wp","href":"https:\/\/api.w.org\/{rel}","templated":true}]}}