{"id":13143,"date":"2017-08-22T12:04:50","date_gmt":"2017-08-22T16:04:50","guid":{"rendered":"http:\/\/blogdalucianaoliveira.com.br\/blog\/?p=13143"},"modified":"2017-08-22T12:04:50","modified_gmt":"2017-08-22T16:04:50","slug":"venda-da-eletrobras-e-renuncia-do-brasil-a-ter-politica-energetica","status":"publish","type":"post","link":"http:\/\/blogdalucianaoliveira.com.br\/blog\/2017\/08\/22\/venda-da-eletrobras-e-renuncia-do-brasil-a-ter-politica-energetica\/","title":{"rendered":"Venda da Eletrobras \u00e9 ren\u00fancia do Brasil a ter pol\u00edtica energ\u00e9tica"},"content":{"rendered":"<p><img data-recalc-dims=\"1\" loading=\"lazy\" decoding=\"async\" data-attachment-id=\"13144\" data-permalink=\"http:\/\/blogdalucianaoliveira.com.br\/blog\/2017\/08\/22\/venda-da-eletrobras-e-renuncia-do-brasil-a-ter-politica-energetica\/eletrobras\/\" data-orig-file=\"https:\/\/i0.wp.com\/blogdalucianaoliveira.com.br\/blog\/wp-content\/uploads\/2017\/08\/eletrobras.jpg?fit=600%2C296\" data-orig-size=\"600,296\" data-comments-opened=\"0\" data-image-meta=\"{&quot;aperture&quot;:&quot;0&quot;,&quot;credit&quot;:&quot;&quot;,&quot;camera&quot;:&quot;&quot;,&quot;caption&quot;:&quot;&quot;,&quot;created_timestamp&quot;:&quot;0&quot;,&quot;copyright&quot;:&quot;&quot;,&quot;focal_length&quot;:&quot;0&quot;,&quot;iso&quot;:&quot;0&quot;,&quot;shutter_speed&quot;:&quot;0&quot;,&quot;title&quot;:&quot;&quot;,&quot;orientation&quot;:&quot;0&quot;}\" data-image-title=\"eletrobras\" data-image-description=\"\" data-image-caption=\"\" data-medium-file=\"https:\/\/i0.wp.com\/blogdalucianaoliveira.com.br\/blog\/wp-content\/uploads\/2017\/08\/eletrobras.jpg?fit=300%2C148\" data-large-file=\"https:\/\/i0.wp.com\/blogdalucianaoliveira.com.br\/blog\/wp-content\/uploads\/2017\/08\/eletrobras.jpg?fit=600%2C296\" src=\"https:\/\/i0.wp.com\/blogdalucianaoliveira.com.br\/blog\/wp-content\/uploads\/2017\/08\/eletrobras.jpg?resize=600%2C296\" alt=\"eletrobras\" width=\"600\" height=\"296\" class=\"alignnone size-full wp-image-13144\" srcset=\"https:\/\/i0.wp.com\/blogdalucianaoliveira.com.br\/blog\/wp-content\/uploads\/2017\/08\/eletrobras.jpg?w=600 600w, https:\/\/i0.wp.com\/blogdalucianaoliveira.com.br\/blog\/wp-content\/uploads\/2017\/08\/eletrobras.jpg?resize=300%2C148 300w\" sizes=\"auto, (max-width: 600px) 100vw, 600px\" \/><\/p>\n<p>No Tijola\u00e7o, por Fernando Brito &#8211; Em 1954, o ent\u00e3o Presidente  Get\u00falio Vargas prop\u00f4s a cria\u00e7\u00e3o  da Eletrobras, para dotar o Brasil de uma pol\u00edtica nacional de energia el\u00e9trica, num pa\u00f3s onde faltava, mesmo nas grandes cidades, luz el\u00e9trica, o que que dir\u00e1 energia  para industrializar-se.<\/p>\n<p>O imposto proposto por Get\u00falio, para \u201cfinanciar instala\u00e7\u00f5es de produ\u00e7\u00e3o, transmiss\u00e3o e distribui\u00e7\u00e3o de energia el\u00e9trica\u201d foi aprovado sete dias depois de sua morte, na Lei N\u00ba 2.308, de  31 de agosto de 1954. A cria\u00e7\u00e3o de empresa que ia usa-lo para isso, por\u00e9m, n\u00e3o.<!--more--><\/p>\n<p>Durante sete anos um Congresso dominado por for\u00e7as antip\u00e1tria  atrasaram sua cria\u00e7\u00e3o \u2013 e Vargas o citou  na Carta-Testamento: \u201cA Eletrobr\u00e1s foi obstaculada at\u00e9 o desespero\u201d \u2013 s\u00f3 efetivada com Jo\u00e3o Goulart.<\/p>\n<p>O regime militar, que era ditatorial mas n\u00e3o um completo vendilh\u00e3o da p\u00e1tria e tinha vapores de desenvolvimento do pa\u00eds a preservou e expandiu.<\/p>\n<p>Criou, inclusive, outros mecanismos tribut\u00e1rios para expandir a produ\u00e7\u00e3o de energia, portanto, usando nisso dinheiro p\u00fablico.<\/p>\n<p>Sarney arruinou isso, aceitando a articula\u00e7\u00e3o de Jos\u00e9 Serra, que deslocou para os estados consumidores (leia-se S\u00e3o Paulo) qo grande peso tribut\u00e1rio da energia.<\/p>\n<p>Energia que tem de ser distribu\u00edda, a pre\u00e7os perversos, a todas as regi\u00f5es e \u00e1reas do pa\u00eds, n\u00e3o por uma simples \u201clei de mercado\u201d.<\/p>\n<p>Agora, tal com est\u00e1 fazendo com os direitos do trabalho, o governo Temer prepara-se para ir al\u00e9m do que fez Fernando Henrique Cardoso, que vendeu usinas, linhas de transmiss\u00e3o e concession\u00e1rias de distribui\u00e7\u00e3o, mas preservou a coluna dorsal do sistema el\u00e9trico.<\/p>\n<p>Lula retirou, em 2004, a Eletrobras do Programa Nacional de Desestatiza\u00e7\u00e3o.<\/p>\n<p>A empresa participou da maioria dos programas de expans\u00e3o da produ\u00e7\u00e3o de eletricidade no Brasil, diretamente ou atrav\u00e9s de suas controladas, especialmente Eletronorte e Furnas, tanto quanto como antes havia assumido a distribui\u00e7\u00e3o nas \u00e1reas menos rent\u00e1veis do Norte e Nordeste brasileiros.<\/p>\n<p>Apesar de todo o \u201cdepenamento\u201d, o sistema Eletrobr\u00e1s ainda \u00e9 respons\u00e1vel por 40% de toda energia que se produz no Brasil ( metade de Itaipu e e de Belo Monte) e quase 60 % das linhas de transmiss\u00e3o el\u00e9trica.<\/p>\n<p>Agora, o Governo Temer vai entreg\u00e1-la aos grupos privados, por um valor miser\u00e1vel que equivale a apenas um ano do aumento que imp\u00f4s aos combust\u00edveis.<\/p>\n<p>Ou seja, nada.<\/p>\n<p>Um pa\u00eds que abre m\u00e3o do controle de sua capacidade de produzir energia, abre m\u00e3o de sua capacidade de desenvolver-se.<\/p>\n<p>Talvez Temer tenha raz\u00e3o: j\u00e1 que acaminhamos para o passado, que mal h\u00e1 em vender o futuro?<\/p>\n","protected":false},"excerpt":{"rendered":"<p>No Tijola\u00e7o, por Fernando Brito &#8211; Em 1954, o ent\u00e3o Presidente Get\u00falio Vargas prop\u00f4s a cria\u00e7\u00e3o da Eletrobras, para dotar o Brasil de uma pol\u00edtica nacional de energia el\u00e9trica, num pa\u00f3s onde faltava, mesmo nas grandes cidades, luz el\u00e9trica, o que que dir\u00e1 energia para industrializar-se. O imposto proposto por Get\u00falio, para \u201cfinanciar instala\u00e7\u00f5es de&#8230;<a class=\"more-link\" href=\"http:\/\/blogdalucianaoliveira.com.br\/blog\/2017\/08\/22\/venda-da-eletrobras-e-renuncia-do-brasil-a-ter-politica-energetica\/\">Continue a leitura <span class=\"meta-nav\">&raquo;<\/span><\/a><\/p>\n","protected":false},"author":1,"featured_media":0,"comment_status":"closed","ping_status":"open","sticky":false,"template":"","format":"standard","meta":{"_exactmetrics_skip_tracking":false,"_exactmetrics_sitenote_active":false,"_exactmetrics_sitenote_note":"","_exactmetrics_sitenote_category":0,"jetpack_post_was_ever_published":false,"_jetpack_newsletter_access":"","_jetpack_dont_email_post_to_subs":false,"_jetpack_newsletter_tier_id":0,"_jetpack_memberships_contains_paywalled_content":false,"_jetpack_memberships_contains_paid_content":false,"footnotes":"","jetpack_publicize_message":"","jetpack_publicize_feature_enabled":true,"jetpack_social_post_already_shared":true,"jetpack_social_options":{"image_generator_settings":{"template":"highway","enabled":false},"version":2}},"categories":[1],"tags":[],"class_list":["post-13143","post","type-post","status-publish","format-standard","hentry","category-notas"],"jetpack_publicize_connections":[],"jetpack_sharing_enabled":true,"jetpack_featured_media_url":"","jetpack_shortlink":"https:\/\/wp.me\/p7wKYW-3pZ","jetpack-related-posts":[],"_links":{"self":[{"href":"http:\/\/blogdalucianaoliveira.com.br\/blog\/wp-json\/wp\/v2\/posts\/13143","targetHints":{"allow":["GET"]}}],"collection":[{"href":"http:\/\/blogdalucianaoliveira.com.br\/blog\/wp-json\/wp\/v2\/posts"}],"about":[{"href":"http:\/\/blogdalucianaoliveira.com.br\/blog\/wp-json\/wp\/v2\/types\/post"}],"author":[{"embeddable":true,"href":"http:\/\/blogdalucianaoliveira.com.br\/blog\/wp-json\/wp\/v2\/users\/1"}],"replies":[{"embeddable":true,"href":"http:\/\/blogdalucianaoliveira.com.br\/blog\/wp-json\/wp\/v2\/comments?post=13143"}],"version-history":[{"count":1,"href":"http:\/\/blogdalucianaoliveira.com.br\/blog\/wp-json\/wp\/v2\/posts\/13143\/revisions"}],"predecessor-version":[{"id":13145,"href":"http:\/\/blogdalucianaoliveira.com.br\/blog\/wp-json\/wp\/v2\/posts\/13143\/revisions\/13145"}],"wp:attachment":[{"href":"http:\/\/blogdalucianaoliveira.com.br\/blog\/wp-json\/wp\/v2\/media?parent=13143"}],"wp:term":[{"taxonomy":"category","embeddable":true,"href":"http:\/\/blogdalucianaoliveira.com.br\/blog\/wp-json\/wp\/v2\/categories?post=13143"},{"taxonomy":"post_tag","embeddable":true,"href":"http:\/\/blogdalucianaoliveira.com.br\/blog\/wp-json\/wp\/v2\/tags?post=13143"}],"curies":[{"name":"wp","href":"https:\/\/api.w.org\/{rel}","templated":true}]}}