{"id":13146,"date":"2017-08-22T12:06:50","date_gmt":"2017-08-22T16:06:50","guid":{"rendered":"http:\/\/blogdalucianaoliveira.com.br\/blog\/?p=13146"},"modified":"2017-08-22T12:11:10","modified_gmt":"2017-08-22T16:11:10","slug":"abcp-entrega-manifesto-contra-o-distritao-na-camara-dos-deputados","status":"publish","type":"post","link":"http:\/\/blogdalucianaoliveira.com.br\/blog\/2017\/08\/22\/abcp-entrega-manifesto-contra-o-distritao-na-camara-dos-deputados\/","title":{"rendered":"ABCP entrega manifesto contra o \u201cdistrit\u00e3o\u201d na C\u00e2mara dos Deputados"},"content":{"rendered":"<p><img data-recalc-dims=\"1\" loading=\"lazy\" decoding=\"async\" data-attachment-id=\"13147\" data-permalink=\"http:\/\/blogdalucianaoliveira.com.br\/blog\/2017\/08\/22\/abcp-entrega-manifesto-contra-o-distritao-na-camara-dos-deputados\/mani\/\" data-orig-file=\"https:\/\/i0.wp.com\/blogdalucianaoliveira.com.br\/blog\/wp-content\/uploads\/2017\/08\/mani.jpeg?fit=1200%2C900\" data-orig-size=\"1200,900\" data-comments-opened=\"0\" data-image-meta=\"{&quot;aperture&quot;:&quot;0&quot;,&quot;credit&quot;:&quot;&quot;,&quot;camera&quot;:&quot;&quot;,&quot;caption&quot;:&quot;&quot;,&quot;created_timestamp&quot;:&quot;0&quot;,&quot;copyright&quot;:&quot;&quot;,&quot;focal_length&quot;:&quot;0&quot;,&quot;iso&quot;:&quot;0&quot;,&quot;shutter_speed&quot;:&quot;0&quot;,&quot;title&quot;:&quot;&quot;,&quot;orientation&quot;:&quot;0&quot;}\" data-image-title=\"mani\" data-image-description=\"\" data-image-caption=\"\" data-medium-file=\"https:\/\/i0.wp.com\/blogdalucianaoliveira.com.br\/blog\/wp-content\/uploads\/2017\/08\/mani.jpeg?fit=300%2C225\" data-large-file=\"https:\/\/i0.wp.com\/blogdalucianaoliveira.com.br\/blog\/wp-content\/uploads\/2017\/08\/mani.jpeg?fit=600%2C450\" src=\"https:\/\/i0.wp.com\/blogdalucianaoliveira.com.br\/blog\/wp-content\/uploads\/2017\/08\/mani.jpeg?resize=600%2C450\" alt=\"mani\" width=\"600\" height=\"450\" class=\"alignnone size-full wp-image-13147\" srcset=\"https:\/\/i0.wp.com\/blogdalucianaoliveira.com.br\/blog\/wp-content\/uploads\/2017\/08\/mani.jpeg?w=1200 1200w, https:\/\/i0.wp.com\/blogdalucianaoliveira.com.br\/blog\/wp-content\/uploads\/2017\/08\/mani.jpeg?resize=300%2C225 300w, https:\/\/i0.wp.com\/blogdalucianaoliveira.com.br\/blog\/wp-content\/uploads\/2017\/08\/mani.jpeg?resize=768%2C576 768w, https:\/\/i0.wp.com\/blogdalucianaoliveira.com.br\/blog\/wp-content\/uploads\/2017\/08\/mani.jpeg?resize=1024%2C768 1024w, https:\/\/i0.wp.com\/blogdalucianaoliveira.com.br\/blog\/wp-content\/uploads\/2017\/08\/mani.jpeg?resize=400%2C300 400w\" sizes=\"auto, (max-width: 600px) 100vw, 600px\" \/><\/p>\n<p>Na ABCP &#8211; Cerca de 180 cientistas pol\u00edticos de todo o pa\u00eds assinaram um manifesto, promovido pela Associa\u00e7\u00e3o Brasileira de Ci\u00eancia Pol\u00edtica, contra a atual proposta de reforma pol\u00edtica que prev\u00ea a ado\u00e7\u00e3o do modelo de sistema eleitoral conhecido popularmente como \u201cdistrit\u00e3o\u201d. O documento foi entregue, na tarde da segunda-feira (21), na consultoria legislativa da C\u00e2mara dos Deputados, pelos cientistas pol\u00edticos Danusa Marques e Franck Tavares, diretora e vice-diretor da Regional Centro-Norte da entidade.<\/p>\n<p>O manifesto conta com o apoio significativo de especialistas no assunto, que criticam o \u201cdistrit\u00e3o\u201d principalmente pelas consequ\u00eancias negativas que seriam produzidas sobre o sistema pol\u00edtico brasileiro. O enfraquecimento dos partidos pol\u00edticos, o acirramento do &#8216;personalismo&#8217; nas campanhas eleitorais e o prov\u00e1vel aumento dos custos de campanha s\u00e3o algumas das principais cr\u00edticas dos estudiosos ao modelo em quest\u00e3o.<\/p>\n<p>Confira:<\/p>\n<p>Ao Excelent\u00edssimo Senhor Rodrigo Maia (DEM-RJ), Presidente da C\u00e2mara dos Deputados (Bras\u00edlia, DF)<\/p>\n<p>N\u00f3s, estudiosos da ci\u00eancia pol\u00edtica brasileira, vimos por meio desta manifestar posi\u00e7\u00e3o contr\u00e1ria \u00e0 ado\u00e7\u00e3o do modelo de sistema eleitoral denominado \u201cdistrit\u00e3o\u201d, que se encontra mais uma vez em discuss\u00e3o nesta Casa.<\/p>\n<p>A introdu\u00e7\u00e3o do distrit\u00e3o nas elei\u00e7\u00f5es para a C\u00e2mara dos Deputados, Assembleias Legislativas e C\u00e2maras de Vereadores representar\u00e1 um verdadeiro retrocesso institucional. Com o fim do voto de legenda e da transfer\u00eancia de votos dentro das agremia\u00e7\u00f5es partid\u00e1rias, os candidatos correr\u00e3o por conta pr\u00f3pria, a t\u00edtulo individual, enfraquecendo os partidos pol\u00edticos e em nada contribuindo para minorar o personalismo na corrida eleitoral. Al\u00e9m disso, diferentemente do atual modelo, milh\u00f5es de votos ser\u00e3o jogados fora, visto que somente ser\u00e3o v\u00e1lidos os votos dos eleitos.<\/p>\n<p>Mesmo com as novas regras que regulamentam o financiamento de campanhas, h\u00e1 ind\u00edcios de que o distrit\u00e3o acarretar\u00e1 o aumento dos custos das campanhas eleitorais, pois, sem incentivo algum para a coopera\u00e7\u00e3o dentro dos partidos, os candidatos necessitar\u00e3o de maior exposi\u00e7\u00e3o individual. Ademais, facilitar\u00e1 o renascimento de oligarquias regionais e contribuir\u00e1 para a diminui\u00e7\u00e3o da qualidade da representa\u00e7\u00e3o pol\u00edtica, ao proporcionar maiores condi\u00e7\u00f5es de vit\u00f3ria a concorrentes sem experi\u00eancia parlamentar.<\/p>\n<p>Se a necessidade de uma reforma pol\u00edtica surge do diagn\u00f3stico de que os partidos s\u00e3o fr\u00e1geis, a ado\u00e7\u00e3o do distrit\u00e3o parece ter como objetivo fragiliz\u00e1-los ainda mais, interessando a certos segmentos da classe pol\u00edtica profissional, em particular \u00e0queles com maior facilidade para dispor de vultosos recursos para suas campanhas. Nesse sentido, observamos com preocupa\u00e7\u00e3o a possibilidade de sua implanta\u00e7\u00e3o e reiteramos nossa posi\u00e7\u00e3o contr\u00e1ria \u00e0 sua propositura.<\/p>\n<p>Associa\u00e7\u00e3o Brasileira de Ci\u00eancia Pol\u00edtica<\/p>\n<p>Assinam:<\/p>\n<p>[autores-signat\u00e1rios]<\/p>\n<p>Jo\u00e3o Paulo Saraiva Le\u00e3o Viana &#8211; DCS\/UNIR; UNICAMP<\/p>\n<p>Claudio Gon\u00e7alves Couto &#8211; FGV-SP<\/p>\n<p>Julio Pinto &#8211; UnB<\/p>\n<p>&#8211;<\/p>\n<p>Adami Campos &#8211; IEB-USP<\/p>\n<p>Adriano Codato &#8211; UFPR<\/p>\n<p>Alberto Teixeira da Silva &#8211; UFPA<\/p>\n<p>Alexandre Fuccille \u2013 UNESP<\/p>\n<p>Alexandre Uhoton da Silva &#8211; UNINTER<\/p>\n<p>Aline Prado Atassio &#8211; UFF<\/p>\n<p>Amanda Vizon\u00e1 &#8211; UFSCar<\/p>\n<p>Ana Paula Massonetto &#8211; FGV-EAESP<\/p>\n<p>Andr\u00e9 Luiz Coelho Farias de Souza &#8211; UNIRIO<\/p>\n<p>Andr\u00e9 Pimentel Ferreira Le\u00e3o &#8211; IESP-UERJ<\/p>\n<p>Andr\u00e9a Freitas &#8211; UNICAMP<\/p>\n<p>Andr\u00e9ia Galv\u00e3o &#8211; UNICAMP<\/p>\n<p>Andres del Rio &#8211; UFF<\/p>\n<p>Arar\u00e9 de Carvalho J\u00fanior &#8211; UNESP\/UNIFEB<\/p>\n<p>Armando Boito Jr. &#8211; Unicamp<\/p>\n<p>Augusto Rinaldi &#8211; USP<\/p>\n<p>Augusto W. M. Teixeira J\u00fanior &#8211; UFPB<\/p>\n<p>B\u00e1rbara Lou da Costa Veloso Dias &#8211; UFPA<\/p>\n<p>Bertha Maakaroun &#8211; Polis Pesquisa<\/p>\n<p>Bruno Bolognesi &#8211; UFPR<\/p>\n<p>Bruno Boti Bernardi &#8211; UFGD<\/p>\n<p>Bruno de Castro Rubiatti &#8211; UFPA<\/p>\n<p>Bruno Oliveira &#8211; UFRN<\/p>\n<p>Bruno Souza da Silva &#8211; UNICAMP<\/p>\n<p>Carla Almeida &#8211; UEM<\/p>\n<p>Carlos Augusto Mello Machado &#8211; IPOL\/UnB<\/p>\n<p>Carlos Eduardo Oliva &#8211; Observat\u00f3rio da Laicidade na Educa\u00e7\u00e3o<\/p>\n<p>Carlos Eduardo Santos Pinho &#8211; INCT\/PPED<\/p>\n<p>Carlos Henrique Santana &#8211; Universidade T\u00e9cnica de Darmstadt<\/p>\n<p>Carlos Melo &#8211; INSPER<\/p>\n<p>Carolina Almeida de Paula &#8211; IESP-UERJ<\/p>\n<p>Caroline Caldas &#8211; UFF<\/p>\n<p>Caroline M\u00fcller Flaviano \u2013 UFMG<\/p>\n<p>Carusa Gabriela Dutra Biliatto &#8211; UFPR<\/p>\n<p>Christopher Bahia Mendon\u00e7a &#8211; UFMG<\/p>\n<p>Cl\u00e1udio Andr\u00e9 de Souza &#8211; UNILAB<\/p>\n<p>Clayton Mendon\u00e7a Cunha Filho &#8211; UFC<\/p>\n<p>Cristiane Brum Bernardes &#8211; IESP\/UERJ<\/p>\n<p>Cristiano Cardoso &#8211; FAL<\/p>\n<p>Cristina Buarque de Hollanda &#8211; IESP-UERJ<\/p>\n<p>Danusa Marques &#8211; UnB<\/p>\n<p>David Verge Fleischer &#8211; IPOL-UnB<\/p>\n<p>Debora Rezende de Almeida &#8211; IPOL\/UNB<\/p>\n<p>Dhonny Almeida Oliveira &#8211; UFPA<\/p>\n<p>Diane Southier &#8211; UFSC<\/p>\n<p>Donizete Ferreira Beck &#8211; FESPSP<\/p>\n<p>Eduardo Seixas Migowski &#8211; UFF<\/p>\n<p>Eduardo Soncini Miranda &#8211; UFPR<\/p>\n<p>Eduardo Viola &#8211; UnB<\/p>\n<p>Eug\u00eania R. Cabral &#8211; UFPA<\/p>\n<p>Fabiane Valmore &#8211; UFPR<\/p>\n<p>Fabiano Santos &#8211; IESP\/UERJ<\/p>\n<p>F\u00e1bio Costa Peixoto &#8211; UERJ<\/p>\n<p>Fabio de S\u00e1 e Silva &#8211; University of Oklahoma<\/p>\n<p>F\u00e1bio Hoffman Maciel Silva &#8211; UFPel<\/p>\n<p>Fabr\u00edcio Pereira da Silva &#8211; UNIRIO<\/p>\n<p>Felipe S. Gomes &#8211; USP<\/p>\n<p>Fernando Alves -UNOPAR<\/p>\n<p>Fernando Limongi &#8211; USP<\/p>\n<p>Fernando Scheeffer &#8211; UDESC<\/p>\n<p>Filomeno Maraes &#8211; Unifor<\/p>\n<p>Fl\u00e1via Biroli &#8211; IPOL\/UNB<\/p>\n<p>Fl\u00e1via Bozza Martins &#8211; IESP\/UERJ<\/p>\n<p>Fl\u00e1via Mendes &#8211; UFF<\/p>\n<p>Francisco Mata Machado Tavares &#8211; UFG<\/p>\n<p>George Gomes Coutinho &#8211; UFF<\/p>\n<p>Gills Vilar-Lopes &#8211; DCS-UNIR<\/p>\n<p>Gilmar dos Santos Nascimento -FIMCA\/FCR<\/p>\n<p>Glauco Peres da Silva &#8211; FFLCH\/USP<\/p>\n<p>Guilherme Sim\u00f5es Reis &#8211; UNIRIO<\/p>\n<p>Gustavo C\u00e9sar de Mac\u00eado Ribeiro &#8211; UFPA<\/p>\n<p>Gustavo de Andrade Rocha &#8211; UFPE<\/p>\n<p>Henrique Zeferino Menezes &#8211; UFPB<\/p>\n<p>Hugo Borsani &#8211; UENF<\/p>\n<p>Ivo Coser &#8211; UFRJ<\/p>\n<p>Jacqueline de Souza Ferreira &#8211; UFF<\/p>\n<p>Janine Mello dos Santos &#8211; UFABC<\/p>\n<p>Jeison Giovani Heiler &#8211; UNICAMP<\/p>\n<p>Jo\u00e3o Pedro Silva dos Santos &#8211; UNILA<\/p>\n<p>Jo\u00e3o Rezende &#8211; USP<\/p>\n<p>Jonas Modesto de Abreu &#8211; UFG<\/p>\n<p>Jorge Chaloub &#8211; professor UFJF<\/p>\n<p>Jos\u00e9 \u00c1lvaro Mois\u00e9s &#8211; USP<\/p>\n<p>Jos\u00e9 M\u00e1rio Wanderley Gomes &#8211; UNICAP<\/p>\n<p>J\u00falia Erminia Riscado &#8211; UFF<\/p>\n<p>Julio Dalmaso &#8211; UNIRIO<\/p>\n<p>Leon Victor de Queiroz Barbosa &#8211; UFCG<\/p>\n<p>Leonardo Martins Barbosa &#8211; IESP\/UERJ<\/p>\n<p>Leonardo Secchi &#8211; UDESC<\/p>\n<p>Lizandra Serafim &#8211; UFPB<\/p>\n<p>Lucas Mesquita &#8211; UNILA<\/p>\n<p>Luciana Ballestrin &#8211; UFPel<\/p>\n<p>Luciana da C. Farias Santana &#8211; UFAL<\/p>\n<p>Luciano Miranda &#8211; UFSM<\/p>\n<p>Lu\u00eds Falc\u00e3o &#8211; UFF<\/p>\n<p>Luiz Carlos Machado Corr\u00eaa &#8211; UFPA<\/p>\n<p>Luiz Domingos Costa &#8211; UFPR<\/p>\n<p>Luiz Eduardo Santos do Nascimento &#8211; UFPA<\/p>\n<p>Mara Telles &#8211; UFMG e ABCP<\/p>\n<p>Marcello Sim\u00e3o Branco &#8211; Unifesp<\/p>\n<p>Marcelo Borel &#8211; IESP\/UERJ<\/p>\n<p>Marcelo Issa &#8211; PUC\/SP<\/p>\n<p>Marcelo Sevaybricker Moreira &#8211; UFLA<\/p>\n<p>Marcia Rangel Candido &#8211; IESP-UERJ<\/p>\n<p>M\u00e1rcio Corr\u00eaa de Mello &#8211; UnB<\/p>\n<p>M\u00e1rcio Cunha Carlomagno &#8211; UFPR<\/p>\n<p>Marco Antonio Carvalho Teixeira &#8211; FGV-SP<\/p>\n<p>Marcos Todt &#8211; PUC-RS<\/p>\n<p>Marcus Ianoni &#8211; UFF<\/p>\n<p>Maria Aparecida Azevedo Abreu &#8211; IPPUR-UFRJ<\/p>\n<p>Maria do Socorro Sousa Braga &#8211; UFSCar<\/p>\n<p>Maria Dolores Lima da Silva &#8211; UFPA<\/p>\n<p>Maria Luzia Miranda \u00c1lvare &#8211; UFPA<\/p>\n<p>Maria Salete Souza de Amorim &#8211; UFBA<\/p>\n<p>Maria Stella D\u2019Agostini \u2013 UFPB<\/p>\n<p>Maria Victoria Espi\u00f1eira Gonzalez &#8211; UFBA<\/p>\n<p>Mariana de Oliveira Lopes Vieira &#8211; UNICAMP<\/p>\n<p>Marilde Loiola de Menezes &#8211; IPOL\/UnB<\/p>\n<p>M\u00e1rio Montanha Teixeira Filho &#8211; Unicamp<\/p>\n<p>Marta Mendes da Rocha &#8211; UFJF<\/p>\n<p>Mateus Henrique Jung Nascimento &#8211; UFRGS<\/p>\n<p>Matheus de Carvalho Hernandez &#8211; UFGD<\/p>\n<p>Mayan\u00ed Montoril Veiga Siqueira &#8211; UFPA<\/p>\n<p>Maycon Yuri Nascimento Costa &#8211; UFPA<\/p>\n<p>Miqu\u00e9ias Serr\u00e3o Marques &#8211; UNIFAP<\/p>\n<p>Naiara Alves da Silva &#8211; UFF<\/p>\n<p>Nat\u00e1lia Nunes Aguiar &#8211; UFMG<\/p>\n<p>Nilson Almeida de Sousa Filho &#8211; UFPA<\/p>\n<p>Oswaldo do Amaral &#8211; Unicamp<\/p>\n<p>Pablo Victor Fontes Santos- IRI\/PUC-RIO<\/p>\n<p>Patr\u00edcia Mara Cabral de Vasconcellos &#8211; UNIR<\/p>\n<p>Paulo Ba\u00eda &#8211; UFRJ<\/p>\n<p>Paulo Eduardo Silva Malerba &#8211; UNICAMP<\/p>\n<p>Paulo Peres &#8211; UFRGS<\/p>\n<p>Pedro Abramovay &#8211; IESP-UERJ<\/p>\n<p>Pedro Paulo Ferreira Bispo de Assis &#8211; UFSCar<\/p>\n<p>Rafael Luiz de Aquino &#8211; PUC-Minas<\/p>\n<p>Rafael Machado Madeira &#8211; PUCRS<\/p>\n<p>Rafael Shoenmann de Moura &#8211; IESP\/UERJ<\/p>\n<p>Raimundo Nonato Cunha de Fran\u00e7a &#8211; UNEMAT<\/p>\n<p>Rebecca Abers &#8211; IPOL\/UnB<\/p>\n<p>Renato Boschi &#8211; IESP-UERJ<\/p>\n<p>Renato Francisquini &#8211; UFBA<\/p>\n<p>Renato Perissinotto &#8211; PPCP-UFPR; ABCP<\/p>\n<p>Ricardo Ceneviva &#8211; IESP-UERJ<\/p>\n<p>Robert Bonif\u00e1cio &#8211; UFG<\/p>\n<p>Roberto Goulart Menezes &#8211; UnB<\/p>\n<p>Roberto Ribeiro Corr\u00eaa &#8211; UFPA<\/p>\n<p>Roberto Rocha Coelho Pires &#8211; IPEA<\/p>\n<p>Rodolfo de Camargo Lima &#8211; USP<\/p>\n<p>Rodrigo Barros de Albuquerque &#8211; UFS<\/p>\n<p>Rodrigo Gava &#8211; UFF<\/p>\n<p>Rodrigo Horochovski &#8211; UFPR<\/p>\n<p>Ronaldo Teodoro &#8211; UERJ<\/p>\n<p>Rony Coelho &#8211; Unicamp<\/p>\n<p>Samir Perrone &#8211; UFPB<\/p>\n<p>Samuel Alves Soares &#8211; UNESP<\/p>\n<p>Sarah Laurindo Monteiro &#8211; PUC-Rio<\/p>\n<p>Silvana Krause &#8211; UFRGS<\/p>\n<p>Silvana Telles &#8211; UFRRJ<\/p>\n<p>Simone do Socorro da Silva &#8211; UFPA<\/p>\n<p>Tamires Maria ALves &#8211; UFF<\/p>\n<p>Terrie R. Groth &#8211; IPOL\/UnB<\/p>\n<p>Thais Ferreira Rodrigues  &#8211; UFF<\/p>\n<p>Thiago Trindade &#8211; IPOL\/UnB<\/p>\n<p>Tomaz Esp\u00f3sito Neto &#8211; UFGD<\/p>\n<p>Valter Rodrigues de Carvalho &#8211; UFPI<\/p>\n<p>Vera Alves Cep\u00eada &#8211; UFSCar<\/p>\n<p>Victor Garcia Miranda &#8211; UFMS<\/p>\n<p>Victor Leandro Chaves Gomes &#8211; UFF<\/p>\n<p>Vinicius Valentin Raduan Miguel &#8211; UNIR<\/p>\n<p>Vitor Marchetti &#8211; UFABC<\/p>\n<p>V\u00edtor Oliveira &#8211; USP<\/p>\n<p>Vladimyr Lombardo Jorge &#8211; UFRRJ<\/p>\n<p>Wagner de Melo Rom\u00e3o &#8211; Unicamp<\/p>\n<p>Wagner Pralon Mancuso &#8211; USP<\/p>\n<p>Yuri Kasahara &#8211; Oslo and Akershus University College of Applied Sciences<\/p>\n<p>Zeca Teodoro &#8211; UFSCar<\/p>\n","protected":false},"excerpt":{"rendered":"<p>Na ABCP &#8211; Cerca de 180 cientistas pol\u00edticos de todo o pa\u00eds assinaram um manifesto, promovido pela Associa\u00e7\u00e3o Brasileira de Ci\u00eancia Pol\u00edtica, contra a atual proposta de reforma pol\u00edtica que prev\u00ea a ado\u00e7\u00e3o do modelo de sistema eleitoral conhecido popularmente como \u201cdistrit\u00e3o\u201d. O documento foi entregue, na tarde da segunda-feira (21), na consultoria legislativa da&#8230;<a class=\"more-link\" href=\"http:\/\/blogdalucianaoliveira.com.br\/blog\/2017\/08\/22\/abcp-entrega-manifesto-contra-o-distritao-na-camara-dos-deputados\/\">Continue a leitura <span class=\"meta-nav\">&raquo;<\/span><\/a><\/p>\n","protected":false},"author":1,"featured_media":0,"comment_status":"closed","ping_status":"open","sticky":false,"template":"","format":"standard","meta":{"_exactmetrics_skip_tracking":false,"_exactmetrics_sitenote_active":false,"_exactmetrics_sitenote_note":"","_exactmetrics_sitenote_category":0,"jetpack_post_was_ever_published":false,"_jetpack_newsletter_access":"","_jetpack_dont_email_post_to_subs":false,"_jetpack_newsletter_tier_id":0,"_jetpack_memberships_contains_paywalled_content":false,"_jetpack_memberships_contains_paid_content":false,"footnotes":"","jetpack_publicize_message":"","jetpack_publicize_feature_enabled":true,"jetpack_social_post_already_shared":true,"jetpack_social_options":{"image_generator_settings":{"template":"highway","enabled":false},"version":2}},"categories":[1],"tags":[],"class_list":["post-13146","post","type-post","status-publish","format-standard","hentry","category-notas"],"jetpack_publicize_connections":[],"jetpack_sharing_enabled":true,"jetpack_featured_media_url":"","jetpack_shortlink":"https:\/\/wp.me\/p7wKYW-3q2","jetpack-related-posts":[],"_links":{"self":[{"href":"http:\/\/blogdalucianaoliveira.com.br\/blog\/wp-json\/wp\/v2\/posts\/13146","targetHints":{"allow":["GET"]}}],"collection":[{"href":"http:\/\/blogdalucianaoliveira.com.br\/blog\/wp-json\/wp\/v2\/posts"}],"about":[{"href":"http:\/\/blogdalucianaoliveira.com.br\/blog\/wp-json\/wp\/v2\/types\/post"}],"author":[{"embeddable":true,"href":"http:\/\/blogdalucianaoliveira.com.br\/blog\/wp-json\/wp\/v2\/users\/1"}],"replies":[{"embeddable":true,"href":"http:\/\/blogdalucianaoliveira.com.br\/blog\/wp-json\/wp\/v2\/comments?post=13146"}],"version-history":[{"count":2,"href":"http:\/\/blogdalucianaoliveira.com.br\/blog\/wp-json\/wp\/v2\/posts\/13146\/revisions"}],"predecessor-version":[{"id":13149,"href":"http:\/\/blogdalucianaoliveira.com.br\/blog\/wp-json\/wp\/v2\/posts\/13146\/revisions\/13149"}],"wp:attachment":[{"href":"http:\/\/blogdalucianaoliveira.com.br\/blog\/wp-json\/wp\/v2\/media?parent=13146"}],"wp:term":[{"taxonomy":"category","embeddable":true,"href":"http:\/\/blogdalucianaoliveira.com.br\/blog\/wp-json\/wp\/v2\/categories?post=13146"},{"taxonomy":"post_tag","embeddable":true,"href":"http:\/\/blogdalucianaoliveira.com.br\/blog\/wp-json\/wp\/v2\/tags?post=13146"}],"curies":[{"name":"wp","href":"https:\/\/api.w.org\/{rel}","templated":true}]}}