{"id":13150,"date":"2017-08-22T13:43:48","date_gmt":"2017-08-22T17:43:48","guid":{"rendered":"http:\/\/blogdalucianaoliveira.com.br\/blog\/?p=13150"},"modified":"2017-08-22T13:43:48","modified_gmt":"2017-08-22T17:43:48","slug":"jovens-deputados-se-divertem-em-baladas-vip-de-brasilia","status":"publish","type":"post","link":"http:\/\/blogdalucianaoliveira.com.br\/blog\/2017\/08\/22\/jovens-deputados-se-divertem-em-baladas-vip-de-brasilia\/","title":{"rendered":"Jovens deputados se divertem em baladas VIP de Bras\u00edlia"},"content":{"rendered":"<p><img data-recalc-dims=\"1\" loading=\"lazy\" decoding=\"async\" data-attachment-id=\"13152\" data-permalink=\"http:\/\/blogdalucianaoliveira.com.br\/blog\/2017\/08\/22\/jovens-deputados-se-divertem-em-baladas-vip-de-brasilia\/img_3953\/\" data-orig-file=\"https:\/\/i0.wp.com\/blogdalucianaoliveira.com.br\/blog\/wp-content\/uploads\/2017\/08\/IMG_3953.jpg?fit=470%2C313\" data-orig-size=\"470,313\" data-comments-opened=\"0\" data-image-meta=\"{&quot;aperture&quot;:&quot;0&quot;,&quot;credit&quot;:&quot;&quot;,&quot;camera&quot;:&quot;&quot;,&quot;caption&quot;:&quot;&quot;,&quot;created_timestamp&quot;:&quot;0&quot;,&quot;copyright&quot;:&quot;&quot;,&quot;focal_length&quot;:&quot;0&quot;,&quot;iso&quot;:&quot;0&quot;,&quot;shutter_speed&quot;:&quot;0&quot;,&quot;title&quot;:&quot;&quot;,&quot;orientation&quot;:&quot;0&quot;}\" data-image-title=\"IMG_3953\" data-image-description=\"\" data-image-caption=\"\" data-medium-file=\"https:\/\/i0.wp.com\/blogdalucianaoliveira.com.br\/blog\/wp-content\/uploads\/2017\/08\/IMG_3953.jpg?fit=300%2C200\" data-large-file=\"https:\/\/i0.wp.com\/blogdalucianaoliveira.com.br\/blog\/wp-content\/uploads\/2017\/08\/IMG_3953.jpg?fit=470%2C313\" src=\"https:\/\/i0.wp.com\/blogdalucianaoliveira.com.br\/blog\/wp-content\/uploads\/2017\/08\/IMG_3953.jpg?resize=470%2C313\" alt=\"IMG_3953\" width=\"470\" height=\"313\" class=\"alignnone size-full wp-image-13152\" srcset=\"https:\/\/i0.wp.com\/blogdalucianaoliveira.com.br\/blog\/wp-content\/uploads\/2017\/08\/IMG_3953.jpg?w=470 470w, https:\/\/i0.wp.com\/blogdalucianaoliveira.com.br\/blog\/wp-content\/uploads\/2017\/08\/IMG_3953.jpg?resize=300%2C200 300w, https:\/\/i0.wp.com\/blogdalucianaoliveira.com.br\/blog\/wp-content\/uploads\/2017\/08\/IMG_3953.jpg?resize=450%2C300 450w\" sizes=\"auto, (max-width: 470px) 100vw, 470px\" \/><\/p>\n<p>No Correio Braziliense &#8211; &#8220;Cabe\u00e7as pretas&#8221;, como parlamentares jovens s\u00e3o conhecidos, entre uma vota\u00e7\u00e3o e outra curtem a balada na capital federal<!--more--><\/p>\n<p>\u201cPara conseguir mesa aqui, sem fila, s\u00f3 se voc\u00ea fosse deputado\u201d, diz a recepcionista do rec\u00e9m-inaugurado TAJ Bar, no Setor de Clubes Sul, quando a reportagem esteve no local, na noite da \u00faltima quinta-feira.<\/p>\n<p>A brincadeira da atendente mostra que, al\u00e9m de paparicados, os parlamentares s\u00e3o habitu\u00e9s do estabelecimento, um dos mais badalados de Bras\u00edlia atualmente. <\/p>\n<p>Levantamento da C\u00e2mara dos Deputados apontou que cerca de 50 deputados federais eleitos no \u00faltimo pleito t\u00eam menos de 35 anos de idade \u2014 um recorde. Com energia de sobra e dinheiro para gastar, hoje, \u00e9 comum ver os jovens integrantes do legislativo, chamados \u201ccabe\u00e7as pretas\u201d, circulando na noite da capital.<\/p>\n<p>Um dos parlamentares que n\u00e3o arreda o p\u00e9 do TAJ \u00e9 o deputado alagoano JHC (PSB-AL). Na semana passada, inclusive, ele publicou uma foto em uma rede social quando estava no local, que enquadra como um bar-balada. <\/p>\n<p>\u201c\u00c9 normal a gente sair, n\u00e9? Existe vida por tr\u00e1s da pol\u00edtica. Participo de uma turma de solteiros, moramos em Bras\u00edlia parte da semana e \u00e9 natural a gente se divertir\u201d, afirmou . JHC contou que, no in\u00edcio da legislatura, em 2015, quando todos ainda estavam se conhecendo, havia mais festas. \u201cHoje, com a atmosfera pol\u00edtica agitada, as pessoas ficaram um pouco mais distantes\u201d, completou.<\/p>\n<p><img data-recalc-dims=\"1\" loading=\"lazy\" decoding=\"async\" data-attachment-id=\"13151\" data-permalink=\"http:\/\/blogdalucianaoliveira.com.br\/blog\/2017\/08\/22\/jovens-deputados-se-divertem-em-baladas-vip-de-brasilia\/img_3952\/\" data-orig-file=\"https:\/\/i0.wp.com\/blogdalucianaoliveira.com.br\/blog\/wp-content\/uploads\/2017\/08\/IMG_3952.jpg?fit=750%2C590\" data-orig-size=\"750,590\" data-comments-opened=\"0\" data-image-meta=\"{&quot;aperture&quot;:&quot;0&quot;,&quot;credit&quot;:&quot;&quot;,&quot;camera&quot;:&quot;&quot;,&quot;caption&quot;:&quot;&quot;,&quot;created_timestamp&quot;:&quot;0&quot;,&quot;copyright&quot;:&quot;&quot;,&quot;focal_length&quot;:&quot;0&quot;,&quot;iso&quot;:&quot;0&quot;,&quot;shutter_speed&quot;:&quot;0&quot;,&quot;title&quot;:&quot;&quot;,&quot;orientation&quot;:&quot;0&quot;}\" data-image-title=\"IMG_3952\" data-image-description=\"\" data-image-caption=\"\" data-medium-file=\"https:\/\/i0.wp.com\/blogdalucianaoliveira.com.br\/blog\/wp-content\/uploads\/2017\/08\/IMG_3952.jpg?fit=300%2C236\" data-large-file=\"https:\/\/i0.wp.com\/blogdalucianaoliveira.com.br\/blog\/wp-content\/uploads\/2017\/08\/IMG_3952.jpg?fit=600%2C472\" src=\"https:\/\/i0.wp.com\/blogdalucianaoliveira.com.br\/blog\/wp-content\/uploads\/2017\/08\/IMG_3952.jpg?resize=600%2C472\" alt=\"IMG_3952\" width=\"600\" height=\"472\" class=\"alignnone size-full wp-image-13151\" srcset=\"https:\/\/i0.wp.com\/blogdalucianaoliveira.com.br\/blog\/wp-content\/uploads\/2017\/08\/IMG_3952.jpg?w=750 750w, https:\/\/i0.wp.com\/blogdalucianaoliveira.com.br\/blog\/wp-content\/uploads\/2017\/08\/IMG_3952.jpg?resize=300%2C236 300w, https:\/\/i0.wp.com\/blogdalucianaoliveira.com.br\/blog\/wp-content\/uploads\/2017\/08\/IMG_3952.jpg?resize=381%2C300 381w\" sizes=\"auto, (max-width: 600px) 100vw, 600px\" \/><\/p>\n<p>O deputado JHC (E) visitou o TAJ Bar e postou foto em redes sociais. &#8211; Foto: Divulga\u00e7\u00e3o\/Facebook<\/p>\n<p>Entre suas companhias mais frequentes est\u00e1 a deputada Mariana Carvalho (PSDB-RO), que ficou famosa ao ler o relat\u00f3rio sobre a den\u00fancia criminal contra o presidente Michel Temer, h\u00e1 duas semanas. <\/p>\n<p>Nas \u00faltimas folgas, a parlamentar foi ao show de Anitta e esteve no Festival Villa Mix, ambos em Goi\u00e2nia. \u201cA Mari \u00e9 \u00f3tima, uma das pessoas mais convidadas para os eventos por seu alto-astral\u201d, elogiou JHC. <\/p>\n<p>Mariana Carvalho \u00e9 uma das poucas mulheres que fazem parte da lista dos animados deputados, ao lado de Sh\u00e9ridan Oliveira (PSDB-RR), Cristiane Brasil (PTB-RJ) e Bruniele Gomes (PR-MG), a Brunny, que, h\u00e1 dois anos, bombou na internet ao ser flagrada numa festa dan\u00e7ando funk.<\/p>\n<p>Filha do deputado Roberto Jefferson, preso por participar do esc\u00e2ndalo do mensal\u00e3o, Cristiane seria uma esp\u00e9cie de l\u00edder das noitadas dos cabe\u00e7as pretas, respons\u00e1vel por reservar mesas em rest\u00f4-lounges e agilizar a compra de camarotes do evento Na Praia, que ocorre at\u00e9 setembro em Bras\u00edlia. <\/p>\n<p>\u201cUma vez, ela levou 25 deputados para fazer esquenta no restaurante Cont\u00ea e, de l\u00e1, eles vieram para um show que estava rolando na Praia\u201d, informou um gar\u00e7om do evento, que preferiu n\u00e3o se identificar. Na \u00e1rea em que ele trabalha, considerada \u201csupervip\u201d, existem espa\u00e7os reservados, com capacidade entre 15 e 30 pessoas e pre\u00e7os que variam de R$ 7 mil a R$ 12 mil.<\/p>\n<p>Fluxo <\/p>\n<p>Outro endere\u00e7o que atrai os parlamentares \u00e9 o restaurante Dudu Bar Lago, onde, \u00e0s quintas e sextas-feiras, segundo funcion\u00e1rios, existe \u201cum alto fluxo legislativo\u201d. S\u00f3cia do local, a empres\u00e1ria Lucila Camargo \u00e9 discreta com os nomes. <\/p>\n<p>\u201c\u00c9 claro que vem gente que gosta de aparecer e sabemos quem s\u00e3o essas pessoas, mas ser discreto faz parte da pol\u00edtica do restaurante\u201d, afirmou. Pelo menos tr\u00eas vezes na semana, DJs contratados pelo estabelecimento garantem a anima\u00e7\u00e3o dos clientes, que, em sua maioria, preferem ficar na varanda.<\/p>\n<p>Outros adeptos da balada<\/p>\n<p>Flagrado curtindo show de Ivete Sangalo em Salvador, ano passado, o deputado Zeca Dirceu (PT-PR), filho de Jos\u00e9 Dirceu \u2013 que hoje cumpre regime domiciliar \u2013, parou de publicar fotos das festas que frequenta. <\/p>\n<p>Nos bastidores do Congresso, no entanto, comenta-se que a anima\u00e7\u00e3o dele continua a mesma. Zeca teria comprado ingressos para o show da cantora baiana em Bras\u00edlia, mas acabou n\u00e3o indo.<\/p>\n<p>Embora n\u00e3o fa\u00e7am parte da ala jovem, os deputados Rom\u00e1rio, Tiririca e F\u00e1bio Ramalho, o Fabinho Lideran\u00e7a, tamb\u00e9m s\u00e3o vistos badalando em Bras\u00edlia. Rom\u00e1rio, que tem uma casa no Lago Sul, organiza festas privadas de tempos em tempos. <\/p>\n<p>Tamb\u00e9m \u00e9 nome confirmado em listas VIP de inaugura\u00e7\u00f5es de boate e de grandes shows. Tiririca prefere rest\u00f4-lounges, enquanto Fabinho \u00e9 mais de organizar eventos em casa. Os demais (veja arte) foram lembrados no Congresso Nacional como pessoas que \u201csempre est\u00e3o nas listas de convidados e nos grupos de WhatsApp\u201d.<\/p>\n<p>A reportagem n\u00e3o conseguiu contato com as deputadas Mariana, Cristiane, Sh\u00e9ridan e Brunny, nem com os demais deputados citados. A reportagem ligou em todos os celulares e em todos os gabinetes dos respectivos parlamentares. A assessoria de imprensa do Na Praia disse que os s\u00f3cios do evento preferem n\u00e3o se manifestar. A propriet\u00e1ria do TAJ Bar, D\u00e9bora Ara\u00fajo, informou que acompanha mais os eventos fechados e que n\u00e3o poderia comentar sobre assuntos abordados nesta reportagem. S\u00f3cios do Cont\u00ea tamb\u00e9m preferiram n\u00e3o se manifestar.<\/p>\n","protected":false},"excerpt":{"rendered":"<p>No Correio Braziliense &#8211; &#8220;Cabe\u00e7as pretas&#8221;, como parlamentares jovens s\u00e3o conhecidos, entre uma vota\u00e7\u00e3o e outra curtem a balada na capital federal<\/p>\n","protected":false},"author":1,"featured_media":0,"comment_status":"closed","ping_status":"open","sticky":false,"template":"","format":"standard","meta":{"_exactmetrics_skip_tracking":false,"_exactmetrics_sitenote_active":false,"_exactmetrics_sitenote_note":"","_exactmetrics_sitenote_category":0,"jetpack_post_was_ever_published":false,"_jetpack_newsletter_access":"","_jetpack_dont_email_post_to_subs":false,"_jetpack_newsletter_tier_id":0,"_jetpack_memberships_contains_paywalled_content":false,"_jetpack_memberships_contains_paid_content":false,"footnotes":"","jetpack_publicize_message":"","jetpack_publicize_feature_enabled":true,"jetpack_social_post_already_shared":true,"jetpack_social_options":{"image_generator_settings":{"template":"highway","enabled":false},"version":2}},"categories":[1],"tags":[],"class_list":["post-13150","post","type-post","status-publish","format-standard","hentry","category-notas"],"jetpack_publicize_connections":[],"jetpack_sharing_enabled":true,"jetpack_featured_media_url":"","jetpack_shortlink":"https:\/\/wp.me\/p7wKYW-3q6","jetpack-related-posts":[],"_links":{"self":[{"href":"http:\/\/blogdalucianaoliveira.com.br\/blog\/wp-json\/wp\/v2\/posts\/13150","targetHints":{"allow":["GET"]}}],"collection":[{"href":"http:\/\/blogdalucianaoliveira.com.br\/blog\/wp-json\/wp\/v2\/posts"}],"about":[{"href":"http:\/\/blogdalucianaoliveira.com.br\/blog\/wp-json\/wp\/v2\/types\/post"}],"author":[{"embeddable":true,"href":"http:\/\/blogdalucianaoliveira.com.br\/blog\/wp-json\/wp\/v2\/users\/1"}],"replies":[{"embeddable":true,"href":"http:\/\/blogdalucianaoliveira.com.br\/blog\/wp-json\/wp\/v2\/comments?post=13150"}],"version-history":[{"count":1,"href":"http:\/\/blogdalucianaoliveira.com.br\/blog\/wp-json\/wp\/v2\/posts\/13150\/revisions"}],"predecessor-version":[{"id":13153,"href":"http:\/\/blogdalucianaoliveira.com.br\/blog\/wp-json\/wp\/v2\/posts\/13150\/revisions\/13153"}],"wp:attachment":[{"href":"http:\/\/blogdalucianaoliveira.com.br\/blog\/wp-json\/wp\/v2\/media?parent=13150"}],"wp:term":[{"taxonomy":"category","embeddable":true,"href":"http:\/\/blogdalucianaoliveira.com.br\/blog\/wp-json\/wp\/v2\/categories?post=13150"},{"taxonomy":"post_tag","embeddable":true,"href":"http:\/\/blogdalucianaoliveira.com.br\/blog\/wp-json\/wp\/v2\/tags?post=13150"}],"curies":[{"name":"wp","href":"https:\/\/api.w.org\/{rel}","templated":true}]}}