{"id":13154,"date":"2017-08-22T18:20:54","date_gmt":"2017-08-22T22:20:54","guid":{"rendered":"http:\/\/blogdalucianaoliveira.com.br\/blog\/?p=13154"},"modified":"2017-08-22T18:20:54","modified_gmt":"2017-08-22T22:20:54","slug":"a-aberracao-da-venda-da-eletrobras","status":"publish","type":"post","link":"http:\/\/blogdalucianaoliveira.com.br\/blog\/2017\/08\/22\/a-aberracao-da-venda-da-eletrobras\/","title":{"rendered":"A aberra\u00e7\u00e3o da venda da Eletrobras"},"content":{"rendered":"<p><img data-recalc-dims=\"1\" loading=\"lazy\" decoding=\"async\" data-attachment-id=\"13155\" data-permalink=\"http:\/\/blogdalucianaoliveira.com.br\/blog\/2017\/08\/22\/a-aberracao-da-venda-da-eletrobras\/ele-3\/\" data-orig-file=\"https:\/\/i0.wp.com\/blogdalucianaoliveira.com.br\/blog\/wp-content\/uploads\/2017\/08\/ele-1.jpg?fit=700%2C465\" data-orig-size=\"700,465\" data-comments-opened=\"0\" data-image-meta=\"{&quot;aperture&quot;:&quot;0&quot;,&quot;credit&quot;:&quot;&quot;,&quot;camera&quot;:&quot;&quot;,&quot;caption&quot;:&quot;&quot;,&quot;created_timestamp&quot;:&quot;0&quot;,&quot;copyright&quot;:&quot;&quot;,&quot;focal_length&quot;:&quot;0&quot;,&quot;iso&quot;:&quot;0&quot;,&quot;shutter_speed&quot;:&quot;0&quot;,&quot;title&quot;:&quot;&quot;,&quot;orientation&quot;:&quot;0&quot;}\" data-image-title=\"ele\" data-image-description=\"\" data-image-caption=\"\" data-medium-file=\"https:\/\/i0.wp.com\/blogdalucianaoliveira.com.br\/blog\/wp-content\/uploads\/2017\/08\/ele-1.jpg?fit=300%2C199\" data-large-file=\"https:\/\/i0.wp.com\/blogdalucianaoliveira.com.br\/blog\/wp-content\/uploads\/2017\/08\/ele-1.jpg?fit=600%2C399\" src=\"https:\/\/i0.wp.com\/blogdalucianaoliveira.com.br\/blog\/wp-content\/uploads\/2017\/08\/ele-1.jpg?resize=600%2C399\" alt=\"ele\" width=\"600\" height=\"399\" class=\"alignnone size-full wp-image-13155\" srcset=\"https:\/\/i0.wp.com\/blogdalucianaoliveira.com.br\/blog\/wp-content\/uploads\/2017\/08\/ele-1.jpg?w=700 700w, https:\/\/i0.wp.com\/blogdalucianaoliveira.com.br\/blog\/wp-content\/uploads\/2017\/08\/ele-1.jpg?resize=300%2C199 300w, https:\/\/i0.wp.com\/blogdalucianaoliveira.com.br\/blog\/wp-content\/uploads\/2017\/08\/ele-1.jpg?resize=452%2C300 452w\" sizes=\"auto, (max-width: 600px) 100vw, 600px\" \/><\/p>\n<p>No Jornal GGN, por Luis Nassif &#8211; O an\u00fancio de venda da Eletrobras para fazer caixa \u00e9 uma das iniciativas mais aberrantes do governo Temer. A ideia da \u201cdemocratiza\u00e7\u00e3o do capital\u201d e a compara\u00e7\u00e3o com a Vale e a Embraer \u00e9 esdr\u00faxula. Ambas est\u00e3o na economia competitiva enquanto a Eletrobr\u00e1s \u00e9 uma concession\u00e1ria de servi\u00e7os p\u00fablicos, estrat\u00e9gica para o pa\u00eds.<!--more--><\/p>\n<p>A avalia\u00e7\u00e3o de R$ 20 bilh\u00f5es equivale a menos da metade de uma usina como Belo Monte. A Eletrobr\u00e1s tem 47 usinas hidroel\u00e9tricas, 114 t\u00e9rmicas e 69 e\u00f3licas, com capacidade de 47.000 MW, o que a faz provavelmente a maior geradora de energia el\u00e9trica do planeta. \u00c9 uma empresa t\u00e3o estrat\u00e9gica quanto a Petrobras.<\/p>\n<p>A Eletrobras est\u00e1 sendo constru\u00edda desde 1953 e exigiu investimentos calculados em R$ 400 bilh\u00f5es do povo brasileiro. Al\u00e9m da capacidade geradora, que equivale a meia Itaiupu, a Eletrobras controla linhas de transmiss\u00e3o, seis distribuidoras e a Eletronuclear, empresa estrat\u00e9gica que det\u00e9m as \u00fanicas usinas nucleares brasileiras.<\/p>\n<p>O modelo el\u00e9trico brasileiro \u00e9 uma obra de engenharia fanrt\u00e1stica, resultado do pensamento estrat\u00e9gico de especialistas como Oct\u00e1vio Marcondes Ferraz, M\u00e1rio Thibau, M\u00e1rio Bhering, um conjunto de t\u00e9cnicos da Cemig \u2013 que tamb\u00e9m corre risco id\u00eantico.<\/p>\n<p>No governo Fernando Henrique Cardoso, o desmonte irrespons\u00e1vel desse modelo promoveu um encarecimento brutal das tarifas, que acabou tirando a competitividade brasileira em v\u00e1rios setores eletro intensivos. L\u00e1, como agora, moviam-se exclusivamente por vis\u00e3o ideol\u00f3gica, sem um pingo de preocupa\u00e7\u00e3o com a l\u00f3gica de um sistema integrado.<\/p>\n<p>O comprador com toda probabilidade ser\u00e1 um grupo chin\u00eas que por 20 bilh\u00f5es de reais assumir\u00e1 o provavelmente maior parque de gera\u00e7\u00e3o hidroel\u00e9trica do planeta. \u00c9 realmente inacredit\u00e1vel o n\u00edvel de improvisa\u00e7\u00e3o, cegueira estrat\u00e9gica, leviandade suspeita atr\u00e1s desse tipo de decis\u00e3o de quebra-galho financeiro.<\/p>\n<p>Nos EUA, o parque hidroel\u00e9trico, que corresponde a 15% da matriz energ\u00e9tica , \u00e9 estatal federal, porque l\u00e1 se acredita que energia el\u00e9trica, que envolve recursos h\u00eddricos s\u00e3o de interesse nacional e n\u00e3o podem ser privados. L\u00e1 h\u00e1 muito cuidado com \u00e1gua, rios e represas e nunca se pensou em privatizar.<\/p>\n<p>A ideia de privatizar estava obvia quando a rainha das privatiza\u00e7\u00f5es da Era FHC Elena Landau foi colocada como presidente do Conselho da empresa. H\u00e1 um m\u00eas pediu demiss\u00e3o para n\u00e3o ficar evidente demais sua presen\u00e7a com o an\u00fancio da privatiza\u00e7\u00e3o, ligando a lembran\u00e7as de sua atua\u00e7\u00e3o no governo tucano.<\/p>\n<p>Para completar o pesadelo, o Ministro de Minas e Energia \u00e9 um rapaz de 33 anos, formado em administra\u00e7\u00e3o de empresas pela FAAP, sem qualquer especializa\u00e7\u00e3o na \u00e1rea e representando o hist\u00f3rico PARTIDO SOCIALISTA BRASILEIRO, de ilustres nomes como Jo\u00e3o Mangabeira, que deve estar se revirando na tumba com tal iniciativa por um \u201csocialista\u201d pernambucano.<\/p>\n","protected":false},"excerpt":{"rendered":"<p>No Jornal GGN, por Luis Nassif &#8211; O an\u00fancio de venda da Eletrobras para fazer caixa \u00e9 uma das iniciativas mais aberrantes do governo Temer. A ideia da \u201cdemocratiza\u00e7\u00e3o do capital\u201d e a compara\u00e7\u00e3o com a Vale e a Embraer \u00e9 esdr\u00faxula. Ambas est\u00e3o na economia competitiva enquanto a Eletrobr\u00e1s \u00e9 uma concession\u00e1ria de servi\u00e7os&#8230;<a class=\"more-link\" href=\"http:\/\/blogdalucianaoliveira.com.br\/blog\/2017\/08\/22\/a-aberracao-da-venda-da-eletrobras\/\">Continue a leitura <span class=\"meta-nav\">&raquo;<\/span><\/a><\/p>\n","protected":false},"author":1,"featured_media":0,"comment_status":"closed","ping_status":"open","sticky":false,"template":"","format":"standard","meta":{"_exactmetrics_skip_tracking":false,"_exactmetrics_sitenote_active":false,"_exactmetrics_sitenote_note":"","_exactmetrics_sitenote_category":0,"jetpack_post_was_ever_published":false,"_jetpack_newsletter_access":"","_jetpack_dont_email_post_to_subs":false,"_jetpack_newsletter_tier_id":0,"_jetpack_memberships_contains_paywalled_content":false,"_jetpack_memberships_contains_paid_content":false,"footnotes":"","jetpack_publicize_message":"","jetpack_publicize_feature_enabled":true,"jetpack_social_post_already_shared":true,"jetpack_social_options":{"image_generator_settings":{"template":"highway","enabled":false},"version":2}},"categories":[1],"tags":[],"class_list":["post-13154","post","type-post","status-publish","format-standard","hentry","category-notas"],"jetpack_publicize_connections":[],"jetpack_sharing_enabled":true,"jetpack_featured_media_url":"","jetpack_shortlink":"https:\/\/wp.me\/p7wKYW-3qa","jetpack-related-posts":[],"_links":{"self":[{"href":"http:\/\/blogdalucianaoliveira.com.br\/blog\/wp-json\/wp\/v2\/posts\/13154","targetHints":{"allow":["GET"]}}],"collection":[{"href":"http:\/\/blogdalucianaoliveira.com.br\/blog\/wp-json\/wp\/v2\/posts"}],"about":[{"href":"http:\/\/blogdalucianaoliveira.com.br\/blog\/wp-json\/wp\/v2\/types\/post"}],"author":[{"embeddable":true,"href":"http:\/\/blogdalucianaoliveira.com.br\/blog\/wp-json\/wp\/v2\/users\/1"}],"replies":[{"embeddable":true,"href":"http:\/\/blogdalucianaoliveira.com.br\/blog\/wp-json\/wp\/v2\/comments?post=13154"}],"version-history":[{"count":1,"href":"http:\/\/blogdalucianaoliveira.com.br\/blog\/wp-json\/wp\/v2\/posts\/13154\/revisions"}],"predecessor-version":[{"id":13156,"href":"http:\/\/blogdalucianaoliveira.com.br\/blog\/wp-json\/wp\/v2\/posts\/13154\/revisions\/13156"}],"wp:attachment":[{"href":"http:\/\/blogdalucianaoliveira.com.br\/blog\/wp-json\/wp\/v2\/media?parent=13154"}],"wp:term":[{"taxonomy":"category","embeddable":true,"href":"http:\/\/blogdalucianaoliveira.com.br\/blog\/wp-json\/wp\/v2\/categories?post=13154"},{"taxonomy":"post_tag","embeddable":true,"href":"http:\/\/blogdalucianaoliveira.com.br\/blog\/wp-json\/wp\/v2\/tags?post=13154"}],"curies":[{"name":"wp","href":"https:\/\/api.w.org\/{rel}","templated":true}]}}