{"id":13157,"date":"2017-08-22T18:23:37","date_gmt":"2017-08-22T22:23:37","guid":{"rendered":"http:\/\/blogdalucianaoliveira.com.br\/blog\/?p=13157"},"modified":"2017-08-22T18:23:37","modified_gmt":"2017-08-22T22:23:37","slug":"deu-no-new-york-times-lula-ainda-e-o-politico-mais-popular-do-brasil","status":"publish","type":"post","link":"http:\/\/blogdalucianaoliveira.com.br\/blog\/2017\/08\/22\/deu-no-new-york-times-lula-ainda-e-o-politico-mais-popular-do-brasil\/","title":{"rendered":"DEU NO NEW YORK TIMES: LULA AINDA \u00c9 O POL\u00cdTICO MAIS POPULAR DO BRASIL"},"content":{"rendered":"<p><img data-recalc-dims=\"1\" loading=\"lazy\" decoding=\"async\" data-attachment-id=\"13158\" data-permalink=\"http:\/\/blogdalucianaoliveira.com.br\/blog\/2017\/08\/22\/deu-no-new-york-times-lula-ainda-e-o-politico-mais-popular-do-brasil\/new\/\" data-orig-file=\"https:\/\/i0.wp.com\/blogdalucianaoliveira.com.br\/blog\/wp-content\/uploads\/2017\/08\/new.jpg?fit=1000%2C357\" data-orig-size=\"1000,357\" data-comments-opened=\"0\" data-image-meta=\"{&quot;aperture&quot;:&quot;0&quot;,&quot;credit&quot;:&quot;&quot;,&quot;camera&quot;:&quot;&quot;,&quot;caption&quot;:&quot;&quot;,&quot;created_timestamp&quot;:&quot;0&quot;,&quot;copyright&quot;:&quot;&quot;,&quot;focal_length&quot;:&quot;0&quot;,&quot;iso&quot;:&quot;0&quot;,&quot;shutter_speed&quot;:&quot;0&quot;,&quot;title&quot;:&quot;&quot;,&quot;orientation&quot;:&quot;0&quot;}\" data-image-title=\"new\" data-image-description=\"\" data-image-caption=\"\" data-medium-file=\"https:\/\/i0.wp.com\/blogdalucianaoliveira.com.br\/blog\/wp-content\/uploads\/2017\/08\/new.jpg?fit=300%2C107\" data-large-file=\"https:\/\/i0.wp.com\/blogdalucianaoliveira.com.br\/blog\/wp-content\/uploads\/2017\/08\/new.jpg?fit=600%2C214\" src=\"https:\/\/i0.wp.com\/blogdalucianaoliveira.com.br\/blog\/wp-content\/uploads\/2017\/08\/new.jpg?resize=600%2C214\" alt=\"new\" width=\"600\" height=\"214\" class=\"alignnone size-full wp-image-13158\" srcset=\"https:\/\/i0.wp.com\/blogdalucianaoliveira.com.br\/blog\/wp-content\/uploads\/2017\/08\/new.jpg?w=1000 1000w, https:\/\/i0.wp.com\/blogdalucianaoliveira.com.br\/blog\/wp-content\/uploads\/2017\/08\/new.jpg?resize=300%2C107 300w, https:\/\/i0.wp.com\/blogdalucianaoliveira.com.br\/blog\/wp-content\/uploads\/2017\/08\/new.jpg?resize=768%2C274 768w, https:\/\/i0.wp.com\/blogdalucianaoliveira.com.br\/blog\/wp-content\/uploads\/2017\/08\/new.jpg?resize=800%2C286 800w\" sizes=\"auto, (max-width: 600px) 100vw, 600px\" \/><\/p>\n<p>No 247 &#8211; &#8220;Milh\u00f5es de brasileiros deixaram a linha de pobreza durante seus dois governos e ele ainda \u00e9 o pol\u00edtico mais popular do Brasil, a despeito da condena\u00e7\u00e3o que poder\u00e1 impedi-lo de concorrer em 2018&#8221;, aponta o texto do correspondente Anthony Boadle.<!--more--><\/p>\n<p>Lula j\u00e1 passou pela Bahia e por Sergipe e chega nesta ter\u00e7a-feira a Alagoas.<\/p>\n<p>Leia, abaixo, texto de Fernando Brito, editor do Tijola\u00e7o, sobre a condu\u00e7\u00e3o coercitiva de Lula pelo povo:<\/p>\n<p>Por Fernando Brito, editor do Tijola\u00e7o<\/p>\n<p>N\u00e3o \u00e9 meu, mas o lugar se chama Campo do Brito e fica entre Lagarto e Itabaiana, em Sergipe.<\/p>\n<p>L\u00e1, uma multid\u00e3o fez parar o \u00f4nibus que conduzia Lula para o com\u00edcio noturno na segunda cidade e o obrigou a descer, para abra\u00e7\u00e1-lo.<\/p>\n<p>Uma condu\u00e7\u00e3o coercitiva do tipo que Lula merece.<\/p>\n<p>E que explica e prova o que se escreveu aqui, com palavras roubadas do professor Wanderley Guilherme dos Santos:  \u201ca direita e a esquerda de nariz torcido evitam reconhecer que a indestrutibilidade de Lula n\u00e3o \u00e9 propaganda partid\u00e1ria, mas fen\u00f4meno sociol\u00f3gico\u201d.<\/p>\n<p>Acompanhei cenas assim, no interior do Rio de Janeiro e no do Rio Grande do Sul, com Leonel Brizola. Seus bra\u00e7os ficavam roxos de tantos pux\u00f5es e agarr\u00f5es recebidos do povo.<\/p>\n<p>\u00c9 o \u201ccorpo de delito\u201d da sua significa\u00e7\u00e3o p\u00fablica. <\/p>\n<p><iframe loading=\"lazy\" width=\"640\" height=\"360\" src=\"https:\/\/www.youtube.com\/embed\/zzwIdLj7mbg\" frameborder=\"0\" allowfullscreen><\/iframe><\/p>\n","protected":false},"excerpt":{"rendered":"<p>No 247 &#8211; &#8220;Milh\u00f5es de brasileiros deixaram a linha de pobreza durante seus dois governos e ele ainda \u00e9 o pol\u00edtico mais popular do Brasil, a despeito da condena\u00e7\u00e3o que poder\u00e1 impedi-lo de concorrer em 2018&#8221;, aponta o texto do correspondente Anthony Boadle.<\/p>\n","protected":false},"author":1,"featured_media":0,"comment_status":"closed","ping_status":"open","sticky":false,"template":"","format":"standard","meta":{"_exactmetrics_skip_tracking":false,"_exactmetrics_sitenote_active":false,"_exactmetrics_sitenote_note":"","_exactmetrics_sitenote_category":0,"jetpack_post_was_ever_published":false,"_jetpack_newsletter_access":"","_jetpack_dont_email_post_to_subs":false,"_jetpack_newsletter_tier_id":0,"_jetpack_memberships_contains_paywalled_content":false,"_jetpack_memberships_contains_paid_content":false,"footnotes":"","jetpack_publicize_message":"","jetpack_publicize_feature_enabled":true,"jetpack_social_post_already_shared":true,"jetpack_social_options":{"image_generator_settings":{"template":"highway","enabled":false},"version":2}},"categories":[1],"tags":[],"class_list":["post-13157","post","type-post","status-publish","format-standard","hentry","category-notas"],"jetpack_publicize_connections":[],"jetpack_sharing_enabled":true,"jetpack_featured_media_url":"","jetpack_shortlink":"https:\/\/wp.me\/p7wKYW-3qd","jetpack-related-posts":[],"_links":{"self":[{"href":"http:\/\/blogdalucianaoliveira.com.br\/blog\/wp-json\/wp\/v2\/posts\/13157","targetHints":{"allow":["GET"]}}],"collection":[{"href":"http:\/\/blogdalucianaoliveira.com.br\/blog\/wp-json\/wp\/v2\/posts"}],"about":[{"href":"http:\/\/blogdalucianaoliveira.com.br\/blog\/wp-json\/wp\/v2\/types\/post"}],"author":[{"embeddable":true,"href":"http:\/\/blogdalucianaoliveira.com.br\/blog\/wp-json\/wp\/v2\/users\/1"}],"replies":[{"embeddable":true,"href":"http:\/\/blogdalucianaoliveira.com.br\/blog\/wp-json\/wp\/v2\/comments?post=13157"}],"version-history":[{"count":1,"href":"http:\/\/blogdalucianaoliveira.com.br\/blog\/wp-json\/wp\/v2\/posts\/13157\/revisions"}],"predecessor-version":[{"id":13159,"href":"http:\/\/blogdalucianaoliveira.com.br\/blog\/wp-json\/wp\/v2\/posts\/13157\/revisions\/13159"}],"wp:attachment":[{"href":"http:\/\/blogdalucianaoliveira.com.br\/blog\/wp-json\/wp\/v2\/media?parent=13157"}],"wp:term":[{"taxonomy":"category","embeddable":true,"href":"http:\/\/blogdalucianaoliveira.com.br\/blog\/wp-json\/wp\/v2\/categories?post=13157"},{"taxonomy":"post_tag","embeddable":true,"href":"http:\/\/blogdalucianaoliveira.com.br\/blog\/wp-json\/wp\/v2\/tags?post=13157"}],"curies":[{"name":"wp","href":"https:\/\/api.w.org\/{rel}","templated":true}]}}