{"id":13163,"date":"2017-08-23T09:40:15","date_gmt":"2017-08-23T13:40:15","guid":{"rendered":"http:\/\/blogdalucianaoliveira.com.br\/blog\/?p=13163"},"modified":"2017-08-23T09:40:15","modified_gmt":"2017-08-23T13:40:15","slug":"eletrobras-61-dos-brasileiros-sao-contra-privatizacoes","status":"publish","type":"post","link":"http:\/\/blogdalucianaoliveira.com.br\/blog\/2017\/08\/23\/eletrobras-61-dos-brasileiros-sao-contra-privatizacoes\/","title":{"rendered":"Eletrobr\u00e1s: 61% dos brasileiros s\u00e3o contra privatiza\u00e7\u00f5es"},"content":{"rendered":"<p><img data-recalc-dims=\"1\" loading=\"lazy\" decoding=\"async\" data-attachment-id=\"13164\" data-permalink=\"http:\/\/blogdalucianaoliveira.com.br\/blog\/2017\/08\/23\/eletrobras-61-dos-brasileiros-sao-contra-privatizacoes\/privataria-capa\/\" data-orig-file=\"https:\/\/i0.wp.com\/blogdalucianaoliveira.com.br\/blog\/wp-content\/uploads\/2017\/08\/privataria-capa.jpg?fit=600%2C400\" data-orig-size=\"600,400\" data-comments-opened=\"0\" data-image-meta=\"{&quot;aperture&quot;:&quot;0&quot;,&quot;credit&quot;:&quot;&quot;,&quot;camera&quot;:&quot;&quot;,&quot;caption&quot;:&quot;&quot;,&quot;created_timestamp&quot;:&quot;0&quot;,&quot;copyright&quot;:&quot;&quot;,&quot;focal_length&quot;:&quot;0&quot;,&quot;iso&quot;:&quot;0&quot;,&quot;shutter_speed&quot;:&quot;0&quot;,&quot;title&quot;:&quot;&quot;,&quot;orientation&quot;:&quot;1&quot;}\" data-image-title=\"privataria-capa\" data-image-description=\"\" data-image-caption=\"\" data-medium-file=\"https:\/\/i0.wp.com\/blogdalucianaoliveira.com.br\/blog\/wp-content\/uploads\/2017\/08\/privataria-capa.jpg?fit=300%2C200\" data-large-file=\"https:\/\/i0.wp.com\/blogdalucianaoliveira.com.br\/blog\/wp-content\/uploads\/2017\/08\/privataria-capa.jpg?fit=600%2C400\" src=\"https:\/\/i0.wp.com\/blogdalucianaoliveira.com.br\/blog\/wp-content\/uploads\/2017\/08\/privataria-capa.jpg?resize=600%2C400\" alt=\"privataria-capa\" width=\"600\" height=\"400\" class=\"alignnone size-full wp-image-13164\" srcset=\"https:\/\/i0.wp.com\/blogdalucianaoliveira.com.br\/blog\/wp-content\/uploads\/2017\/08\/privataria-capa.jpg?w=600 600w, https:\/\/i0.wp.com\/blogdalucianaoliveira.com.br\/blog\/wp-content\/uploads\/2017\/08\/privataria-capa.jpg?resize=300%2C200 300w, https:\/\/i0.wp.com\/blogdalucianaoliveira.com.br\/blog\/wp-content\/uploads\/2017\/08\/privataria-capa.jpg?resize=450%2C300 450w\" sizes=\"auto, (max-width: 600px) 100vw, 600px\" \/><\/p>\n<p>No Blog Da Cidadania, por Eduardo Guimar\u00e3es &#8211; Apesar de o ex-presidente da Rep\u00fablica Fernando Henrique Cardoso participar ativamente da pol\u00edtica brasileira emitindo opini\u00e3o sobre quase tudo, desde que deixou a Presid\u00eancia da Rep\u00fablica ele nunca mais foi inclu\u00eddo em uma pesquisa de inten\u00e7\u00e3o de voto para o cargo que ocupou entre 1995 e 2002.<!--more--><\/p>\n<p>N\u00e3o, n\u00e3o se trata de discrimina\u00e7\u00e3o por parte da m\u00eddia. Muito pelo contr\u00e1rio\u2026<\/p>\n<p>FHC foi recentemente lembrado pelos meios de comunica\u00e7\u00e3o at\u00e9 para se tornar presidente de novo via elei\u00e7\u00e3o indireta, caso Michel Temer perdesse o cargo por conta das provas de corrup\u00e7\u00e3o que surgiram contra si. Mas o tucano jamais foi inclu\u00eddo em pesquisa de inten\u00e7\u00e3o de voto simplesmente porque a opini\u00e3o dos brasileiros sobre ele seria desmoralizante.<\/p>\n<p>De todos os problemas de governan\u00e7a que tornaram o ex-presidente t\u00e3o impopular, o processo que ficou conhecido como \u201cprivataria tucana\u201d ocupa destaque. Entre 1995 e 2002, FHC vendeu as ditas \u201cjoias da coroa\u201d do patrim\u00f4nio p\u00fablico brasileiro por pre\u00e7o considerado vil por grande parte dos analistas, mas n\u00e3o \u00e9 por isso que o povo reprovou as privatiza\u00e7\u00f5es.<\/p>\n<p>Agora, Michel Temer d\u00e1 asas \u00e0 sua ilegitimidade e anuncia que pretende empreender um \u201cmega processo de privatiza\u00e7\u00f5es\u201d, a come\u00e7ar pela Eletrobr\u00e1s em um processo que, por certo, chegar\u00e1 \u00e0 Petrobr\u00e1s.<\/p>\n<p>Antes de demonstrar que Temer, mais uma vez, age \u00e1 revelia da vontade dos brasileiros, vale abordar, primeiro, uma pesquisa Ibope levada a cabo em 2007. Em seguida, outros dados bem mais recentes ser\u00e3o acrescentados.<\/p>\n<p><img data-recalc-dims=\"1\" loading=\"lazy\" decoding=\"async\" data-attachment-id=\"13165\" data-permalink=\"http:\/\/blogdalucianaoliveira.com.br\/blog\/2017\/08\/23\/eletrobras-61-dos-brasileiros-sao-contra-privatizacoes\/privataria-1\/\" data-orig-file=\"https:\/\/i0.wp.com\/blogdalucianaoliveira.com.br\/blog\/wp-content\/uploads\/2017\/08\/privataria-1.jpg?fit=613%2C394\" data-orig-size=\"613,394\" data-comments-opened=\"0\" data-image-meta=\"{&quot;aperture&quot;:&quot;0&quot;,&quot;credit&quot;:&quot;&quot;,&quot;camera&quot;:&quot;&quot;,&quot;caption&quot;:&quot;&quot;,&quot;created_timestamp&quot;:&quot;0&quot;,&quot;copyright&quot;:&quot;&quot;,&quot;focal_length&quot;:&quot;0&quot;,&quot;iso&quot;:&quot;0&quot;,&quot;shutter_speed&quot;:&quot;0&quot;,&quot;title&quot;:&quot;&quot;,&quot;orientation&quot;:&quot;0&quot;}\" data-image-title=\"privataria-1\" data-image-description=\"\" data-image-caption=\"\" data-medium-file=\"https:\/\/i0.wp.com\/blogdalucianaoliveira.com.br\/blog\/wp-content\/uploads\/2017\/08\/privataria-1.jpg?fit=300%2C193\" data-large-file=\"https:\/\/i0.wp.com\/blogdalucianaoliveira.com.br\/blog\/wp-content\/uploads\/2017\/08\/privataria-1.jpg?fit=600%2C386\" src=\"https:\/\/i0.wp.com\/blogdalucianaoliveira.com.br\/blog\/wp-content\/uploads\/2017\/08\/privataria-1.jpg?resize=600%2C386\" alt=\"privataria-1\" width=\"600\" height=\"386\" class=\"alignnone size-full wp-image-13165\" srcset=\"https:\/\/i0.wp.com\/blogdalucianaoliveira.com.br\/blog\/wp-content\/uploads\/2017\/08\/privataria-1.jpg?w=613 613w, https:\/\/i0.wp.com\/blogdalucianaoliveira.com.br\/blog\/wp-content\/uploads\/2017\/08\/privataria-1.jpg?resize=300%2C193 300w, https:\/\/i0.wp.com\/blogdalucianaoliveira.com.br\/blog\/wp-content\/uploads\/2017\/08\/privataria-1.jpg?resize=467%2C300 467w\" sizes=\"auto, (max-width: 600px) 100vw, 600px\" \/><\/p>\n<p>\u00c0 \u00e9poca, a maioria do eleitorado brasileiro (62%) apareceu em pesquisa como sendo contra a privatiza\u00e7\u00e3o de servi\u00e7os p\u00fablicos feita por quaisquer governos, segundo apura\u00e7\u00e3o feita pelo jornal O Estado de S\u00e3o Paulo em parceria com o instituto Ipsos.<\/p>\n<p>Apenas 25% dos brasileiros aprovava as privatiza\u00e7\u00f5es. A percep\u00e7\u00e3o era a de que as privatiza\u00e7\u00f5es pioraram os servi\u00e7os prestados \u00e0 popula\u00e7\u00e3o nos setores de telefonia, estradas, energia el\u00e9trica e \u00e1gua e esgoto.<\/p>\n<p>Detalhe: as mais altas taxas de rejei\u00e7\u00e3o (73%) estavam no segmento de n\u00edvel superior e nas classes A e B. Mas nem sempre foi assim.<\/p>\n<p>Em dezembro de 1994, uma pesquisa Ibope sobre privatiza\u00e7\u00e3o de bancos estaduais mostrou que 57% eram a favor de privatiz\u00e1-los total ou parcialmente e s\u00f3 31% eram contr\u00e1rios. Em fins de mar\u00e7o de 1995, outra pesquisa Ibope atestou que 43% dos brasileiros eram a favor das privatiza\u00e7\u00f5es e 34% eram contr\u00e1rios.<\/p>\n<p>Os mais criticados, segundo a pesquisa, eram os servi\u00e7os prestados pelas concession\u00e1rias de energia el\u00e9trica (pioraram para 55% e melhoraram para 31%) e \u00e1gua e esgoto (54% e 29%, respectivamente) e as de telefonia (51% e 37%) e de estradas (47% e 36%).<\/p>\n<p>Dali em diante, conforme as privatiza\u00e7\u00f5es foram acontecendo, isso mudou muito. Em 2007, uma robusta maioria j\u00e1 achava que a qualidade dos servi\u00e7os prestados por empresas privatizadas tinham piorado.<\/p>\n<p>A\u00ed os picaretas que apoiam Temer e o roubo de patrim\u00f4nio p\u00fablico v\u00e3o dizer que de 2007 muita coisa mudou, o Brasil deixou de ser \u201cpetralha\u201d etc., etc. Mas n\u00e3o procede. Pesquisa recente revela que o percentual dos que reprovam privatiza\u00e7\u00f5es permanece inalterado.<\/p>\n<p><img data-recalc-dims=\"1\" loading=\"lazy\" decoding=\"async\" data-attachment-id=\"13166\" data-permalink=\"http:\/\/blogdalucianaoliveira.com.br\/blog\/2017\/08\/23\/eletrobras-61-dos-brasileiros-sao-contra-privatizacoes\/privataria-2\/\" data-orig-file=\"https:\/\/i0.wp.com\/blogdalucianaoliveira.com.br\/blog\/wp-content\/uploads\/2017\/08\/privataria-2.png?fit=618%2C602\" data-orig-size=\"618,602\" data-comments-opened=\"0\" data-image-meta=\"{&quot;aperture&quot;:&quot;0&quot;,&quot;credit&quot;:&quot;&quot;,&quot;camera&quot;:&quot;&quot;,&quot;caption&quot;:&quot;&quot;,&quot;created_timestamp&quot;:&quot;0&quot;,&quot;copyright&quot;:&quot;&quot;,&quot;focal_length&quot;:&quot;0&quot;,&quot;iso&quot;:&quot;0&quot;,&quot;shutter_speed&quot;:&quot;0&quot;,&quot;title&quot;:&quot;&quot;,&quot;orientation&quot;:&quot;0&quot;}\" data-image-title=\"privataria-2\" data-image-description=\"\" data-image-caption=\"\" data-medium-file=\"https:\/\/i0.wp.com\/blogdalucianaoliveira.com.br\/blog\/wp-content\/uploads\/2017\/08\/privataria-2.png?fit=300%2C292\" data-large-file=\"https:\/\/i0.wp.com\/blogdalucianaoliveira.com.br\/blog\/wp-content\/uploads\/2017\/08\/privataria-2.png?fit=600%2C584\" src=\"https:\/\/i0.wp.com\/blogdalucianaoliveira.com.br\/blog\/wp-content\/uploads\/2017\/08\/privataria-2.png?resize=600%2C584\" alt=\"privataria-2\" width=\"600\" height=\"584\" class=\"alignnone size-full wp-image-13166\" srcset=\"https:\/\/i0.wp.com\/blogdalucianaoliveira.com.br\/blog\/wp-content\/uploads\/2017\/08\/privataria-2.png?w=618 618w, https:\/\/i0.wp.com\/blogdalucianaoliveira.com.br\/blog\/wp-content\/uploads\/2017\/08\/privataria-2.png?resize=300%2C292 300w, https:\/\/i0.wp.com\/blogdalucianaoliveira.com.br\/blog\/wp-content\/uploads\/2017\/08\/privataria-2.png?resize=308%2C300 308w\" sizes=\"auto, (max-width: 600px) 100vw, 600px\" \/><\/p>\n<p>A maioria dos brasileiros continua contra a privatiza\u00e7\u00e3o de empresas estatais. A constata\u00e7\u00e3o \u00e9 de uma pesquisa do Instituto Paran\u00e1 Pesquisas, feita com exclusividade para o site O Financista.<\/p>\n<p>A pesquisa ouviu 2.020 pessoas maiores de 16 anos em 158 cidades de 24 Estados, mais o Distrito Federal em julho do ano passado. Do total, 60,6% dos entrevistados declararam-se contra privatizar as estatais; 33,5% s\u00e3o favor\u00e1veis; e outros 5,9% n\u00e3o souberam ou n\u00e3o opinaram.<\/p>\n<p>A quest\u00e3o apresentada aos participantes foi: \u201cCom o objetivo de melhorar a situa\u00e7\u00e3o econ\u00f4mica do Brasil, o governo Michel Temer planeja vender, ou seja, privatizar algumas empresas e ativos estatais. O Sr(a) \u00e9 a favor ou contra essa medida?\u201d<\/p>\n<p>A enquete tamb\u00e9m avaliou a posi\u00e7\u00e3o dos entrevistados em rela\u00e7\u00e3o \u00e0 venda das principais estatais federais. Apesar de todo o desgaste na imagem da Petrobras, epicentro da Opera\u00e7\u00e3o Lava Jato, os brasileiros apoiam sua perman\u00eancia nas m\u00e3os do governo: 63,3% s\u00e3o contra sua privatiza\u00e7\u00e3o; 31,1%, a favor; e 5,6% n\u00e3o souberam ou n\u00e3o opinaram.<\/p>\n<p>A Empresa Brasileira de Correios e Tel\u00e9grafos tamb\u00e9m enfrentaria resist\u00eancias, caso o governo a transferisse para o controle privado: 62,4% s\u00e3o contra sua venda; 32,3%, a favor; e 5,3% n\u00e3o souberam ou n\u00e3o opinaram.<\/p>\n<p>A privatiza\u00e7\u00e3o dos bancos p\u00fablicos \u00e9 a que desperta maior rejei\u00e7\u00e3o. Quando indagados sobre uma eventual privatiza\u00e7\u00e3o do Banco do Brasil ou da Caixa Econ\u00f4mica, 67,5% dos participantes declararam-se contr\u00e1rios; outros 26,8% s\u00e3o a favor; e 5,7% n\u00e3o souberam ou n\u00e3o opinaram.<\/p>\n<p>Assim mesmo, a privataria 2.0 deve ser levada a cabo. Mesmo contra a vontade do povo. E n\u00e3o s\u00f3 pelo PMDB de Michel Temer; o PSDB, mais uma vez, est\u00e1 na contram\u00e3o da vontade popular e certamente estar\u00e1 apoiando outra grande queima de patrim\u00f4nio p\u00fablico.<\/p>\n<p>Eis que surge a pergunta: por que pol\u00edticos, que vivem da opini\u00e3o do eleitorado sobre si, afrontam com tanta desenvoltura \u00e0queles que podem aposent\u00e1-los?<\/p>\n<p>N\u00e3o \u00e9 dif\u00edcil entender por que. Certamente Temer, seu partido e os aliados tucanos esperam lucrar de outra forma que n\u00e3o atrav\u00e9s do voto popular. O que $er\u00e1 que o$ privateiro$ ir\u00e3o ganhar de$ta vez? Deve $er um pr\u00eamio muito bom para faz\u00ea-lo$ mandar o eleitorado pa$tar, n\u00e3o \u00e9 mesmo?<\/p>\n","protected":false},"excerpt":{"rendered":"<p>No Blog Da Cidadania, por Eduardo Guimar\u00e3es &#8211; Apesar de o ex-presidente da Rep\u00fablica Fernando Henrique Cardoso participar ativamente da pol\u00edtica brasileira emitindo opini\u00e3o sobre quase tudo, desde que deixou a Presid\u00eancia da Rep\u00fablica ele nunca mais foi inclu\u00eddo em uma pesquisa de inten\u00e7\u00e3o de voto para o cargo que ocupou entre 1995 e 2002.<\/p>\n","protected":false},"author":1,"featured_media":0,"comment_status":"closed","ping_status":"open","sticky":false,"template":"","format":"standard","meta":{"_exactmetrics_skip_tracking":false,"_exactmetrics_sitenote_active":false,"_exactmetrics_sitenote_note":"","_exactmetrics_sitenote_category":0,"jetpack_post_was_ever_published":false,"_jetpack_newsletter_access":"","_jetpack_dont_email_post_to_subs":false,"_jetpack_newsletter_tier_id":0,"_jetpack_memberships_contains_paywalled_content":false,"_jetpack_memberships_contains_paid_content":false,"footnotes":"","jetpack_publicize_message":"","jetpack_publicize_feature_enabled":true,"jetpack_social_post_already_shared":true,"jetpack_social_options":{"image_generator_settings":{"template":"highway","enabled":false},"version":2}},"categories":[1],"tags":[],"class_list":["post-13163","post","type-post","status-publish","format-standard","hentry","category-notas"],"jetpack_publicize_connections":[],"jetpack_sharing_enabled":true,"jetpack_featured_media_url":"","jetpack_shortlink":"https:\/\/wp.me\/p7wKYW-3qj","jetpack-related-posts":[],"_links":{"self":[{"href":"http:\/\/blogdalucianaoliveira.com.br\/blog\/wp-json\/wp\/v2\/posts\/13163","targetHints":{"allow":["GET"]}}],"collection":[{"href":"http:\/\/blogdalucianaoliveira.com.br\/blog\/wp-json\/wp\/v2\/posts"}],"about":[{"href":"http:\/\/blogdalucianaoliveira.com.br\/blog\/wp-json\/wp\/v2\/types\/post"}],"author":[{"embeddable":true,"href":"http:\/\/blogdalucianaoliveira.com.br\/blog\/wp-json\/wp\/v2\/users\/1"}],"replies":[{"embeddable":true,"href":"http:\/\/blogdalucianaoliveira.com.br\/blog\/wp-json\/wp\/v2\/comments?post=13163"}],"version-history":[{"count":1,"href":"http:\/\/blogdalucianaoliveira.com.br\/blog\/wp-json\/wp\/v2\/posts\/13163\/revisions"}],"predecessor-version":[{"id":13167,"href":"http:\/\/blogdalucianaoliveira.com.br\/blog\/wp-json\/wp\/v2\/posts\/13163\/revisions\/13167"}],"wp:attachment":[{"href":"http:\/\/blogdalucianaoliveira.com.br\/blog\/wp-json\/wp\/v2\/media?parent=13163"}],"wp:term":[{"taxonomy":"category","embeddable":true,"href":"http:\/\/blogdalucianaoliveira.com.br\/blog\/wp-json\/wp\/v2\/categories?post=13163"},{"taxonomy":"post_tag","embeddable":true,"href":"http:\/\/blogdalucianaoliveira.com.br\/blog\/wp-json\/wp\/v2\/tags?post=13163"}],"curies":[{"name":"wp","href":"https:\/\/api.w.org\/{rel}","templated":true}]}}