{"id":13168,"date":"2017-08-23T10:03:02","date_gmt":"2017-08-23T14:03:02","guid":{"rendered":"http:\/\/blogdalucianaoliveira.com.br\/blog\/?p=13168"},"modified":"2017-08-23T10:03:02","modified_gmt":"2017-08-23T14:03:02","slug":"cheguei-a-roubar-e-me-prostituir-as-historias-de-usuarios-de-crack-nas-classes-media-e-alta","status":"publish","type":"post","link":"http:\/\/blogdalucianaoliveira.com.br\/blog\/2017\/08\/23\/cheguei-a-roubar-e-me-prostituir-as-historias-de-usuarios-de-crack-nas-classes-media-e-alta\/","title":{"rendered":"&#8216;Cheguei a roubar e me prostituir&#8217;: as hist\u00f3rias de usu\u00e1rios de crack nas classes m\u00e9dia e alta"},"content":{"rendered":"<p><img data-recalc-dims=\"1\" loading=\"lazy\" decoding=\"async\" data-attachment-id=\"13173\" data-permalink=\"http:\/\/blogdalucianaoliveira.com.br\/blog\/2017\/08\/23\/cheguei-a-roubar-e-me-prostituir-as-historias-de-usuarios-de-crack-nas-classes-media-e-alta\/cra-2\/\" data-orig-file=\"https:\/\/i0.wp.com\/blogdalucianaoliveira.com.br\/blog\/wp-content\/uploads\/2017\/08\/cra.jpg?fit=660%2C391\" data-orig-size=\"660,391\" data-comments-opened=\"0\" data-image-meta=\"{&quot;aperture&quot;:&quot;0&quot;,&quot;credit&quot;:&quot;&quot;,&quot;camera&quot;:&quot;&quot;,&quot;caption&quot;:&quot;&quot;,&quot;created_timestamp&quot;:&quot;0&quot;,&quot;copyright&quot;:&quot;&quot;,&quot;focal_length&quot;:&quot;0&quot;,&quot;iso&quot;:&quot;0&quot;,&quot;shutter_speed&quot;:&quot;0&quot;,&quot;title&quot;:&quot;&quot;,&quot;orientation&quot;:&quot;0&quot;}\" data-image-title=\"cra\" data-image-description=\"\" data-image-caption=\"\" data-medium-file=\"https:\/\/i0.wp.com\/blogdalucianaoliveira.com.br\/blog\/wp-content\/uploads\/2017\/08\/cra.jpg?fit=300%2C178\" data-large-file=\"https:\/\/i0.wp.com\/blogdalucianaoliveira.com.br\/blog\/wp-content\/uploads\/2017\/08\/cra.jpg?fit=600%2C355\" src=\"https:\/\/i0.wp.com\/blogdalucianaoliveira.com.br\/blog\/wp-content\/uploads\/2017\/08\/cra.jpg?resize=600%2C355\" alt=\"cra\" width=\"600\" height=\"355\" class=\"alignnone size-full wp-image-13173\" srcset=\"https:\/\/i0.wp.com\/blogdalucianaoliveira.com.br\/blog\/wp-content\/uploads\/2017\/08\/cra.jpg?w=660 660w, https:\/\/i0.wp.com\/blogdalucianaoliveira.com.br\/blog\/wp-content\/uploads\/2017\/08\/cra.jpg?resize=300%2C178 300w, https:\/\/i0.wp.com\/blogdalucianaoliveira.com.br\/blog\/wp-content\/uploads\/2017\/08\/cra.jpg?resize=506%2C300 506w\" sizes=\"auto, (max-width: 600px) 100vw, 600px\" \/><\/p>\n<p>Da BBC Brasil em S\u00e3o Paulo, por Leticia Mori &#8211; Quando a mulher de M. saiu definitivamente pela porta da casa de alto padr\u00e3o na qual o casal vivia, o crack entrou na vida do ex-executivo de uma empresa multinacional.<br \/>\n&#8220;Eu cheirava (coca\u00edna) desde a faculdade e fazia v\u00e1rias merdas. Tra\u00ed tanto minha mulher que perdi a conta. Mas achava que tava tudo bem. Trabalhava, ganhava dinheiro, meus amigos tamb\u00e9m usavam&#8221;, diz M., que, na \u00e9poca, tinha 34 anos, fam\u00edlia rica e carreira bem sucedida.<!--more--><\/p>\n<p>Com a crise no casamento, ele intensificou o uso de coca\u00edna. Mas n\u00e3o parou nisso. Com um sal\u00e1rio de R$ 40 mil por m\u00eas, M. tinha acesso f\u00e1cil a qualquer tipo de entorpecente.<br \/>\n&#8220;Usava bala (ecstasy), K (quetamina, um anest\u00e9sico), flatliner (um tipo de anfetamina sint\u00e9tica), tudo o que aparecesse. At\u00e9 chegar no crack&#8221;, diz ele.<br \/>\nA primeira pedra lhe chegou por meio de um amigo da faculdade que trabalhava no mercado financeiro. M. usou crack eventualmente durante quase dois anos at\u00e9, em suas palavras, &#8220;perder o controle&#8221;.<\/p>\n<p><img data-recalc-dims=\"1\" loading=\"lazy\" decoding=\"async\" data-attachment-id=\"13169\" data-permalink=\"http:\/\/blogdalucianaoliveira.com.br\/blog\/2017\/08\/23\/cheguei-a-roubar-e-me-prostituir-as-historias-de-usuarios-de-crack-nas-classes-media-e-alta\/cra1\/\" data-orig-file=\"https:\/\/i0.wp.com\/blogdalucianaoliveira.com.br\/blog\/wp-content\/uploads\/2017\/08\/cra1.jpg?fit=624%2C624\" data-orig-size=\"624,624\" data-comments-opened=\"0\" data-image-meta=\"{&quot;aperture&quot;:&quot;0&quot;,&quot;credit&quot;:&quot;&quot;,&quot;camera&quot;:&quot;&quot;,&quot;caption&quot;:&quot;&quot;,&quot;created_timestamp&quot;:&quot;0&quot;,&quot;copyright&quot;:&quot;&quot;,&quot;focal_length&quot;:&quot;0&quot;,&quot;iso&quot;:&quot;0&quot;,&quot;shutter_speed&quot;:&quot;0&quot;,&quot;title&quot;:&quot;&quot;,&quot;orientation&quot;:&quot;0&quot;}\" data-image-title=\"cra1\" data-image-description=\"\" data-image-caption=\"\" data-medium-file=\"https:\/\/i0.wp.com\/blogdalucianaoliveira.com.br\/blog\/wp-content\/uploads\/2017\/08\/cra1.jpg?fit=300%2C300\" data-large-file=\"https:\/\/i0.wp.com\/blogdalucianaoliveira.com.br\/blog\/wp-content\/uploads\/2017\/08\/cra1.jpg?fit=600%2C600\" src=\"https:\/\/i0.wp.com\/blogdalucianaoliveira.com.br\/blog\/wp-content\/uploads\/2017\/08\/cra1.jpg?resize=600%2C600\" alt=\"cra1\" width=\"600\" height=\"600\" class=\"alignnone size-full wp-image-13169\" srcset=\"https:\/\/i0.wp.com\/blogdalucianaoliveira.com.br\/blog\/wp-content\/uploads\/2017\/08\/cra1.jpg?w=624 624w, https:\/\/i0.wp.com\/blogdalucianaoliveira.com.br\/blog\/wp-content\/uploads\/2017\/08\/cra1.jpg?resize=150%2C150 150w, https:\/\/i0.wp.com\/blogdalucianaoliveira.com.br\/blog\/wp-content\/uploads\/2017\/08\/cra1.jpg?resize=300%2C300 300w\" sizes=\"auto, (max-width: 600px) 100vw, 600px\" \/><\/p>\n<p>Por causa da droga, M. perdeu o emprego, os tr\u00eas carros de luxo que tinha, os amigos. Se endividou, vendeu eletrodom\u00e9sticos, rel\u00f3gios e at\u00e9 seus ternos. Teve surtos psic\u00f3ticos, contraiu s\u00edfilis e hepatite C e teve problemas com a justi\u00e7a por ter batido na ex-mulher. &#8220;Levava desconhecidos e prostitutas para casa e me trancava para fumar durantes dias&#8221;, conta.<br \/>\nMas nunca ficou sem lugar para morar nem chegou a passar temporadas nas ruas, junto com outros usu\u00e1rios.<br \/>\n&#8220;Comigo n\u00e3o foi aquela coisa que falam, que voc\u00ea fuma duas vezes e vai parar na cracol\u00e2ndia. Tem muita gente (nas classes mais altas) que usa durante um temp\u00e3o e voc\u00ea n\u00e3o sabe, porque ningu\u00e9m fala&#8221;, diz ele.<br \/>\nAntes que algo pior acontecesse, o pai e o irm\u00e3o de M. o internaram em uma comunidade terap\u00eautica na cidade de Vera Cruz, no interior de S\u00e3o Paulo.<br \/>\nS\u00f3brio h\u00e1 mais de dez anos, depois de diversas interna\u00e7\u00f5es, M. n\u00e3o bebe nem \u00e1lcool (&#8220;sen\u00e3o eu volto com tudo&#8221;) e tem um pequeno neg\u00f3cio que administra com aux\u00edlio do irm\u00e3o.<br \/>\nV\u00edcio Alastrado<br \/>\nEmbora exista a ideia de que crack \u00e9 uma droga de baixo custo, restrita \u00e0s classes mais baixas, trajet\u00f3rias como a de M. s\u00e3o comuns entre os pacientes da Cl\u00ednica Greenwood. No espa\u00e7o, localizado nos Jardins, bairro nobre da capital paulista, o tratamento chega a custar mais de R$ 12 mil por m\u00eas. Na unidade de Itapecirica da Serra, onde h\u00e1 interna\u00e7\u00e3o, o tratamento chega a custar R$ 30 mil \u2013 o local ficou conhecido por ter abrigado celebridades como o ator F\u00e1bio Assun\u00e7\u00e3o e o ex-jogador e comentarista de futebol Walter Casagrande J\u00fanior.<br \/>\n&#8220;A pessoa n\u00e3o procura droga pelo pre\u00e7o, mas pelo efeito&#8221;, diz Pablo Roig, diretor da unidade da Greenwood nos Jardins. &#8220;O crack provoca uma descarga brutal de dopamina (horm\u00f4nio ligado \u00e0 sensa\u00e7\u00e3o de prazer) na \u00e1rea de recompensa do c\u00e9rebro. Em uma situa\u00e7\u00e3o normal de prazer, como durante o sexo, voc\u00ea pode ter um aumento de 100%. A coca\u00edna provoca aumento de 400%. Com o uso de crack, h\u00e1 um aumento de 1100%&#8221;, explica ele, com base em dados do NIDA (National Institute on Drug Abuse), \u00f3rg\u00e3o americano que estuda e combate o uso de drogas.<br \/>\nAl\u00e9m disso, segundo Roig, como o efeito do crack passa cada vez mais r\u00e1pido, o volume consumido tamb\u00e9m cresce vertiginosamente, o que torna caro o v\u00edcio na droga.<br \/>\n&#8220;Tive um paciente que chegou a usar 100 pedras num dia. Se uma pedra custa cerca de R$ 10, isso d\u00e1 R$ 1 mil. N\u00e3o \u00e9 barato&#8221;, afirma. &#8220;Quem \u00e9 pobre s\u00f3 consegue manter o v\u00edcio roubando, se prostituindo, catando latinha.&#8221;<\/p>\n<p><img data-recalc-dims=\"1\" loading=\"lazy\" decoding=\"async\" data-attachment-id=\"13170\" data-permalink=\"http:\/\/blogdalucianaoliveira.com.br\/blog\/2017\/08\/23\/cheguei-a-roubar-e-me-prostituir-as-historias-de-usuarios-de-crack-nas-classes-media-e-alta\/cra2\/\" data-orig-file=\"https:\/\/i0.wp.com\/blogdalucianaoliveira.com.br\/blog\/wp-content\/uploads\/2017\/08\/cra2.jpg?fit=624%2C351\" data-orig-size=\"624,351\" data-comments-opened=\"0\" data-image-meta=\"{&quot;aperture&quot;:&quot;0&quot;,&quot;credit&quot;:&quot;&quot;,&quot;camera&quot;:&quot;&quot;,&quot;caption&quot;:&quot;&quot;,&quot;created_timestamp&quot;:&quot;0&quot;,&quot;copyright&quot;:&quot;&quot;,&quot;focal_length&quot;:&quot;0&quot;,&quot;iso&quot;:&quot;0&quot;,&quot;shutter_speed&quot;:&quot;0&quot;,&quot;title&quot;:&quot;&quot;,&quot;orientation&quot;:&quot;0&quot;}\" data-image-title=\"cra2\" data-image-description=\"\" data-image-caption=\"\" data-medium-file=\"https:\/\/i0.wp.com\/blogdalucianaoliveira.com.br\/blog\/wp-content\/uploads\/2017\/08\/cra2.jpg?fit=300%2C169\" data-large-file=\"https:\/\/i0.wp.com\/blogdalucianaoliveira.com.br\/blog\/wp-content\/uploads\/2017\/08\/cra2.jpg?fit=600%2C338\" src=\"https:\/\/i0.wp.com\/blogdalucianaoliveira.com.br\/blog\/wp-content\/uploads\/2017\/08\/cra2.jpg?resize=600%2C338\" alt=\"cra2\" width=\"600\" height=\"338\" class=\"alignnone size-full wp-image-13170\" srcset=\"https:\/\/i0.wp.com\/blogdalucianaoliveira.com.br\/blog\/wp-content\/uploads\/2017\/08\/cra2.jpg?w=624 624w, https:\/\/i0.wp.com\/blogdalucianaoliveira.com.br\/blog\/wp-content\/uploads\/2017\/08\/cra2.jpg?resize=300%2C169 300w, https:\/\/i0.wp.com\/blogdalucianaoliveira.com.br\/blog\/wp-content\/uploads\/2017\/08\/cra2.jpg?resize=533%2C300 533w\" sizes=\"auto, (max-width: 600px) 100vw, 600px\" \/><br \/>\nEntrada da unidade de Itapecerica da Serra da Cl\u00ednica GreenwoodDireito de imagem<\/p>\n<p>Segundo Pablo Roig, diretor do hospital-dia da Greenwood, cerca de 50% dos pacientes atualmente em tratamento no local usam ou j\u00e1 usaram crack em algum momento.<br \/>\nUm dos principais pesquisadores do assunto no Brasil, o psiquiatra Dartiu Xavier, coordenador do Programa de Orienta\u00e7\u00e3o e Assist\u00eancia a Dependentes da Unifesp, diz que come\u00e7ou a perceber a dissemina\u00e7\u00e3o do crack nas classe m\u00e9dia e alta por volta dos anos 2000. Acredita-se que a pedra chegou ao Brasil por volta de 1987.<br \/>\nTodas as Classes<br \/>\nO m\u00e9dico Elton Kanomata, diretor do departamento de psiquiatria do Hospital Israelita Albert Einstein, em SP, explica que a droga atinge todas as classes sociais, mas seu uso acaba menos notado nas classes mais altas por causa das estruturas de apoio dispon\u00edvel para essas pessoas.<br \/>\n&#8220;Costuma haver mais suporte familiar, de amigos. Por ter mais acesso \u00e0 informa\u00e7\u00e3o e maior escolaridade, essas pessoas tamb\u00e9m tendem a procurar ajuda antes de ir parar na rua&#8221;, diz ele.<br \/>\nOs pacientes usu\u00e1rios de crack que o hospital recebe, segundo Kanomata, em geral s\u00e3o atendidos por conta das consequ\u00eancia cl\u00ednicas do abuso da subst\u00e2ncia. &#8220;T\u00eam problemas respirat\u00f3rios, dores inespec\u00edficas pelo corpo, arritmia, infarto. \u00c9 muito comum tamb\u00e9m quadros psic\u00f3ticos induzidos pela subst\u00e2ncia&#8221;, diz ele.<\/p>\n<p><img data-recalc-dims=\"1\" loading=\"lazy\" decoding=\"async\" data-attachment-id=\"13171\" data-permalink=\"http:\/\/blogdalucianaoliveira.com.br\/blog\/2017\/08\/23\/cheguei-a-roubar-e-me-prostituir-as-historias-de-usuarios-de-crack-nas-classes-media-e-alta\/cra3\/\" data-orig-file=\"https:\/\/i0.wp.com\/blogdalucianaoliveira.com.br\/blog\/wp-content\/uploads\/2017\/08\/cra3.jpg?fit=624%2C351\" data-orig-size=\"624,351\" data-comments-opened=\"0\" data-image-meta=\"{&quot;aperture&quot;:&quot;0&quot;,&quot;credit&quot;:&quot;&quot;,&quot;camera&quot;:&quot;&quot;,&quot;caption&quot;:&quot;&quot;,&quot;created_timestamp&quot;:&quot;0&quot;,&quot;copyright&quot;:&quot;&quot;,&quot;focal_length&quot;:&quot;0&quot;,&quot;iso&quot;:&quot;0&quot;,&quot;shutter_speed&quot;:&quot;0&quot;,&quot;title&quot;:&quot;&quot;,&quot;orientation&quot;:&quot;0&quot;}\" data-image-title=\"cra3\" data-image-description=\"\" data-image-caption=\"\" data-medium-file=\"https:\/\/i0.wp.com\/blogdalucianaoliveira.com.br\/blog\/wp-content\/uploads\/2017\/08\/cra3.jpg?fit=300%2C169\" data-large-file=\"https:\/\/i0.wp.com\/blogdalucianaoliveira.com.br\/blog\/wp-content\/uploads\/2017\/08\/cra3.jpg?fit=600%2C338\" src=\"https:\/\/i0.wp.com\/blogdalucianaoliveira.com.br\/blog\/wp-content\/uploads\/2017\/08\/cra3.jpg?resize=600%2C338\" alt=\"cra3\" width=\"600\" height=\"338\" class=\"alignnone size-full wp-image-13171\" srcset=\"https:\/\/i0.wp.com\/blogdalucianaoliveira.com.br\/blog\/wp-content\/uploads\/2017\/08\/cra3.jpg?w=624 624w, https:\/\/i0.wp.com\/blogdalucianaoliveira.com.br\/blog\/wp-content\/uploads\/2017\/08\/cra3.jpg?resize=300%2C169 300w, https:\/\/i0.wp.com\/blogdalucianaoliveira.com.br\/blog\/wp-content\/uploads\/2017\/08\/cra3.jpg?resize=533%2C300 533w\" sizes=\"auto, (max-width: 600px) 100vw, 600px\" \/><\/p>\n<p>A Casa de Sa\u00fade S\u00e3o Jo\u00e3o de Deus, na zona oeste de SP, atende pacientes de diferentes classes sociais. O custeio do tratamento pode ser feito pela fam\u00edlia do dependente ou por meio de conv\u00eanio particular ou do SUS. As mensalidades do tratamento para particulares custam em torno de R$ 5 mil.<br \/>\n&#8220;O crack atinge todas as classes, todas as profiss\u00f5es. J\u00e1 tratamos professores universit\u00e1rios, empres\u00e1rios, advogados, artistas. Tive (um paciente que era) m\u00e9dico neurologista&#8221;, diz Vanessa Cavalcante, diretora do hospital.<br \/>\n&#8220;A cracol\u00e2ndia \u00e9 a faceta mais vis\u00edvel do problema porque ali est\u00e3o as pessoas em maior situa\u00e7\u00e3o de vulnerabilidade. Ali tem uma conjun\u00e7\u00e3o de fatores, n\u00e3o \u00e9 s\u00f3 a droga, s\u00e3o quest\u00f5es sociais, psicol\u00f3gicas, pol\u00edticas, de sa\u00fade&#8221;, diz ela.<br \/>\nDe acordo com uma pesquisa da Fiocruz de 2013 &#8211; uma das mais recentes com cobertura nacional -, a m\u00e9dia de tempo de uso entre dependentes de crack \u00e9 de 8 anos.<br \/>\nCavalcante diz que o efeito \u00e9 muito individual \u2014algumas pessoas sustentam o v\u00edcio durante anos. &#8220;Para outras, basta dois ou tr\u00eas usos antes de atingir o fundo do po\u00e7o&#8221;, conta.<br \/>\nSegredo corrosivo<br \/>\n&#8220;\u00c9 um tabu, um estigma, voc\u00ea n\u00e3o conta para ningu\u00e9m&#8221;, diz G., que \u00e9 historiador e professor. &#8220;Minha namorada acha at\u00e9 hoje que meus problemas eram com coca\u00edna. Nunca disse para ela que era crack.&#8221;<br \/>\nFilho de um oficial militar, G. mudou v\u00e1rias vezes de cidade enquanto crescia em fun\u00e7\u00e3o do trabalho do pai. Em S\u00e3o Paulo, experimentou crack algumas vezes quando estava na faculdade, no fim dos anos 1980. &#8220;Nessa \u00e9poca ainda n\u00e3o se falava tanto dos efeitos, de como ele te destr\u00f3i&#8221;. Usu\u00e1rio de \u00e1lcool e maconha, ficou longe da droga nos anos em que morou com a fam\u00edlia em Bras\u00edlia &#8211; o crack ainda n\u00e3o havia se espalhado pelo Brasil.<br \/>\nA volta \u00e0 capital paulista, nos anos 1990, tamb\u00e9m representou o retorno \u00e0 pedra. &#8220;Eu tenho tend\u00eancia ao v\u00edcio, sempre tive, sempre abusei. Um dia fui na biqueira comprar maconha e n\u00e3o tinha. Mas me ofereceram crack, eu tava tendo crise de abstin\u00eancia, precisava de alguma coisa. Da\u00ed foi ladeira abaixo&#8221;, conta ele.<br \/>\nComo era professor concursado, demorou para perder o emprego. &#8220;Eu sa\u00eda do trabalho e passava na biqueira. Chegava em casa e fumava uma pedra atr\u00e1s da outra, at\u00e9 o dia seguinte, quando tinha que sair de novo.&#8221;<br \/>\nDepois come\u00e7ou a faltar \u00e0s aulas &#8211; chegou a ficar tr\u00eas dias trancado em casa em uso cont\u00ednuo, s\u00f3 sa\u00eda para comprar mais pedras. Quando finalmente foi demitido, passou a vender tudo o que tinha. &#8220;Uma vez fui de moto e o dono da boca quis compr\u00e1-la. Me deu uns R$ 5 mil em dinheiro e R$ 3 mil em pedras. Depois que a droga acabou, voltei l\u00e1 gastei o resto do dinheiro em pedra tamb\u00e9m&#8221;, diz.<\/p>\n<p>Seus pais o internaram diversas vezes e o levaram de volta para Bras\u00edlia. Depois do tratamento, ele melhorava por um tempo. &#8220;Eu ficava s\u00f3brio, arrumava emprego para tentar recome\u00e7ar. Mas eram uns bicos que pagavam muito mal. Ficava deprimido com aquela vida e acabava voltando a usar&#8221;.<br \/>\nEm uma de suas reca\u00eddas, fugiu de casa e morou um tempo na rua. &#8220;Cheguei a roubar e me prostituir, mas me sentia muito mal. Ent\u00e3o o que eu mais fazia era catar latinha&#8221;, conta.<br \/>\nDepois de quase duas d\u00e9cadas de esfor\u00e7os, conseguiu melhorar quando, durante um ano de sobriedade, come\u00e7ou um relacionamento s\u00e9rio e passou em um concurso para professor.<br \/>\nChegou a recair depois, mas a namorada \u2014 que at\u00e9 hoje n\u00e3o sabe que ele usava crack \u2014 o ajudou com a redu\u00e7\u00e3o de danos. &#8220;Eu substitui o crack por maconha. Ajudou. Porque, por pior que seja, permitia que eu tivesse uma vida funcional&#8221;, diz ele. Era a companheira que conseguia maconha para G. &#8220;Eu n\u00e3o queria ir comprar porque sabia que, se eu fosse, voltaria com uma pedra.&#8221;<\/p>\n<p>&#8220;At\u00e9 hoje eu tenho vontade, mas resisto, porque hoje tenho muito o que perder. O mais dif\u00edcil quando voc\u00ea est\u00e1 no fundo do po\u00e7o \u00e9 ter esperan\u00e7a de que \u00e9 poss\u00edvel sair do buraco. Tem um momento em que voc\u00ea n\u00e3o tem mais nada, \u00e9 um caminho de morte. N\u00e3o tem porque voc\u00ea se esfor\u00e7ar para sair porque n\u00e3o t\u00eam para o que voltar. Ent\u00e3o gosto de contar minha hist\u00f3ria para que as pessoas vejam que \u00e9 poss\u00edvel melhorar, \u00e9 poss\u00edvel recuperar uma parte da sua vida&#8221;, afirma.<br \/>\nO pesquisador Dartiu Xavier corrobora o pensamento de G. Para o especialista, n\u00e3o basta tratar apenas o v\u00edcio, mas o motivo que levou a pessoa \u00e0quela situa\u00e7\u00e3o: &#8220;Se voc\u00ea n\u00e3o descobrir a quest\u00e3o de fundo de cada indiv\u00edduo e tratar isso, ele vai ficar tendo reca\u00eddas&#8221;.<br \/>\nNa experi\u00eancia cl\u00ednica de Pablo Roig, uma s\u00e9rie de motiva\u00e7\u00f5es s\u00e3o elencadas pelos pacientes para justificar o uso de crack: h\u00e1 quem comece de maneira recreativa, os que tentam superar uma trag\u00e9dia familiar, uma morte ou separa\u00e7\u00e3o, aqueles que lutam contra a depress\u00e3o e a ansiedade. &#8220;Muita gente j\u00e1 tem um hist\u00f3rico familiar de abuso de subst\u00e2ncias, usava drogas na adolesc\u00eancia. Isso afeta o desenvolvimento do c\u00e9rebro e deixa a pessoa suscet\u00edvel a querer um prazer imediato e n\u00e3o pensar nas consequ\u00eancias&#8221;, diz o especialista.<br \/>\nFeridas p\u00fablicas<br \/>\n&#8220;As pessoas acham que \u00e9 droga de pobre, mas meu pai come\u00e7ou a usar nos Estados Unidos, com artistas&#8221;, diz Isabella Lemos de Moraes. Filha do empres\u00e1rio Jo\u00e3o Fl\u00e1vio Lemos de Moraes, ela lida at\u00e9 hoje com as marcas que o v\u00edcio do pai deixou na fam\u00edlia.<br \/>\nJo\u00e3o Fl\u00e1vio era um dos homens mais ricos do Brasil nos anos 1980, \u00e0 frente do grupo Supergasbras. Era amigo de Roberto Carlos, foi capa de revistas e se mudou para os Estados Unidos por ter recebido amea\u00e7as de sequestros. L\u00e1 fez amizade com artistas de Beverly Hills e come\u00e7ou a usar crack.<br \/>\nMuita coisa mudou na vida de Isabella desde que ela escreveu o livro Agora \u00e9 Viver, em 2013, contando as dificuldades pelas quais passou.<\/p>\n<p><img data-recalc-dims=\"1\" loading=\"lazy\" decoding=\"async\" data-attachment-id=\"13172\" data-permalink=\"http:\/\/blogdalucianaoliveira.com.br\/blog\/2017\/08\/23\/cheguei-a-roubar-e-me-prostituir-as-historias-de-usuarios-de-crack-nas-classes-media-e-alta\/cra4\/\" data-orig-file=\"https:\/\/i0.wp.com\/blogdalucianaoliveira.com.br\/blog\/wp-content\/uploads\/2017\/08\/cra4.jpg?fit=624%2C624\" data-orig-size=\"624,624\" data-comments-opened=\"0\" data-image-meta=\"{&quot;aperture&quot;:&quot;0&quot;,&quot;credit&quot;:&quot;&quot;,&quot;camera&quot;:&quot;&quot;,&quot;caption&quot;:&quot;&quot;,&quot;created_timestamp&quot;:&quot;0&quot;,&quot;copyright&quot;:&quot;&quot;,&quot;focal_length&quot;:&quot;0&quot;,&quot;iso&quot;:&quot;0&quot;,&quot;shutter_speed&quot;:&quot;0&quot;,&quot;title&quot;:&quot;&quot;,&quot;orientation&quot;:&quot;0&quot;}\" data-image-title=\"cra4\" data-image-description=\"\" data-image-caption=\"\" data-medium-file=\"https:\/\/i0.wp.com\/blogdalucianaoliveira.com.br\/blog\/wp-content\/uploads\/2017\/08\/cra4.jpg?fit=300%2C300\" data-large-file=\"https:\/\/i0.wp.com\/blogdalucianaoliveira.com.br\/blog\/wp-content\/uploads\/2017\/08\/cra4.jpg?fit=600%2C600\" src=\"https:\/\/i0.wp.com\/blogdalucianaoliveira.com.br\/blog\/wp-content\/uploads\/2017\/08\/cra4.jpg?resize=600%2C600\" alt=\"cra4\" width=\"600\" height=\"600\" class=\"alignnone size-full wp-image-13172\" srcset=\"https:\/\/i0.wp.com\/blogdalucianaoliveira.com.br\/blog\/wp-content\/uploads\/2017\/08\/cra4.jpg?w=624 624w, https:\/\/i0.wp.com\/blogdalucianaoliveira.com.br\/blog\/wp-content\/uploads\/2017\/08\/cra4.jpg?resize=150%2C150 150w, https:\/\/i0.wp.com\/blogdalucianaoliveira.com.br\/blog\/wp-content\/uploads\/2017\/08\/cra4.jpg?resize=300%2C300 300w\" sizes=\"auto, (max-width: 600px) 100vw, 600px\" \/><\/p>\n<p>&#8220;Hoje em dia minha fam\u00edlia tem mais coragem de se expor, de procurar ajuda. Minha irm\u00e3 tem menos vergonha de falar que \u00e9 uma adicta em recupera\u00e7\u00e3o&#8221;, conta ela, que nunca se envolveu com nenhum entorpecente.<br \/>\nA irm\u00e3, Daniela, tinha 14 anos quando pegou um cachimbo que o pai havia deixado largado e come\u00e7ou usar crack. Relatos sobre a situa\u00e7\u00e3o da fam\u00edlia come\u00e7aram a se espalhar.<br \/>\n&#8220;As pessoas imaginavam que era pior do que realmente era. Como meu pai usava drogas com a minha irm\u00e3, as pessoas imaginavam que poderia ter tido algum tipo de abuso sexual, o que n\u00e3o aconteceu&#8221;, diz ela. &#8220;Mas teve muita coisa ruim&#8221;.<br \/>\nEntre os epis\u00f3dios mais tristes, Isabella rememora a vez em que o pai chegou a apontar uma arma para as filhas durante uma crise.<br \/>\nAt\u00e9 hoje Isabella mant\u00e9m uma rela\u00e7\u00e3o dif\u00edcil com o pai &#8220;N\u00e3o sei se ele est\u00e1 s\u00f3brio ou n\u00e3o, porque evito ficar muito pr\u00f3xima. Quem convive com um dependente qu\u00edmico fica doente tamb\u00e9m, porque voc\u00ea passa a organizar toda a sua vida de acordo com a necessidade. \u00c9 o que a gente chama de codepend\u00eancia&#8221;, explica ela, que teve anoxeria e bulimia em decorr\u00eancia dos problemas familiares. &#8220;At\u00e9 hoje eu luto para superar a codepend\u00eancia.&#8221;<br \/>\nMedo da morte<br \/>\nEx-funcion\u00e1rio p\u00fablico, J. trata seu v\u00edcio na Casa de Sa\u00fade S\u00e3o Jo\u00e3o de Deus. Ele j\u00e1 se internou no hospital mais de vinte vezes.<br \/>\n&#8220;Casei cedo e n\u00e3o soube levar o relacionamento. Comecei a beber muito para lidar com coisas que s\u00f3brio eu n\u00e3o conseguia&#8221;, diz ele, tentando conter o tremor nas m\u00e3os.<br \/>\nO alcoolismo se transformou em um v\u00edcio em coca\u00edna. Quando J. come\u00e7ou a usar crack, j\u00e1 tinha tido uma overdose por cheirar mais de 20 gramas de uma vez.<br \/>\n&#8220;Depois de ir pro hospital aumentei o uso, mas n\u00e3o tinha mais acesso t\u00e3o f\u00e1cil pois tinha separado da minha namorada, que me fornecia. A coca\u00edna n\u00e3o prestava, n\u00e3o prestava (n\u00e3o dava a mesma sensa\u00e7\u00e3o), a\u00ed eu peguei o crack&#8221;, conta.<br \/>\nJ. vendeu boa parte de suas coisas para sustentar o v\u00edcio, mas n\u00e3o ficou na rua porque morava com a m\u00e3e. &#8220;Vi amigos meus morrerem usando crack, na minha frente. Vi a pessoa come\u00e7ar a tremer, tremer, sair sangue do olho, nariz, boca, de tudo quanto \u00e9 orif\u00edcio que voc\u00ea pode imaginar&#8221;, diz J.<br \/>\nCerta vez, em uma crise de abstin\u00eancia, socou uma porta de vidro. Os cacos rasgaram seu bra\u00e7o e cortaram os tend\u00f5es. &#8220;Me disseram que ficou pendurado, mas eu n\u00e3o vi porque desmaiei. Quase perdi o bra\u00e7o, s\u00f3 agora recuperei os movimentos, e n\u00e3o foi totalmente.&#8221;<br \/>\nNos dez anos em que ficou indo e voltando de interna\u00e7\u00f5es, a motiva\u00e7\u00e3o para procurar tratamento foi sempre a mesma: medo de morrer. &#8220;Acontece que medo de morrer faz voc\u00ea come\u00e7ar o tratamento, mas n\u00e3o continuar. Para continuar precisa ter vontade de viver&#8221;, diz.<\/p>\n","protected":false},"excerpt":{"rendered":"<p>Da BBC Brasil em S\u00e3o Paulo, por Leticia Mori &#8211; Quando a mulher de M. saiu definitivamente pela porta da casa de alto padr\u00e3o na qual o casal vivia, o crack entrou na vida do ex-executivo de uma empresa multinacional. &#8220;Eu cheirava (coca\u00edna) desde a faculdade e fazia v\u00e1rias merdas. Tra\u00ed tanto minha mulher que&#8230;<a class=\"more-link\" href=\"http:\/\/blogdalucianaoliveira.com.br\/blog\/2017\/08\/23\/cheguei-a-roubar-e-me-prostituir-as-historias-de-usuarios-de-crack-nas-classes-media-e-alta\/\">Continue a leitura <span class=\"meta-nav\">&raquo;<\/span><\/a><\/p>\n","protected":false},"author":1,"featured_media":0,"comment_status":"closed","ping_status":"open","sticky":false,"template":"","format":"standard","meta":{"_exactmetrics_skip_tracking":false,"_exactmetrics_sitenote_active":false,"_exactmetrics_sitenote_note":"","_exactmetrics_sitenote_category":0,"jetpack_post_was_ever_published":false,"_jetpack_newsletter_access":"","_jetpack_dont_email_post_to_subs":false,"_jetpack_newsletter_tier_id":0,"_jetpack_memberships_contains_paywalled_content":false,"_jetpack_memberships_contains_paid_content":false,"footnotes":"","jetpack_publicize_message":"","jetpack_publicize_feature_enabled":true,"jetpack_social_post_already_shared":true,"jetpack_social_options":{"image_generator_settings":{"template":"highway","enabled":false},"version":2}},"categories":[1],"tags":[312,311,310],"class_list":["post-13168","post","type-post","status-publish","format-standard","hentry","category-notas","tag-classe-media","tag-crack","tag-drogas"],"jetpack_publicize_connections":[],"jetpack_sharing_enabled":true,"jetpack_featured_media_url":"","jetpack_shortlink":"https:\/\/wp.me\/p7wKYW-3qo","jetpack-related-posts":[],"_links":{"self":[{"href":"http:\/\/blogdalucianaoliveira.com.br\/blog\/wp-json\/wp\/v2\/posts\/13168","targetHints":{"allow":["GET"]}}],"collection":[{"href":"http:\/\/blogdalucianaoliveira.com.br\/blog\/wp-json\/wp\/v2\/posts"}],"about":[{"href":"http:\/\/blogdalucianaoliveira.com.br\/blog\/wp-json\/wp\/v2\/types\/post"}],"author":[{"embeddable":true,"href":"http:\/\/blogdalucianaoliveira.com.br\/blog\/wp-json\/wp\/v2\/users\/1"}],"replies":[{"embeddable":true,"href":"http:\/\/blogdalucianaoliveira.com.br\/blog\/wp-json\/wp\/v2\/comments?post=13168"}],"version-history":[{"count":1,"href":"http:\/\/blogdalucianaoliveira.com.br\/blog\/wp-json\/wp\/v2\/posts\/13168\/revisions"}],"predecessor-version":[{"id":13174,"href":"http:\/\/blogdalucianaoliveira.com.br\/blog\/wp-json\/wp\/v2\/posts\/13168\/revisions\/13174"}],"wp:attachment":[{"href":"http:\/\/blogdalucianaoliveira.com.br\/blog\/wp-json\/wp\/v2\/media?parent=13168"}],"wp:term":[{"taxonomy":"category","embeddable":true,"href":"http:\/\/blogdalucianaoliveira.com.br\/blog\/wp-json\/wp\/v2\/categories?post=13168"},{"taxonomy":"post_tag","embeddable":true,"href":"http:\/\/blogdalucianaoliveira.com.br\/blog\/wp-json\/wp\/v2\/tags?post=13168"}],"curies":[{"name":"wp","href":"https:\/\/api.w.org\/{rel}","templated":true}]}}