{"id":13178,"date":"2017-08-23T13:51:03","date_gmt":"2017-08-23T17:51:03","guid":{"rendered":"http:\/\/blogdalucianaoliveira.com.br\/blog\/?p=13178"},"modified":"2017-08-23T13:51:03","modified_gmt":"2017-08-23T17:51:03","slug":"gilmar-mendes-nao-tem-mais-condicoes-eticas-de-continuar-como-ministro-do-stf","status":"publish","type":"post","link":"http:\/\/blogdalucianaoliveira.com.br\/blog\/2017\/08\/23\/gilmar-mendes-nao-tem-mais-condicoes-eticas-de-continuar-como-ministro-do-stf\/","title":{"rendered":"Gilmar Mendes n\u00e3o tem mais condi\u00e7\u00f5es \u00e9ticas de continuar como ministro do STF"},"content":{"rendered":"<p><img data-recalc-dims=\"1\" loading=\"lazy\" decoding=\"async\" data-attachment-id=\"13179\" data-permalink=\"http:\/\/blogdalucianaoliveira.com.br\/blog\/2017\/08\/23\/gilmar-mendes-nao-tem-mais-condicoes-eticas-de-continuar-como-ministro-do-stf\/gil-5\/\" data-orig-file=\"https:\/\/i0.wp.com\/blogdalucianaoliveira.com.br\/blog\/wp-content\/uploads\/2017\/08\/gil.jpg?fit=640%2C360\" data-orig-size=\"640,360\" data-comments-opened=\"0\" data-image-meta=\"{&quot;aperture&quot;:&quot;0&quot;,&quot;credit&quot;:&quot;&quot;,&quot;camera&quot;:&quot;&quot;,&quot;caption&quot;:&quot;&quot;,&quot;created_timestamp&quot;:&quot;0&quot;,&quot;copyright&quot;:&quot;&quot;,&quot;focal_length&quot;:&quot;0&quot;,&quot;iso&quot;:&quot;0&quot;,&quot;shutter_speed&quot;:&quot;0&quot;,&quot;title&quot;:&quot;&quot;,&quot;orientation&quot;:&quot;0&quot;}\" data-image-title=\"gil\" data-image-description=\"\" data-image-caption=\"\" data-medium-file=\"https:\/\/i0.wp.com\/blogdalucianaoliveira.com.br\/blog\/wp-content\/uploads\/2017\/08\/gil.jpg?fit=300%2C169\" data-large-file=\"https:\/\/i0.wp.com\/blogdalucianaoliveira.com.br\/blog\/wp-content\/uploads\/2017\/08\/gil.jpg?fit=600%2C338\" src=\"https:\/\/i0.wp.com\/blogdalucianaoliveira.com.br\/blog\/wp-content\/uploads\/2017\/08\/gil.jpg?resize=600%2C338\" alt=\"gil\" width=\"600\" height=\"338\" class=\"alignnone size-full wp-image-13179\" srcset=\"https:\/\/i0.wp.com\/blogdalucianaoliveira.com.br\/blog\/wp-content\/uploads\/2017\/08\/gil.jpg?w=640 640w, https:\/\/i0.wp.com\/blogdalucianaoliveira.com.br\/blog\/wp-content\/uploads\/2017\/08\/gil.jpg?resize=300%2C169 300w, https:\/\/i0.wp.com\/blogdalucianaoliveira.com.br\/blog\/wp-content\/uploads\/2017\/08\/gil.jpg?resize=533%2C300 533w\" sizes=\"auto, (max-width: 600px) 100vw, 600px\" \/><\/p>\n<p>No Brasil de Fato, por M\u00e1rio Augusto Jakobskind &#8211; O que se pode esperar de uma justi\u00e7a cujo ministro do Supremo Tribunal Federal (STF), Gilmar Mendes, padrinho de casamento da filha do acusado de corrup\u00e7\u00e3o Jacob Barata Filho e favorece tamb\u00e9m L\u00e9lis Teixeira, ex-presidente da Fetranspor. E ainda o Minist\u00e9rio P\u00fablico Federal garante que o cunhado do Ministro Mendes, Francisco Feitosa de Albuquerque Lima \u00e9 s\u00f3cio de Jacob Barata Filho. Mendes aliviou a barra dos dois acusados em 48 horas, concedendo-lhes pris\u00e3o domiciliar, isso depois da decreta\u00e7\u00e3o por duas vezes da pris\u00e3o em regime fechado por um juiz federal do Rio de Janeiro. De quebra ainda concedeu benef\u00edcios a outros quatros que se encontravam presos no mesmo processo, fazendo com que deixassem o pres\u00eddio de Benfica.<!--more--><\/p>\n<p>E n\u00e3o \u00e9 a primeira vez que Mendes adota tal procedimento com acusados de corrup\u00e7\u00e3o, todos ricos, e que ficam em luxuosos apartamentos cumprindo penas, ou fingindo que cumprem. Em 2008, o mesmo Mendes libertou o banqueiro Daniel Dantas depois de v\u00e1rias vezes entrar em choque com um juiz de primeira inst\u00e2ncia que ordenou a pris\u00e3o do referido. J\u00e1 favoreceu a Eike Batista e at\u00e9 o m\u00e9dico Roger Abdelmassih estuprador de pacientes que pegou condena\u00e7\u00e3o de 180 anos, que s\u00f3 foi justi\u00e7ado depois de muita press\u00e3o de suas v\u00edtimas.<\/p>\n<p>Dantas hoje segue por a\u00ed l\u00e9pido e faceiro, enquanto o delegado Prot\u00f3genes Queiroz se encontra exilado na Su\u00ed\u00e7a depois de ser exclu\u00eddo da Pol\u00edcia Federal e ter pris\u00e3o decretada por supostas ilegalidades na condu\u00e7\u00e3o do processo policial contra o banqueiro protegido por Gilmar Mendes.<\/p>\n<p>Al\u00e9m de padrinho de casamento de uma filha do carimbado Barata Filho, a esposa de Gilmar Mendes, Guiomar Mendes, trabalha em escrit\u00f3rio de advocacia que atua para a Fetranspor e para outros neg\u00f3cios do empres\u00e1rio. E a\u00ed aparece o Ministro Gilmar Mendes afirmando em tom agressivo que n\u00e3o v\u00ea nada demais em julgar a quest\u00e3o que favoreceu Barata Filho. Ele chegou a cinicamente perguntar para rep\u00f3rteres que respondessem se o fato de ter sido padrinho de casamento de uma filha de Barata Filho o impediria de decidir a quest\u00e3o envolvendo o acusado? Ele mesmo respondeu afirmando que \u201cn\u00e3o precisavam responder\u201d. Fez a pergunta com o objetivo de jogar para a plateia, como faz habitualmente. <\/p>\n<p>E Gilmar Mendes na maior cara de pau n\u00e3o se sentiu impedido de tomar a decis\u00e3o em favor de Barata e Teixeira. Se o que aconteceu aqui no Brasil acontecesse em outro pa\u00eds, qual teria sido o destino final do ministro? No m\u00ednimo seria provavelmente suspenso de suas fun\u00e7\u00f5es, por demonstrar falta de condi\u00e7\u00e3o moral para o exerc\u00edcio da fun\u00e7\u00e3o, no caso a inst\u00e2ncia m\u00e1xima da justi\u00e7a brasileira.<\/p>\n<p>Nomeado para o STF pelo ent\u00e3o presidente Fernando Henrique Cardoso, Mendes tem surpreendido os brasileiros por suas atitudes que dep\u00f5em contra a pr\u00f3pria Justi\u00e7a. No caso Barata Filho e L\u00e9lis Teixeira, esse acusado de pagar 150 milh\u00f5es de reais ao ex-governador meliante S\u00e9rgio Cabral, em preju\u00edzo da popula\u00e7\u00e3o, sobretudo pobre que paga passagem, o Ministro na verdade passou dos limites, tanto assim que at\u00e9 \u00f3rg\u00e3os de imprensa que nunca fizeram obje\u00e7\u00f5es ao seu procedimento decidiram n\u00e3o mais defend\u00ea-lo por entenderem que realmente ele perdeu as condi\u00e7\u00f5es morais.<\/p>\n<p>Arrogante e agressivo contra quem o acusa, Mendes se vale de alian\u00e7as com figuras e grupos que continuam ao seu lado para impor a sua vontade em qualquer circunst\u00e2ncia. Como a cada dia que passa vai perdendo for\u00e7a, o que se espera agora \u00e9 que a partir do epis\u00f3dio de vis\u00edvel favorecimento de acusados de corrup\u00e7\u00e3o, como Barata Filho e L\u00e9lis Teixeira, justi\u00e7a seja feita de fato, ou seja, Gilmar Mendes n\u00e3o continue exercendo a fun\u00e7\u00e3o no STF. Se n\u00e3o for impedido, pelo menos mereceria advert\u00eancia e suspens\u00e3o para baixar a crista.<\/p>\n<p>Se nada acontecer, o mais prejudicado ser\u00e1 o pr\u00f3prio STF por manter em seus quadros uma figura como Gilmar Mendes. Com a palavra, a Ordem dos Advogados do Brasil (OAB).  <\/p>\n","protected":false},"excerpt":{"rendered":"<p>No Brasil de Fato, por M\u00e1rio Augusto Jakobskind &#8211; O que se pode esperar de uma justi\u00e7a cujo ministro do Supremo Tribunal Federal (STF), Gilmar Mendes, padrinho de casamento da filha do acusado de corrup\u00e7\u00e3o Jacob Barata Filho e favorece tamb\u00e9m L\u00e9lis Teixeira, ex-presidente da Fetranspor. E ainda o Minist\u00e9rio P\u00fablico Federal garante que o&#8230;<a class=\"more-link\" href=\"http:\/\/blogdalucianaoliveira.com.br\/blog\/2017\/08\/23\/gilmar-mendes-nao-tem-mais-condicoes-eticas-de-continuar-como-ministro-do-stf\/\">Continue a leitura <span class=\"meta-nav\">&raquo;<\/span><\/a><\/p>\n","protected":false},"author":1,"featured_media":0,"comment_status":"closed","ping_status":"open","sticky":false,"template":"","format":"standard","meta":{"_exactmetrics_skip_tracking":false,"_exactmetrics_sitenote_active":false,"_exactmetrics_sitenote_note":"","_exactmetrics_sitenote_category":0,"jetpack_post_was_ever_published":false,"_jetpack_newsletter_access":"","_jetpack_dont_email_post_to_subs":false,"_jetpack_newsletter_tier_id":0,"_jetpack_memberships_contains_paywalled_content":false,"_jetpack_memberships_contains_paid_content":false,"footnotes":"","jetpack_publicize_message":"","jetpack_publicize_feature_enabled":true,"jetpack_social_post_already_shared":true,"jetpack_social_options":{"image_generator_settings":{"template":"highway","enabled":false},"version":2}},"categories":[1],"tags":[],"class_list":["post-13178","post","type-post","status-publish","format-standard","hentry","category-notas"],"jetpack_publicize_connections":[],"jetpack_sharing_enabled":true,"jetpack_featured_media_url":"","jetpack_shortlink":"https:\/\/wp.me\/p7wKYW-3qy","jetpack-related-posts":[],"_links":{"self":[{"href":"http:\/\/blogdalucianaoliveira.com.br\/blog\/wp-json\/wp\/v2\/posts\/13178","targetHints":{"allow":["GET"]}}],"collection":[{"href":"http:\/\/blogdalucianaoliveira.com.br\/blog\/wp-json\/wp\/v2\/posts"}],"about":[{"href":"http:\/\/blogdalucianaoliveira.com.br\/blog\/wp-json\/wp\/v2\/types\/post"}],"author":[{"embeddable":true,"href":"http:\/\/blogdalucianaoliveira.com.br\/blog\/wp-json\/wp\/v2\/users\/1"}],"replies":[{"embeddable":true,"href":"http:\/\/blogdalucianaoliveira.com.br\/blog\/wp-json\/wp\/v2\/comments?post=13178"}],"version-history":[{"count":1,"href":"http:\/\/blogdalucianaoliveira.com.br\/blog\/wp-json\/wp\/v2\/posts\/13178\/revisions"}],"predecessor-version":[{"id":13180,"href":"http:\/\/blogdalucianaoliveira.com.br\/blog\/wp-json\/wp\/v2\/posts\/13178\/revisions\/13180"}],"wp:attachment":[{"href":"http:\/\/blogdalucianaoliveira.com.br\/blog\/wp-json\/wp\/v2\/media?parent=13178"}],"wp:term":[{"taxonomy":"category","embeddable":true,"href":"http:\/\/blogdalucianaoliveira.com.br\/blog\/wp-json\/wp\/v2\/categories?post=13178"},{"taxonomy":"post_tag","embeddable":true,"href":"http:\/\/blogdalucianaoliveira.com.br\/blog\/wp-json\/wp\/v2\/tags?post=13178"}],"curies":[{"name":"wp","href":"https:\/\/api.w.org\/{rel}","templated":true}]}}