{"id":13183,"date":"2017-08-23T18:12:57","date_gmt":"2017-08-23T22:12:57","guid":{"rendered":"http:\/\/blogdalucianaoliveira.com.br\/blog\/?p=13183"},"modified":"2017-08-23T19:22:53","modified_gmt":"2017-08-23T23:22:53","slug":"ferias-antecipadas-na-europa-fizeram-mal-ao-prefeito","status":"publish","type":"post","link":"http:\/\/blogdalucianaoliveira.com.br\/blog\/2017\/08\/23\/ferias-antecipadas-na-europa-fizeram-mal-ao-prefeito\/","title":{"rendered":"F\u00e9rias antecipadas na Europa fizeram mal ao prefeito"},"content":{"rendered":"<p><img data-recalc-dims=\"1\" loading=\"lazy\" decoding=\"async\" data-attachment-id=\"13184\" data-permalink=\"http:\/\/blogdalucianaoliveira.com.br\/blog\/2017\/08\/23\/ferias-antecipadas-na-europa-fizeram-mal-ao-prefeito\/hildon\/\" data-orig-file=\"https:\/\/i0.wp.com\/blogdalucianaoliveira.com.br\/blog\/wp-content\/uploads\/2017\/08\/hildon.jpg?fit=728%2C410\" data-orig-size=\"728,410\" data-comments-opened=\"0\" data-image-meta=\"{&quot;aperture&quot;:&quot;0&quot;,&quot;credit&quot;:&quot;&quot;,&quot;camera&quot;:&quot;&quot;,&quot;caption&quot;:&quot;&quot;,&quot;created_timestamp&quot;:&quot;0&quot;,&quot;copyright&quot;:&quot;&quot;,&quot;focal_length&quot;:&quot;0&quot;,&quot;iso&quot;:&quot;0&quot;,&quot;shutter_speed&quot;:&quot;0&quot;,&quot;title&quot;:&quot;&quot;,&quot;orientation&quot;:&quot;1&quot;}\" data-image-title=\"hildon\" data-image-description=\"\" data-image-caption=\"\" data-medium-file=\"https:\/\/i0.wp.com\/blogdalucianaoliveira.com.br\/blog\/wp-content\/uploads\/2017\/08\/hildon.jpg?fit=300%2C169\" data-large-file=\"https:\/\/i0.wp.com\/blogdalucianaoliveira.com.br\/blog\/wp-content\/uploads\/2017\/08\/hildon.jpg?fit=600%2C338\" src=\"https:\/\/i0.wp.com\/blogdalucianaoliveira.com.br\/blog\/wp-content\/uploads\/2017\/08\/hildon.jpg?resize=600%2C338\" alt=\"hildon\" width=\"600\" height=\"338\" class=\"alignnone size-full wp-image-13184\" srcset=\"https:\/\/i0.wp.com\/blogdalucianaoliveira.com.br\/blog\/wp-content\/uploads\/2017\/08\/hildon.jpg?w=728 728w, https:\/\/i0.wp.com\/blogdalucianaoliveira.com.br\/blog\/wp-content\/uploads\/2017\/08\/hildon.jpg?resize=300%2C169 300w, https:\/\/i0.wp.com\/blogdalucianaoliveira.com.br\/blog\/wp-content\/uploads\/2017\/08\/hildon.jpg?resize=533%2C300 533w\" sizes=\"auto, (max-width: 600px) 100vw, 600px\" \/><\/p>\n<p>\u201cQuem comanda a prefeitura de Porto Velho \u00e9 o prefeito e essas interfer\u00eancias n\u00e3o podiam continuar\u201d, foi o que disse Hildon Chaves ao confirmar que \u2018rompeu\u2019 com os vereadores Jair Montes e Marcelo Cruz que lhe davam apoio na c\u00e2mara.<\/p>\n<p>Que tipo de interfer\u00eancias, o prefeito tucano n\u00e3o deixou claro na entrevista ao jornalista Rubson Luiz.<br \/>\n\u201cHouve um rompimento, porque n\u00f3s n\u00e3o est\u00e1vamos conseguindo nos entender, n\u00e3o estava havendo ader\u00eancia ao nosso plano de governo\u201d, disse.<!--more--><\/p>\n<p>Seria oportuno explicar quais os limites da rela\u00e7\u00e3o do prefeito com esses vereadores e em que momento foram ultrapassados.<\/p>\n<div class=\"jetpack-video-wrapper\"><span class=\"embed-youtube\" style=\"text-align:center; display: block;\"><iframe loading=\"lazy\" class=\"youtube-player\" width=\"600\" height=\"338\" src=\"https:\/\/www.youtube.com\/embed\/LUBaOfXyWmo?version=3&#038;rel=1&#038;showsearch=0&#038;showinfo=1&#038;iv_load_policy=1&#038;fs=1&#038;hl=pt-BR&#038;autohide=2&#038;wmode=transparent\" allowfullscreen=\"true\" style=\"border:0;\" sandbox=\"allow-scripts allow-same-origin allow-popups allow-presentation allow-popups-to-escape-sandbox\"><\/iframe><\/span><\/div>\n<p>O prefeito eleito com a promessa de administrar sem \u201cconchavos pol\u00edticos\u201d, indagado sobre o rompimento se limitou a dizer que \u201cA partir de agora\u201d ter\u00e1 protagonismo total.<\/p>\n<p>Isso leva a crer que at\u00e9 o racha, Hildon Chaves n\u00e3o tinha ou falhou com o t\u00e3o prometido \u2018pulso firme\u2019 para administrar sem press\u00e3o de grupos pol\u00edticos.  <\/p>\n<p>Na entrevista o prefeito anunciou uma nova mudan\u00e7a no secretariado, o que contraria outra promessa de campanha que encantou os eleitores, a de formar uma equipe qualificada para cuidar de Porto Velho.<\/p>\n<p>O entra e sai na administra\u00e7\u00e3o tucana exp\u00f5e a dificuldade de Hildon para manter uma equipe, ainda que pouco qualificada.<\/p>\n<p>Em oito meses ocorreram v\u00e1rias substitui\u00e7\u00f5es de secret\u00e1rios e o vice-prefeito, Edgar do Boi, se envolveu no maior esc\u00e2ndalo de corrup\u00e7\u00e3o do pa\u00eds ao ser citado por delator da JBS.<\/p>\n<p>Mesmo com a administra\u00e7\u00e3o montada em banhado o prefeito tirou f\u00e9rias de um m\u00eas na Europa, o que exp\u00f4s sua pouca preocupa\u00e7\u00e3o com cidade tendo uma equipe t\u00e3o fr\u00e1gil.<\/p>\n<p>De volta, deu de cara com a articula\u00e7\u00e3o de uma debandada na base de apoio, o que o obrigou a anunciar novas trocas no secretariado e a bradar que vai retomar o protagonismo \u00e0 frente da prefeitura.<\/p>\n<p>O clima pesado entre o prefeito e alguns vereadores e o entra e sai em sua equipe, deixa evidente que Hildon Chaves errou ao tirar f\u00e9rias com apenas seis meses de gest\u00e3o. Como um dono de empresa, deixou o comando da cidade na m\u00e3o dos outros para curtir o dolce far niente.<\/p>\n<p>O tucano come\u00e7ou com a faca e o queijo na m\u00e3o, com o apoio maci\u00e7o do eleitorado portovelhense, com a elei\u00e7\u00e3o de duas mesas diretoras na C\u00e2mara e a aprova\u00e7\u00e3o de sua reforma administrativa por unanimidade.<\/p>\n<p>Do discurso de campanha, por enquanto se cumpre apenas o apelo midi\u00e1tico com o mote \u201cn\u00e3o sou pol\u00edtico\u201d. Uma bobagem que funcionou na disputa pelo eleitor e que agora preocupa. Hildon \u00e9 ruim \u00e9 de pol\u00edtica, meio pelo qual se privilegia o interesse da comunidade.<\/p>\n<p>Sem di\u00e1logo e expondo contenda com vereadores, o que est\u00e1 ruim, pior deve ficar. <\/p>\n<p>*Eu avisei<\/p>\n","protected":false},"excerpt":{"rendered":"<p>\u201cQuem comanda a prefeitura de Porto Velho \u00e9 o prefeito e essas interfer\u00eancias n\u00e3o podiam continuar\u201d, foi o que disse Hildon Chaves ao confirmar que \u2018rompeu\u2019 com os vereadores Jair Montes e Marcelo Cruz que lhe davam apoio na c\u00e2mara. Que tipo de interfer\u00eancias, o prefeito tucano n\u00e3o deixou claro na entrevista ao jornalista Rubson&#8230;<a class=\"more-link\" href=\"http:\/\/blogdalucianaoliveira.com.br\/blog\/2017\/08\/23\/ferias-antecipadas-na-europa-fizeram-mal-ao-prefeito\/\">Continue a leitura <span class=\"meta-nav\">&raquo;<\/span><\/a><\/p>\n","protected":false},"author":1,"featured_media":0,"comment_status":"closed","ping_status":"open","sticky":false,"template":"","format":"standard","meta":{"_exactmetrics_skip_tracking":false,"_exactmetrics_sitenote_active":false,"_exactmetrics_sitenote_note":"","_exactmetrics_sitenote_category":0,"jetpack_post_was_ever_published":false,"_jetpack_newsletter_access":"","_jetpack_dont_email_post_to_subs":false,"_jetpack_newsletter_tier_id":0,"_jetpack_memberships_contains_paywalled_content":false,"_jetpack_memberships_contains_paid_content":false,"footnotes":"","jetpack_publicize_message":"","jetpack_publicize_feature_enabled":true,"jetpack_social_post_already_shared":true,"jetpack_social_options":{"image_generator_settings":{"template":"highway","enabled":false},"version":2}},"categories":[1],"tags":[202,314,313],"class_list":["post-13183","post","type-post","status-publish","format-standard","hentry","category-notas","tag-hildon-chaves","tag-rompimento","tag-vereadores"],"jetpack_publicize_connections":[],"jetpack_sharing_enabled":true,"jetpack_featured_media_url":"","jetpack_shortlink":"https:\/\/wp.me\/p7wKYW-3qD","jetpack-related-posts":[],"_links":{"self":[{"href":"http:\/\/blogdalucianaoliveira.com.br\/blog\/wp-json\/wp\/v2\/posts\/13183","targetHints":{"allow":["GET"]}}],"collection":[{"href":"http:\/\/blogdalucianaoliveira.com.br\/blog\/wp-json\/wp\/v2\/posts"}],"about":[{"href":"http:\/\/blogdalucianaoliveira.com.br\/blog\/wp-json\/wp\/v2\/types\/post"}],"author":[{"embeddable":true,"href":"http:\/\/blogdalucianaoliveira.com.br\/blog\/wp-json\/wp\/v2\/users\/1"}],"replies":[{"embeddable":true,"href":"http:\/\/blogdalucianaoliveira.com.br\/blog\/wp-json\/wp\/v2\/comments?post=13183"}],"version-history":[{"count":5,"href":"http:\/\/blogdalucianaoliveira.com.br\/blog\/wp-json\/wp\/v2\/posts\/13183\/revisions"}],"predecessor-version":[{"id":13189,"href":"http:\/\/blogdalucianaoliveira.com.br\/blog\/wp-json\/wp\/v2\/posts\/13183\/revisions\/13189"}],"wp:attachment":[{"href":"http:\/\/blogdalucianaoliveira.com.br\/blog\/wp-json\/wp\/v2\/media?parent=13183"}],"wp:term":[{"taxonomy":"category","embeddable":true,"href":"http:\/\/blogdalucianaoliveira.com.br\/blog\/wp-json\/wp\/v2\/categories?post=13183"},{"taxonomy":"post_tag","embeddable":true,"href":"http:\/\/blogdalucianaoliveira.com.br\/blog\/wp-json\/wp\/v2\/tags?post=13183"}],"curies":[{"name":"wp","href":"https:\/\/api.w.org\/{rel}","templated":true}]}}