{"id":13190,"date":"2017-08-23T22:10:07","date_gmt":"2017-08-24T02:10:07","guid":{"rendered":"http:\/\/blogdalucianaoliveira.com.br\/blog\/?p=13190"},"modified":"2017-08-23T22:10:07","modified_gmt":"2017-08-24T02:10:07","slug":"cineamazonia-inicia-itinerancia-de-20-dias-pelo-rio-guapore","status":"publish","type":"post","link":"http:\/\/blogdalucianaoliveira.com.br\/blog\/2017\/08\/23\/cineamazonia-inicia-itinerancia-de-20-dias-pelo-rio-guapore\/","title":{"rendered":"Cineamaz\u00f4nia inicia itiner\u00e2ncia de 20 dias pelo Rio Guapor\u00e9"},"content":{"rendered":"<p><img data-recalc-dims=\"1\" loading=\"lazy\" decoding=\"async\" data-attachment-id=\"13191\" data-permalink=\"http:\/\/blogdalucianaoliveira.com.br\/blog\/2017\/08\/23\/cineamazonia-inicia-itinerancia-de-20-dias-pelo-rio-guapore\/img_3978\/\" data-orig-file=\"https:\/\/i0.wp.com\/blogdalucianaoliveira.com.br\/blog\/wp-content\/uploads\/2017\/08\/IMG_3978.jpg?fit=900%2C900\" data-orig-size=\"900,900\" data-comments-opened=\"0\" data-image-meta=\"{&quot;aperture&quot;:&quot;0&quot;,&quot;credit&quot;:&quot;&quot;,&quot;camera&quot;:&quot;&quot;,&quot;caption&quot;:&quot;&quot;,&quot;created_timestamp&quot;:&quot;0&quot;,&quot;copyright&quot;:&quot;&quot;,&quot;focal_length&quot;:&quot;0&quot;,&quot;iso&quot;:&quot;0&quot;,&quot;shutter_speed&quot;:&quot;0&quot;,&quot;title&quot;:&quot;&quot;,&quot;orientation&quot;:&quot;1&quot;}\" data-image-title=\"IMG_3978\" data-image-description=\"\" data-image-caption=\"\" data-medium-file=\"https:\/\/i0.wp.com\/blogdalucianaoliveira.com.br\/blog\/wp-content\/uploads\/2017\/08\/IMG_3978.jpg?fit=300%2C300\" data-large-file=\"https:\/\/i0.wp.com\/blogdalucianaoliveira.com.br\/blog\/wp-content\/uploads\/2017\/08\/IMG_3978.jpg?fit=600%2C600\" src=\"https:\/\/i0.wp.com\/blogdalucianaoliveira.com.br\/blog\/wp-content\/uploads\/2017\/08\/IMG_3978.jpg?resize=600%2C600\" alt=\"IMG_3978\" width=\"600\" height=\"600\" class=\"alignnone size-full wp-image-13191\" srcset=\"https:\/\/i0.wp.com\/blogdalucianaoliveira.com.br\/blog\/wp-content\/uploads\/2017\/08\/IMG_3978.jpg?w=900 900w, https:\/\/i0.wp.com\/blogdalucianaoliveira.com.br\/blog\/wp-content\/uploads\/2017\/08\/IMG_3978.jpg?resize=150%2C150 150w, https:\/\/i0.wp.com\/blogdalucianaoliveira.com.br\/blog\/wp-content\/uploads\/2017\/08\/IMG_3978.jpg?resize=300%2C300 300w, https:\/\/i0.wp.com\/blogdalucianaoliveira.com.br\/blog\/wp-content\/uploads\/2017\/08\/IMG_3978.jpg?resize=768%2C768 768w\" sizes=\"auto, (max-width: 600px) 100vw, 600px\" \/><\/p>\n<p>Projeto vai levar arte e cultura para comunidades brasileiras e bolivianas ao longo do rio, entre os dias 23 de agosto a 12 de setembro.<!--more--><\/p>\n<p>Na quarta-feira (23), o Cineamaz\u00f4nia Itinerante come\u00e7a sua segunda etapa do projeto, com a exibi\u00e7\u00e3o de filmes e apresenta\u00e7\u00f5es circenses com o palha\u00e7o Cloro em 19 localidades no Vale do Mamor\u00e9 e ao longo do Rio Guapor\u00e9 at\u00e9 o dia 12 de setembro, quando encerrar\u00e1 suas atividades em Cabixi, no cone Sul do estado.<\/p>\n<div class=\"fb-video\" data-allowfullscreen=\"true\" data-href=\"https:\/\/www.facebook.com\/215119141850308\/videos\/1973276592701212\/\"><\/div>\n<p>A equipe do Cineamaz\u00f4nia ir\u00e1 at\u00e9 comunidades ribeirinhas e quilombolas, reservas extrativistas, tanto do lado brasileiro como do lado boliviano. As primeiras apresenta\u00e7\u00f5es ser\u00e3o feitas na estrada, como ocorreu na primeira etapa da itiner\u00e2ncia.<\/p>\n<p>A primeira parada ser\u00e1 na Resex Rio Ouro Preto que foi umas das quatro primeiras unidades de uso sustent\u00e1vel a serem criadas no Brasil. Est\u00e1 localizada entre os munic\u00edpios de Guajar\u00e1-Mirim e Nova Mamor\u00e9.<\/p>\n<p>Depois da Resex, o caminho ainda ser\u00e1 por terra, com Guajar\u00e1-Mirim (24 de agosto) abrigando o segundo dia da programa\u00e7\u00e3o, na par\u00f3quia Nossa Senhora Aparecida. Em seguida, vem a boliviana Guayaramer\u00edn no dia 25 de agosto. Por fim, o distrito do Iata fecha as atividades na P\u00e9rola do Mamor\u00e9, no s\u00e1bado (26).<\/p>\n<p>Ser\u00e3o alternados munic\u00edpios e localidades rondonienses e bolivianas. San Lorenzo no dia 28 e Surpresa, no dia 29, s\u00e3o os dois primeiros locais que ir\u00e3o receber o Cineamaz\u00f4nia Itinerante. San Lorenzo \u00e9 uma pequena comunidade boliviana. J\u00e1 Surpresa faz parte do lado brasileiro.<\/p>\n<p>Al\u00e9m de Guayaramer\u00edn, mais seis comunidades da Bol\u00edvia acolher\u00e3o o Cineamaz\u00f4nia Itinerante: San Lorenzo, Buena Vista, Versalles, Mategu\u00e1, Cafetal e Remanso.<\/p>\n<p>Do lado brasileiro h\u00e1 desde munic\u00edpios maiores como Costa Marques e Guajar\u00e1-Mirim at\u00e9 pequenas comunidades quilombolas como Santo Ant\u00f4nio e Pedras Negras.<\/p>\n<p>Em comum, todas reconhecem a import\u00e2ncia do Cineamaz\u00f4nia Itinerante. Tanto que a cada ano, as sess\u00f5es ao ar livre s\u00e3o lotadas. As crian\u00e7as, principalmente, divertem-se sempre com as estripulias circenses e com os curta metragens exibidos.<\/p>\n<p>Na primeira etapa entre o Peru, Acre e distritos de Porto Velho foram 12 localidades visitadas em 12 dias e 2.500 quil\u00f4metros percorridos em estradas de asfalto e ch\u00e3o, levando a arte e cultura a alguns dos lugares mais esquecidos da Amaz\u00f4nia, passando por comunidades que nunca tiveram uma sala de cinema.<\/p>\n<p>A 15\u00aa edi\u00e7\u00e3o do Cineamaz\u00f4nia tem o patroc\u00ednio do BNDES, Governo Federal, Minist\u00e9rio da Cultura, Secretaria do Audiovisual e da Lei Rouanet. Ainda tem o apoio cultural da Sejucel, Funcultural, Fecom\u00e9rcio e SESC Rond\u00f4nia. O Cineamaz\u00f4nia \u00e9 associado ao F\u00f3rum dos Festivais e membro do Green Film Network.<\/p>\n","protected":false},"excerpt":{"rendered":"<p>Projeto vai levar arte e cultura para comunidades brasileiras e bolivianas ao longo do rio, entre os dias 23 de agosto a 12 de setembro.<\/p>\n","protected":false},"author":1,"featured_media":0,"comment_status":"closed","ping_status":"open","sticky":false,"template":"","format":"standard","meta":{"_exactmetrics_skip_tracking":false,"_exactmetrics_sitenote_active":false,"_exactmetrics_sitenote_note":"","_exactmetrics_sitenote_category":0,"jetpack_post_was_ever_published":false,"_jetpack_newsletter_access":"","_jetpack_dont_email_post_to_subs":false,"_jetpack_newsletter_tier_id":0,"_jetpack_memberships_contains_paywalled_content":false,"_jetpack_memberships_contains_paid_content":false,"footnotes":"","jetpack_publicize_message":"","jetpack_publicize_feature_enabled":true,"jetpack_social_post_already_shared":true,"jetpack_social_options":{"image_generator_settings":{"template":"highway","enabled":false},"version":2}},"categories":[1],"tags":[],"class_list":["post-13190","post","type-post","status-publish","format-standard","hentry","category-notas"],"jetpack_publicize_connections":[],"jetpack_sharing_enabled":true,"jetpack_featured_media_url":"","jetpack_shortlink":"https:\/\/wp.me\/p7wKYW-3qK","jetpack-related-posts":[],"_links":{"self":[{"href":"http:\/\/blogdalucianaoliveira.com.br\/blog\/wp-json\/wp\/v2\/posts\/13190","targetHints":{"allow":["GET"]}}],"collection":[{"href":"http:\/\/blogdalucianaoliveira.com.br\/blog\/wp-json\/wp\/v2\/posts"}],"about":[{"href":"http:\/\/blogdalucianaoliveira.com.br\/blog\/wp-json\/wp\/v2\/types\/post"}],"author":[{"embeddable":true,"href":"http:\/\/blogdalucianaoliveira.com.br\/blog\/wp-json\/wp\/v2\/users\/1"}],"replies":[{"embeddable":true,"href":"http:\/\/blogdalucianaoliveira.com.br\/blog\/wp-json\/wp\/v2\/comments?post=13190"}],"version-history":[{"count":1,"href":"http:\/\/blogdalucianaoliveira.com.br\/blog\/wp-json\/wp\/v2\/posts\/13190\/revisions"}],"predecessor-version":[{"id":13192,"href":"http:\/\/blogdalucianaoliveira.com.br\/blog\/wp-json\/wp\/v2\/posts\/13190\/revisions\/13192"}],"wp:attachment":[{"href":"http:\/\/blogdalucianaoliveira.com.br\/blog\/wp-json\/wp\/v2\/media?parent=13190"}],"wp:term":[{"taxonomy":"category","embeddable":true,"href":"http:\/\/blogdalucianaoliveira.com.br\/blog\/wp-json\/wp\/v2\/categories?post=13190"},{"taxonomy":"post_tag","embeddable":true,"href":"http:\/\/blogdalucianaoliveira.com.br\/blog\/wp-json\/wp\/v2\/tags?post=13190"}],"curies":[{"name":"wp","href":"https:\/\/api.w.org\/{rel}","templated":true}]}}