{"id":13194,"date":"2017-08-24T10:19:25","date_gmt":"2017-08-24T14:19:25","guid":{"rendered":"http:\/\/blogdalucianaoliveira.com.br\/blog\/?p=13194"},"modified":"2017-08-24T10:19:25","modified_gmt":"2017-08-24T14:19:25","slug":"abordagem-nos-jardins-tem-de-ser-diferente-da-periferia-diz-novo-comandante-da-rota","status":"publish","type":"post","link":"http:\/\/blogdalucianaoliveira.com.br\/blog\/2017\/08\/24\/abordagem-nos-jardins-tem-de-ser-diferente-da-periferia-diz-novo-comandante-da-rota\/","title":{"rendered":"ABORDAGEM NOS JARDINS TEM DE SER DIFERENTE DA PERIFERIA, DIZ NOVO COMANDANTE DA ROTA"},"content":{"rendered":"<p><img data-recalc-dims=\"1\" loading=\"lazy\" decoding=\"async\" data-attachment-id=\"13195\" data-permalink=\"http:\/\/blogdalucianaoliveira.com.br\/blog\/2017\/08\/24\/abordagem-nos-jardins-tem-de-ser-diferente-da-periferia-diz-novo-comandante-da-rota\/tem\/\" data-orig-file=\"https:\/\/i0.wp.com\/blogdalucianaoliveira.com.br\/blog\/wp-content\/uploads\/2017\/08\/tem.jpg?fit=1000%2C357\" data-orig-size=\"1000,357\" data-comments-opened=\"0\" data-image-meta=\"{&quot;aperture&quot;:&quot;0&quot;,&quot;credit&quot;:&quot;&quot;,&quot;camera&quot;:&quot;&quot;,&quot;caption&quot;:&quot;&quot;,&quot;created_timestamp&quot;:&quot;0&quot;,&quot;copyright&quot;:&quot;&quot;,&quot;focal_length&quot;:&quot;0&quot;,&quot;iso&quot;:&quot;0&quot;,&quot;shutter_speed&quot;:&quot;0&quot;,&quot;title&quot;:&quot;&quot;,&quot;orientation&quot;:&quot;0&quot;}\" data-image-title=\"tem\" data-image-description=\"\" data-image-caption=\"\" data-medium-file=\"https:\/\/i0.wp.com\/blogdalucianaoliveira.com.br\/blog\/wp-content\/uploads\/2017\/08\/tem.jpg?fit=300%2C107\" data-large-file=\"https:\/\/i0.wp.com\/blogdalucianaoliveira.com.br\/blog\/wp-content\/uploads\/2017\/08\/tem.jpg?fit=600%2C214\" class=\"alignnone size-full wp-image-13195\" src=\"https:\/\/i0.wp.com\/blogdalucianaoliveira.com.br\/blog\/wp-content\/uploads\/2017\/08\/tem.jpg?resize=600%2C214\" alt=\"tem\" width=\"600\" height=\"214\" srcset=\"https:\/\/i0.wp.com\/blogdalucianaoliveira.com.br\/blog\/wp-content\/uploads\/2017\/08\/tem.jpg?w=1000 1000w, https:\/\/i0.wp.com\/blogdalucianaoliveira.com.br\/blog\/wp-content\/uploads\/2017\/08\/tem.jpg?resize=300%2C107 300w, https:\/\/i0.wp.com\/blogdalucianaoliveira.com.br\/blog\/wp-content\/uploads\/2017\/08\/tem.jpg?resize=768%2C274 768w, https:\/\/i0.wp.com\/blogdalucianaoliveira.com.br\/blog\/wp-content\/uploads\/2017\/08\/tem.jpg?resize=800%2C286 800w\" sizes=\"auto, (max-width: 600px) 100vw, 600px\" \/><\/p>\n<p>&nbsp;<\/p>\n<p>SP 247 \u2013 O novo comandante da Rota, a tropa de elite da Pol\u00edcia Militar de S\u00e3o Paulo, afirmou em entrevista ao portal UOL que seus homens t\u00eam de usar abordagens diferentes na regi\u00e3o mais rica de S\u00e3o Paulo e na periferia.<\/p>\n<p>&#8220;\u00c9 uma outra realidade. S\u00e3o pessoas diferentes que transitam por l\u00e1. A forma dele abordar tem que ser diferente&#8221;, disse o tenente-coronel Ricardo Augusto Nascimento de Mello Ara\u00fajo, de 46 anos, que tem sob seu comando cerca de 700 homens da Rota desde o dia 4 de agosto.<!--more--><\/p>\n<p>&#8220;A forma dele abordar tem que ser diferente. Se ele [policial] for abordar uma pessoa [na periferia], da mesma forma que ele for abordar uma pessoa aqui nos Jardins [regi\u00e3o nobre de S\u00e3o Paulo], ele vai ter dificuldade. Ele n\u00e3o vai ser respeitado&#8221;, completou.<\/p>\n<p>&#8220;Da mesma forma, se eu coloco um [policial] da periferia para lidar, falar com a mesma forma, com a mesma linguagem que uma pessoa da periferia fala aqui no Jardins, ele pode estar sendo grosseiro com uma pessoa do Jardins que est\u00e1 ali, andando&#8221;, disse ainda.<\/p>\n<p>Mello Ara\u00fajo vem de uma fam\u00edlia de policiais militares e diz estar na Rota &#8220;por idealismo&#8221;.<br \/>\n<a href=\"https:\/\/noticias.uol.com.br\/cotidiano\/ultimas-noticias\/2017\/08\/24\/abordagem-no-jardins-e-na-periferia-tem-de-ser-diferente-diz-novo-comandante-da-rota.htm\">Confira <\/a>aqui a \u00edntegra da entrevista.<\/p>\n<p>&nbsp;<\/p>\n","protected":false},"excerpt":{"rendered":"<p>&nbsp; SP 247 \u2013 O novo comandante da Rota, a tropa de elite da Pol\u00edcia Militar de S\u00e3o Paulo, afirmou em entrevista ao portal UOL que seus homens t\u00eam de usar abordagens diferentes na regi\u00e3o mais rica de S\u00e3o Paulo e na periferia. &#8220;\u00c9 uma outra realidade. S\u00e3o pessoas diferentes que transitam por l\u00e1. A&#8230;<a class=\"more-link\" href=\"http:\/\/blogdalucianaoliveira.com.br\/blog\/2017\/08\/24\/abordagem-nos-jardins-tem-de-ser-diferente-da-periferia-diz-novo-comandante-da-rota\/\">Continue a leitura <span class=\"meta-nav\">&raquo;<\/span><\/a><\/p>\n","protected":false},"author":1,"featured_media":0,"comment_status":"closed","ping_status":"open","sticky":false,"template":"","format":"standard","meta":{"_exactmetrics_skip_tracking":false,"_exactmetrics_sitenote_active":false,"_exactmetrics_sitenote_note":"","_exactmetrics_sitenote_category":0,"jetpack_post_was_ever_published":false,"_jetpack_newsletter_access":"","_jetpack_dont_email_post_to_subs":false,"_jetpack_newsletter_tier_id":0,"_jetpack_memberships_contains_paywalled_content":false,"_jetpack_memberships_contains_paid_content":false,"footnotes":"","jetpack_publicize_message":"","jetpack_publicize_feature_enabled":true,"jetpack_social_post_already_shared":true,"jetpack_social_options":{"image_generator_settings":{"template":"highway","enabled":false},"version":2}},"categories":[1],"tags":[],"class_list":["post-13194","post","type-post","status-publish","format-standard","hentry","category-notas"],"jetpack_publicize_connections":[],"jetpack_sharing_enabled":true,"jetpack_featured_media_url":"","jetpack_shortlink":"https:\/\/wp.me\/p7wKYW-3qO","jetpack-related-posts":[],"_links":{"self":[{"href":"http:\/\/blogdalucianaoliveira.com.br\/blog\/wp-json\/wp\/v2\/posts\/13194","targetHints":{"allow":["GET"]}}],"collection":[{"href":"http:\/\/blogdalucianaoliveira.com.br\/blog\/wp-json\/wp\/v2\/posts"}],"about":[{"href":"http:\/\/blogdalucianaoliveira.com.br\/blog\/wp-json\/wp\/v2\/types\/post"}],"author":[{"embeddable":true,"href":"http:\/\/blogdalucianaoliveira.com.br\/blog\/wp-json\/wp\/v2\/users\/1"}],"replies":[{"embeddable":true,"href":"http:\/\/blogdalucianaoliveira.com.br\/blog\/wp-json\/wp\/v2\/comments?post=13194"}],"version-history":[{"count":1,"href":"http:\/\/blogdalucianaoliveira.com.br\/blog\/wp-json\/wp\/v2\/posts\/13194\/revisions"}],"predecessor-version":[{"id":13196,"href":"http:\/\/blogdalucianaoliveira.com.br\/blog\/wp-json\/wp\/v2\/posts\/13194\/revisions\/13196"}],"wp:attachment":[{"href":"http:\/\/blogdalucianaoliveira.com.br\/blog\/wp-json\/wp\/v2\/media?parent=13194"}],"wp:term":[{"taxonomy":"category","embeddable":true,"href":"http:\/\/blogdalucianaoliveira.com.br\/blog\/wp-json\/wp\/v2\/categories?post=13194"},{"taxonomy":"post_tag","embeddable":true,"href":"http:\/\/blogdalucianaoliveira.com.br\/blog\/wp-json\/wp\/v2\/tags?post=13194"}],"curies":[{"name":"wp","href":"https:\/\/api.w.org\/{rel}","templated":true}]}}