{"id":13197,"date":"2017-08-24T10:38:12","date_gmt":"2017-08-24T14:38:12","guid":{"rendered":"http:\/\/blogdalucianaoliveira.com.br\/blog\/?p=13197"},"modified":"2017-08-24T10:38:12","modified_gmt":"2017-08-24T14:38:12","slug":"com-tuberculose-rafael-braga-tem-dificuldades-de-pedir-prisao-domiciliar","status":"publish","type":"post","link":"http:\/\/blogdalucianaoliveira.com.br\/blog\/2017\/08\/24\/com-tuberculose-rafael-braga-tem-dificuldades-de-pedir-prisao-domiciliar\/","title":{"rendered":"Com tuberculose, Rafael Braga tem dificuldades de pedir pris\u00e3o domiciliar"},"content":{"rendered":"<p><img data-recalc-dims=\"1\" loading=\"lazy\" decoding=\"async\" data-attachment-id=\"13198\" data-permalink=\"http:\/\/blogdalucianaoliveira.com.br\/blog\/2017\/08\/24\/com-tuberculose-rafael-braga-tem-dificuldades-de-pedir-prisao-domiciliar\/rafa-3\/\" data-orig-file=\"https:\/\/i0.wp.com\/blogdalucianaoliveira.com.br\/blog\/wp-content\/uploads\/2017\/08\/rafa.jpg?fit=640%2C428\" data-orig-size=\"640,428\" data-comments-opened=\"0\" data-image-meta=\"{&quot;aperture&quot;:&quot;0&quot;,&quot;credit&quot;:&quot;&quot;,&quot;camera&quot;:&quot;&quot;,&quot;caption&quot;:&quot;&quot;,&quot;created_timestamp&quot;:&quot;0&quot;,&quot;copyright&quot;:&quot;&quot;,&quot;focal_length&quot;:&quot;0&quot;,&quot;iso&quot;:&quot;0&quot;,&quot;shutter_speed&quot;:&quot;0&quot;,&quot;title&quot;:&quot;&quot;,&quot;orientation&quot;:&quot;0&quot;}\" data-image-title=\"rafa\" data-image-description=\"\" data-image-caption=\"\" data-medium-file=\"https:\/\/i0.wp.com\/blogdalucianaoliveira.com.br\/blog\/wp-content\/uploads\/2017\/08\/rafa.jpg?fit=300%2C201\" data-large-file=\"https:\/\/i0.wp.com\/blogdalucianaoliveira.com.br\/blog\/wp-content\/uploads\/2017\/08\/rafa.jpg?fit=600%2C401\" src=\"https:\/\/i0.wp.com\/blogdalucianaoliveira.com.br\/blog\/wp-content\/uploads\/2017\/08\/rafa.jpg?resize=600%2C401\" alt=\"rafa\" width=\"600\" height=\"401\" class=\"alignnone size-full wp-image-13198\" srcset=\"https:\/\/i0.wp.com\/blogdalucianaoliveira.com.br\/blog\/wp-content\/uploads\/2017\/08\/rafa.jpg?w=640 640w, https:\/\/i0.wp.com\/blogdalucianaoliveira.com.br\/blog\/wp-content\/uploads\/2017\/08\/rafa.jpg?resize=300%2C201 300w, https:\/\/i0.wp.com\/blogdalucianaoliveira.com.br\/blog\/wp-content\/uploads\/2017\/08\/rafa.jpg?resize=449%2C300 449w\" sizes=\"auto, (max-width: 600px) 100vw, 600px\" \/><\/p>\n<p>Defesa do jovem tenta obter laudo para garantir tratamento adequado; sistema prisional enfrenta surto da doen\u00e7a<!--more--><\/p>\n<p>Juliana Gon\u00e7alves<br \/>\nBrasil de Fato | S\u00e3o Paulo (SP)<\/p>\n<p>O surto de tuberculose que se alastra pelo sistema penitenci\u00e1rio brasileiro acaba de fazer nova v\u00edtima: Rafael Braga, ex-catador de latas e \u00fanico condenado no contexto das manifesta\u00e7\u00f5es de junho de 2013. A defesa do jovem relata estar tendo dificuldade para obter a documenta\u00e7\u00e3o necess\u00e1ria para pedir pris\u00e3o domiciliar.<\/p>\n<p>Segundo informa\u00e7\u00f5es do Instituto de Defensores de Direitos Humanos, que realiza a defesa de Rafael, o rapaz segue internado desde o dia 17 de agosto na Unidade de Pronto Atendimento e Hospital Dr. Hamilton Agostinho Vieira de Castro, localizada no Complexo Penitenci\u00e1rio de Gericin\u00f3, no Rio de Janeiro.<\/p>\n<p>Por\u00e9m, apenas nesta ter\u00e7a-feira (22), a defesa de Rafael Braga teve a confirma\u00e7\u00e3o do diagn\u00f3stico de tuberculose. De acordo com Lucas Sada, advogado do jovem, &#8220;a unidade prisional se negou a fornecer prontu\u00e1rio, laudo ou qualquer coisa do tipo, raz\u00e3o pela qual estamos na fase de tentar conseguir administrativamente ou, se for o caso, judicialmente essa documenta\u00e7\u00e3o para a\u00ed sim poder entrar com o pedido de pris\u00e3o domiciliar&#8221;.<\/p>\n<p>A pris\u00e3o domiciliar, segundo Sada, garantiria tratamento adequado a Rafael.<\/p>\n<p>No in\u00edcio de agosto, por dois votos a um, o Tribunal de Justi\u00e7a do Rio do Janeiro manteve a pris\u00e3o de Rafael Braga, preso por tr\u00e1fico de drogas com base apenas nas palavras do policial que efetuou a pris\u00e3o. O depoimento do policial, no entanto, chegou a ser colocado em d\u00favida por uma testemunha ocular e pelo pr\u00f3prio acusado.<\/p>\n<p>A pris\u00e3o aconteceu quando Rafael estava em liberdade condicional, ap\u00f3s ter sido detido em junho de 2013 por portar uma garrafa de desinfetante Pinho Sol e outra de \u00e1gua sanit\u00e1ria. Segundo os policiais, o material seria usado para confeccionar um coquetel molotov.<\/p>\n<p>Por esse contexto, Rafael se tornou s\u00edmbolo da discuss\u00e3o sobre o racismo no Poder Judici\u00e1rio.<\/p>\n<p>Edi\u00e7\u00e3o: Vanessa Martina Silva<\/p>\n","protected":false},"excerpt":{"rendered":"<p>Defesa do jovem tenta obter laudo para garantir tratamento adequado; sistema prisional enfrenta surto da doen\u00e7a<\/p>\n","protected":false},"author":1,"featured_media":0,"comment_status":"closed","ping_status":"open","sticky":false,"template":"","format":"standard","meta":{"_exactmetrics_skip_tracking":false,"_exactmetrics_sitenote_active":false,"_exactmetrics_sitenote_note":"","_exactmetrics_sitenote_category":0,"jetpack_post_was_ever_published":false,"_jetpack_newsletter_access":"","_jetpack_dont_email_post_to_subs":false,"_jetpack_newsletter_tier_id":0,"_jetpack_memberships_contains_paywalled_content":false,"_jetpack_memberships_contains_paid_content":false,"footnotes":"","jetpack_publicize_message":"","jetpack_publicize_feature_enabled":true,"jetpack_social_post_already_shared":true,"jetpack_social_options":{"image_generator_settings":{"template":"highway","enabled":false},"version":2}},"categories":[1],"tags":[],"class_list":["post-13197","post","type-post","status-publish","format-standard","hentry","category-notas"],"jetpack_publicize_connections":[],"jetpack_sharing_enabled":true,"jetpack_featured_media_url":"","jetpack_shortlink":"https:\/\/wp.me\/p7wKYW-3qR","jetpack-related-posts":[],"_links":{"self":[{"href":"http:\/\/blogdalucianaoliveira.com.br\/blog\/wp-json\/wp\/v2\/posts\/13197","targetHints":{"allow":["GET"]}}],"collection":[{"href":"http:\/\/blogdalucianaoliveira.com.br\/blog\/wp-json\/wp\/v2\/posts"}],"about":[{"href":"http:\/\/blogdalucianaoliveira.com.br\/blog\/wp-json\/wp\/v2\/types\/post"}],"author":[{"embeddable":true,"href":"http:\/\/blogdalucianaoliveira.com.br\/blog\/wp-json\/wp\/v2\/users\/1"}],"replies":[{"embeddable":true,"href":"http:\/\/blogdalucianaoliveira.com.br\/blog\/wp-json\/wp\/v2\/comments?post=13197"}],"version-history":[{"count":1,"href":"http:\/\/blogdalucianaoliveira.com.br\/blog\/wp-json\/wp\/v2\/posts\/13197\/revisions"}],"predecessor-version":[{"id":13199,"href":"http:\/\/blogdalucianaoliveira.com.br\/blog\/wp-json\/wp\/v2\/posts\/13197\/revisions\/13199"}],"wp:attachment":[{"href":"http:\/\/blogdalucianaoliveira.com.br\/blog\/wp-json\/wp\/v2\/media?parent=13197"}],"wp:term":[{"taxonomy":"category","embeddable":true,"href":"http:\/\/blogdalucianaoliveira.com.br\/blog\/wp-json\/wp\/v2\/categories?post=13197"},{"taxonomy":"post_tag","embeddable":true,"href":"http:\/\/blogdalucianaoliveira.com.br\/blog\/wp-json\/wp\/v2\/tags?post=13197"}],"curies":[{"name":"wp","href":"https:\/\/api.w.org\/{rel}","templated":true}]}}