{"id":13223,"date":"2017-08-25T08:42:05","date_gmt":"2017-08-25T12:42:05","guid":{"rendered":"http:\/\/blogdalucianaoliveira.com.br\/blog\/?p=13223"},"modified":"2017-08-25T08:42:05","modified_gmt":"2017-08-25T12:42:05","slug":"a-solucao-e-vender-o-brasil","status":"publish","type":"post","link":"http:\/\/blogdalucianaoliveira.com.br\/blog\/2017\/08\/25\/a-solucao-e-vender-o-brasil\/","title":{"rendered":"A solu\u00e7\u00e3o \u00e9 vender o Brasil?"},"content":{"rendered":"<p><img data-recalc-dims=\"1\" loading=\"lazy\" decoding=\"async\" data-attachment-id=\"13224\" data-permalink=\"http:\/\/blogdalucianaoliveira.com.br\/blog\/2017\/08\/25\/a-solucao-e-vender-o-brasil\/bra-2\/\" data-orig-file=\"https:\/\/i0.wp.com\/blogdalucianaoliveira.com.br\/blog\/wp-content\/uploads\/2017\/08\/BRA.jpg?fit=640%2C385\" data-orig-size=\"640,385\" data-comments-opened=\"0\" data-image-meta=\"{&quot;aperture&quot;:&quot;0&quot;,&quot;credit&quot;:&quot;&quot;,&quot;camera&quot;:&quot;&quot;,&quot;caption&quot;:&quot;&quot;,&quot;created_timestamp&quot;:&quot;0&quot;,&quot;copyright&quot;:&quot;&quot;,&quot;focal_length&quot;:&quot;0&quot;,&quot;iso&quot;:&quot;0&quot;,&quot;shutter_speed&quot;:&quot;0&quot;,&quot;title&quot;:&quot;&quot;,&quot;orientation&quot;:&quot;0&quot;}\" data-image-title=\"BRA\" data-image-description=\"\" data-image-caption=\"\" data-medium-file=\"https:\/\/i0.wp.com\/blogdalucianaoliveira.com.br\/blog\/wp-content\/uploads\/2017\/08\/BRA.jpg?fit=300%2C180\" data-large-file=\"https:\/\/i0.wp.com\/blogdalucianaoliveira.com.br\/blog\/wp-content\/uploads\/2017\/08\/BRA.jpg?fit=600%2C361\" src=\"https:\/\/i0.wp.com\/blogdalucianaoliveira.com.br\/blog\/wp-content\/uploads\/2017\/08\/BRA.jpg?resize=600%2C361\" alt=\"BRA\" width=\"600\" height=\"361\" class=\"alignnone size-full wp-image-13224\" srcset=\"https:\/\/i0.wp.com\/blogdalucianaoliveira.com.br\/blog\/wp-content\/uploads\/2017\/08\/BRA.jpg?w=640 640w, https:\/\/i0.wp.com\/blogdalucianaoliveira.com.br\/blog\/wp-content\/uploads\/2017\/08\/BRA.jpg?resize=300%2C180 300w, https:\/\/i0.wp.com\/blogdalucianaoliveira.com.br\/blog\/wp-content\/uploads\/2017\/08\/BRA.jpg?resize=499%2C300 499w\" sizes=\"auto, (max-width: 600px) 100vw, 600px\" \/><\/p>\n<p>Est\u00e1 na hora do povo tomar lado sobre este verdadeiro desmonte do patrim\u00f4nio nacional<!--more--><\/p>\n<p>Leonardo Koury Martins, no Brasil de Fato | Belo Horizonte (MG) &#8211; E se passaram pouco mais de um ano e l\u00e1 se v\u00e3o aeroportos, Casa da Moeda, peda\u00e7os soltos da ind\u00fastria nacional do petr\u00f3leo (como a Gaspetro e refinarias) e se deixar at\u00e9 a energia e a \u00e1gua se v\u00e3o neste pa\u00eds!<\/p>\n<p>Se fosse m\u00fasica da Xuxa (c\u00f4mico e tr\u00e1gico), &#8220;est\u00e1 na hora est\u00e1 na hora&#8221; do povo tomar lado sobre este verdadeiro desmonte do patrim\u00f4nio nacional. N\u00e3o se trata apenas de precariza\u00e7\u00e3o dos direitos sociais ou do fim do conceito de seguridade social.<\/p>\n<p>O que est\u00e1 em jogo \u00e9 a soberania e o conjunto nacional que nos fazem ser um s\u00f3 povo. Imagine, nossas \u00e1guas e gera\u00e7\u00e3o de energia nas m\u00e3os de empresas estrangeiras. Nossa numera\u00e7\u00e3o de moeda e passaporte disposta por empres\u00e1rios. Nossa aposentadoria na instabilidade dos bancos privados. <\/p>\n<p>Ent\u00e3o, imagine que a nossa luta a cada dia se torna mais dif\u00edcil frente ao modelo de estado posto, que desvaloriza toda hist\u00f3ria que trabalhadoras e trabalhadores arduamente constru\u00edram.<\/p>\n<p>Raul Seixas em seus devaneios musicais, ao conhecer Temer e correlacionar o novo golpe vivido (n\u00e3o mais militar e sim civil) diria que estes golpistas, de t\u00e3o ousados, nem mesmo pensam em aluguel. Para eles a solu\u00e7\u00e3o para enfrentar as crises do capitalismo (que idolatram) \u00e9 vender o Brasil.<\/p>\n<p>O m\u00ednimo do m\u00ednimo jamais ser\u00e1 um todo como tudo que constru\u00edmos e hoje ainda temos. N\u00e3o se desespere, lute!<\/p>\n<p>*Leonardo Koury Martins \u00e9 assistente social e professor<\/p>\n","protected":false},"excerpt":{"rendered":"<p>Est\u00e1 na hora do povo tomar lado sobre este verdadeiro desmonte do patrim\u00f4nio nacional<\/p>\n","protected":false},"author":1,"featured_media":0,"comment_status":"closed","ping_status":"open","sticky":false,"template":"","format":"standard","meta":{"_exactmetrics_skip_tracking":false,"_exactmetrics_sitenote_active":false,"_exactmetrics_sitenote_note":"","_exactmetrics_sitenote_category":0,"jetpack_post_was_ever_published":false,"_jetpack_newsletter_access":"","_jetpack_dont_email_post_to_subs":false,"_jetpack_newsletter_tier_id":0,"_jetpack_memberships_contains_paywalled_content":false,"_jetpack_memberships_contains_paid_content":false,"footnotes":"","jetpack_publicize_message":"","jetpack_publicize_feature_enabled":true,"jetpack_social_post_already_shared":true,"jetpack_social_options":{"image_generator_settings":{"template":"highway","enabled":false},"version":2}},"categories":[1],"tags":[],"class_list":["post-13223","post","type-post","status-publish","format-standard","hentry","category-notas"],"jetpack_publicize_connections":[],"jetpack_sharing_enabled":true,"jetpack_featured_media_url":"","jetpack_shortlink":"https:\/\/wp.me\/p7wKYW-3rh","jetpack-related-posts":[],"_links":{"self":[{"href":"http:\/\/blogdalucianaoliveira.com.br\/blog\/wp-json\/wp\/v2\/posts\/13223","targetHints":{"allow":["GET"]}}],"collection":[{"href":"http:\/\/blogdalucianaoliveira.com.br\/blog\/wp-json\/wp\/v2\/posts"}],"about":[{"href":"http:\/\/blogdalucianaoliveira.com.br\/blog\/wp-json\/wp\/v2\/types\/post"}],"author":[{"embeddable":true,"href":"http:\/\/blogdalucianaoliveira.com.br\/blog\/wp-json\/wp\/v2\/users\/1"}],"replies":[{"embeddable":true,"href":"http:\/\/blogdalucianaoliveira.com.br\/blog\/wp-json\/wp\/v2\/comments?post=13223"}],"version-history":[{"count":1,"href":"http:\/\/blogdalucianaoliveira.com.br\/blog\/wp-json\/wp\/v2\/posts\/13223\/revisions"}],"predecessor-version":[{"id":13225,"href":"http:\/\/blogdalucianaoliveira.com.br\/blog\/wp-json\/wp\/v2\/posts\/13223\/revisions\/13225"}],"wp:attachment":[{"href":"http:\/\/blogdalucianaoliveira.com.br\/blog\/wp-json\/wp\/v2\/media?parent=13223"}],"wp:term":[{"taxonomy":"category","embeddable":true,"href":"http:\/\/blogdalucianaoliveira.com.br\/blog\/wp-json\/wp\/v2\/categories?post=13223"},{"taxonomy":"post_tag","embeddable":true,"href":"http:\/\/blogdalucianaoliveira.com.br\/blog\/wp-json\/wp\/v2\/tags?post=13223"}],"curies":[{"name":"wp","href":"https:\/\/api.w.org\/{rel}","templated":true}]}}