{"id":13228,"date":"2017-08-25T09:50:50","date_gmt":"2017-08-25T13:50:50","guid":{"rendered":"http:\/\/blogdalucianaoliveira.com.br\/blog\/?p=13228"},"modified":"2017-08-25T09:50:50","modified_gmt":"2017-08-25T13:50:50","slug":"temer-liquida-o-brasil-para-escapar-de-crime-fiscal","status":"publish","type":"post","link":"http:\/\/blogdalucianaoliveira.com.br\/blog\/2017\/08\/25\/temer-liquida-o-brasil-para-escapar-de-crime-fiscal\/","title":{"rendered":"Temer liquida o Brasil para escapar de crime fiscal"},"content":{"rendered":"<p><img data-recalc-dims=\"1\" loading=\"lazy\" decoding=\"async\" data-attachment-id=\"13229\" data-permalink=\"http:\/\/blogdalucianaoliveira.com.br\/blog\/2017\/08\/25\/temer-liquida-o-brasil-para-escapar-de-crime-fiscal\/liqui\/\" data-orig-file=\"https:\/\/i0.wp.com\/blogdalucianaoliveira.com.br\/blog\/wp-content\/uploads\/2017\/08\/liqui.jpg?fit=490%2C280\" data-orig-size=\"490,280\" data-comments-opened=\"0\" data-image-meta=\"{&quot;aperture&quot;:&quot;0&quot;,&quot;credit&quot;:&quot;&quot;,&quot;camera&quot;:&quot;&quot;,&quot;caption&quot;:&quot;&quot;,&quot;created_timestamp&quot;:&quot;0&quot;,&quot;copyright&quot;:&quot;&quot;,&quot;focal_length&quot;:&quot;0&quot;,&quot;iso&quot;:&quot;0&quot;,&quot;shutter_speed&quot;:&quot;0&quot;,&quot;title&quot;:&quot;&quot;,&quot;orientation&quot;:&quot;0&quot;}\" data-image-title=\"liqui\" data-image-description=\"\" data-image-caption=\"\" data-medium-file=\"https:\/\/i0.wp.com\/blogdalucianaoliveira.com.br\/blog\/wp-content\/uploads\/2017\/08\/liqui.jpg?fit=300%2C171\" data-large-file=\"https:\/\/i0.wp.com\/blogdalucianaoliveira.com.br\/blog\/wp-content\/uploads\/2017\/08\/liqui.jpg?fit=490%2C280\" src=\"https:\/\/i0.wp.com\/blogdalucianaoliveira.com.br\/blog\/wp-content\/uploads\/2017\/08\/liqui.jpg?resize=490%2C280\" alt=\"liqui\" width=\"490\" height=\"280\" class=\"alignnone size-full wp-image-13229\" srcset=\"https:\/\/i0.wp.com\/blogdalucianaoliveira.com.br\/blog\/wp-content\/uploads\/2017\/08\/liqui.jpg?w=490 490w, https:\/\/i0.wp.com\/blogdalucianaoliveira.com.br\/blog\/wp-content\/uploads\/2017\/08\/liqui.jpg?resize=300%2C171 300w\" sizes=\"auto, (max-width: 490px) 100vw, 490px\" \/><\/p>\n<p>No 247, por Tereza Cruvinel &#8211; Ontem foi o dia do espanto. Os senadores da oposi\u00e7\u00e3o discursavam contra a privatiza\u00e7\u00e3o da Eletrobr\u00e1s e a entrega de uma enorme reserva ambiental na Amaz\u00f4nia \u00e0 preda\u00e7\u00e3o mineral quando come\u00e7aram a ser bombardeados por informa\u00e7\u00f5es sobre a extens\u00e3o da grande liquida\u00e7\u00e3o do Brasil que o governo de Michel Temer acabava de anunciar \u00e0 pra\u00e7a: entraram tamb\u00e9m no pacote a Casa da Moeda, 14 aeroportos, 15 terminais em portos, a Casemg, a Docas do Esp\u00edrito Santo, a Lotex, a Ceasa-Minas, 11 linhas de transmiss\u00e3o de energia, trechos de rodovias  e outros tantos blocos de explora\u00e7\u00e3o petrol\u00edfera. O an\u00fancio foi espantoso porque repentino, e tal como a privatiza\u00e7\u00e3o da Eletrobr\u00e1s, improvisado, mas h\u00e1 uma explica\u00e7\u00e3o, que n\u00e3o \u00e9 ideol\u00f3gica, para a f\u00faria privatizante: se Temer n\u00e3o encontrar um jeito de fazer caixa, ele (e tamb\u00e9m Meirelles) podem incorrer em crime fiscal-or\u00e7ament\u00e1rio, um dos delitos administrativos que remetem ao crime de responsabilidade, podendo justificar impeachment.<!--more--><\/p>\n<p>O artigo 167 da Constitui\u00e7\u00e3o Federal, que trata das regras or\u00e7ament\u00e1rias constitucionais, estabelece algumas proibi\u00e7\u00f5es, sendo que uma delas, estabelecida no Inciso III, \u00e9 conhecida como \u201cregra de ouro\u201d, tendo sido depois refor\u00e7ada pela Lei de Responsabilidade Fiscal. \u00c9 vedado, diz o inciso:<\/p>\n<p>III &#8211; a realiza\u00e7\u00e3o de opera\u00e7\u00f5es de cr\u00e9ditos que excedam o montante das despesas de capital, ressalvadas as autorizadas mediante cr\u00e9ditos suplementares ou especiais com finalidade precisa, aprovados pelo Poder Legislativo por maioria absoluta;<\/p>\n<p>Trocando em mi\u00fados, a veda\u00e7\u00e3o diz o seguinte: n\u00e3o se pode recorrer ao endividamento p\u00fablico para custear despesas correntes, ou de custeio, que n\u00e3o representem investimento, ou seja, a forma\u00e7\u00e3o de bens de capital (uma escola, um porto, uma estrada etc.). N\u00e3o pode o custeio superar o investimento, salvo em casos especiais, autorizados em lei espec\u00edfica. Com o crescimento descontrolado do rombo fiscal, esta situa\u00e7\u00e3o pode se configurar a qualquer momento, como escreveu na ter\u00e7a-feira em seu Facebook  o ex-ministro Bresser Pereira, comentando a privatiza\u00e7\u00e3o da Eletrobr\u00e1s. O pacote inteiro da liquida\u00e7\u00e3o Brasil s\u00f3 seria conhecido ontem.<\/p>\n<p>\u201cO motivo que provavelmente desencadeou essa decis\u00e3o foi o fato que a Constitui\u00e7\u00e3o, no seu artigo 167, define como \u201ccrime fiscal\u201d o governo incorrer em deficit p\u00fablico superior \u00e0 despesa de capital, ou seja, ao investimento p\u00fablico. Com esse dispositivo o constituinte sabiamente buscou impedir que o governo aumentasse de forma irrespons\u00e1vel a despesa corrente\u201d, escreveu Bresser.<\/p>\n<p>Ser\u00e1 uma deliciosa ironia se os algozes de Dilma por \u201cpedaladas fiscais\u201d  forem incursos em crime de responsabilidade por atentado muito mais grave \u00e0 Constitui\u00e7\u00e3o, \u00e0 lei or\u00e7ament\u00e1ria e \u00e0 Lei de Responsabilidade Fiscal. E onde andam os guardi\u00f5es do artigo 85, que vincula tais crimes ao impeachment? Sumiram juntamente com os paneleiros.<\/p>\n<p>Haver\u00e1 luta pol\u00edtica e jur\u00eddica contra a grande liquida\u00e7\u00e3o entreguista. Ontem mesmo o senador Randolfe Rodrigues (PSOL-AP) entrou com a\u00e7\u00e3o popular contra o decreto de Temer que acabou com a Reserva Nacional de Cobre e Associados, a Renca, uma \u00e1rea de 47 mil km2 entre o Amap\u00e1 e o Par\u00e1, equivalente a oito vezes o DF. Ali tem muito ouro, cobre, mangan\u00eas e outros minerais de alto valor, que os militares, no tempo de Jo\u00e3o Figueiredo, resolveram proteger. Ela constitui um rico santu\u00e1rio da bio-diversidade, abriga uma por\u00e7\u00e3o virgem e vigorosa da floresta Amaz\u00f4nica e nela vivem grupos ind\u00edgenas. Por decreto, de uma penada, Temer resolveu entregar esta \u00e1rea \u00e0 explora\u00e7\u00e3o de mineradoras nacionais e estrangeiras.<\/p>\n<p>&#8211; Parece loucura mas h\u00e1 uma l\u00f3gica perversa nesta insanidade: fazer caixa e fazer neg\u00f3cios \u2013 diz o senador.<\/p>\n","protected":false},"excerpt":{"rendered":"<p>No 247, por Tereza Cruvinel &#8211; Ontem foi o dia do espanto. Os senadores da oposi\u00e7\u00e3o discursavam contra a privatiza\u00e7\u00e3o da Eletrobr\u00e1s e a entrega de uma enorme reserva ambiental na Amaz\u00f4nia \u00e0 preda\u00e7\u00e3o mineral quando come\u00e7aram a ser bombardeados por informa\u00e7\u00f5es sobre a extens\u00e3o da grande liquida\u00e7\u00e3o do Brasil que o governo de Michel&#8230;<a class=\"more-link\" href=\"http:\/\/blogdalucianaoliveira.com.br\/blog\/2017\/08\/25\/temer-liquida-o-brasil-para-escapar-de-crime-fiscal\/\">Continue a leitura <span class=\"meta-nav\">&raquo;<\/span><\/a><\/p>\n","protected":false},"author":1,"featured_media":0,"comment_status":"closed","ping_status":"open","sticky":false,"template":"","format":"standard","meta":{"_exactmetrics_skip_tracking":false,"_exactmetrics_sitenote_active":false,"_exactmetrics_sitenote_note":"","_exactmetrics_sitenote_category":0,"jetpack_post_was_ever_published":false,"_jetpack_newsletter_access":"","_jetpack_dont_email_post_to_subs":false,"_jetpack_newsletter_tier_id":0,"_jetpack_memberships_contains_paywalled_content":false,"_jetpack_memberships_contains_paid_content":false,"footnotes":"","jetpack_publicize_message":"","jetpack_publicize_feature_enabled":true,"jetpack_social_post_already_shared":true,"jetpack_social_options":{"image_generator_settings":{"template":"highway","enabled":false},"version":2}},"categories":[1],"tags":[],"class_list":["post-13228","post","type-post","status-publish","format-standard","hentry","category-notas"],"jetpack_publicize_connections":[],"jetpack_sharing_enabled":true,"jetpack_featured_media_url":"","jetpack_shortlink":"https:\/\/wp.me\/p7wKYW-3rm","jetpack-related-posts":[],"_links":{"self":[{"href":"http:\/\/blogdalucianaoliveira.com.br\/blog\/wp-json\/wp\/v2\/posts\/13228","targetHints":{"allow":["GET"]}}],"collection":[{"href":"http:\/\/blogdalucianaoliveira.com.br\/blog\/wp-json\/wp\/v2\/posts"}],"about":[{"href":"http:\/\/blogdalucianaoliveira.com.br\/blog\/wp-json\/wp\/v2\/types\/post"}],"author":[{"embeddable":true,"href":"http:\/\/blogdalucianaoliveira.com.br\/blog\/wp-json\/wp\/v2\/users\/1"}],"replies":[{"embeddable":true,"href":"http:\/\/blogdalucianaoliveira.com.br\/blog\/wp-json\/wp\/v2\/comments?post=13228"}],"version-history":[{"count":1,"href":"http:\/\/blogdalucianaoliveira.com.br\/blog\/wp-json\/wp\/v2\/posts\/13228\/revisions"}],"predecessor-version":[{"id":13230,"href":"http:\/\/blogdalucianaoliveira.com.br\/blog\/wp-json\/wp\/v2\/posts\/13228\/revisions\/13230"}],"wp:attachment":[{"href":"http:\/\/blogdalucianaoliveira.com.br\/blog\/wp-json\/wp\/v2\/media?parent=13228"}],"wp:term":[{"taxonomy":"category","embeddable":true,"href":"http:\/\/blogdalucianaoliveira.com.br\/blog\/wp-json\/wp\/v2\/categories?post=13228"},{"taxonomy":"post_tag","embeddable":true,"href":"http:\/\/blogdalucianaoliveira.com.br\/blog\/wp-json\/wp\/v2\/tags?post=13228"}],"curies":[{"name":"wp","href":"https:\/\/api.w.org\/{rel}","templated":true}]}}