{"id":13232,"date":"2017-08-25T15:05:45","date_gmt":"2017-08-25T19:05:45","guid":{"rendered":"http:\/\/blogdalucianaoliveira.com.br\/blog\/?p=13232"},"modified":"2017-08-25T15:05:45","modified_gmt":"2017-08-25T19:05:45","slug":"o-preco-da-indignacao-e-as-aulas-de-insensatez-e-odio-censura-quer-calar-mais-uma-jornalista-a-forca","status":"publish","type":"post","link":"http:\/\/blogdalucianaoliveira.com.br\/blog\/2017\/08\/25\/o-preco-da-indignacao-e-as-aulas-de-insensatez-e-odio-censura-quer-calar-mais-uma-jornalista-a-forca\/","title":{"rendered":"O pre\u00e7o da indigna\u00e7\u00e3o e as aulas de insensatez e \u00f3dio: censura quer calar mais uma jornalista \u00e0 for\u00e7a"},"content":{"rendered":"<p><img data-recalc-dims=\"1\" loading=\"lazy\" decoding=\"async\" data-attachment-id=\"13233\" data-permalink=\"http:\/\/blogdalucianaoliveira.com.br\/blog\/2017\/08\/25\/o-preco-da-indignacao-e-as-aulas-de-insensatez-e-odio-censura-quer-calar-mais-uma-jornalista-a-forca\/censura-peri\/\" data-orig-file=\"https:\/\/i0.wp.com\/blogdalucianaoliveira.com.br\/blog\/wp-content\/uploads\/2017\/08\/censura-peri.jpg?fit=700%2C467\" data-orig-size=\"700,467\" data-comments-opened=\"0\" data-image-meta=\"{&quot;aperture&quot;:&quot;0&quot;,&quot;credit&quot;:&quot;&quot;,&quot;camera&quot;:&quot;&quot;,&quot;caption&quot;:&quot;&quot;,&quot;created_timestamp&quot;:&quot;0&quot;,&quot;copyright&quot;:&quot;&quot;,&quot;focal_length&quot;:&quot;0&quot;,&quot;iso&quot;:&quot;0&quot;,&quot;shutter_speed&quot;:&quot;0&quot;,&quot;title&quot;:&quot;&quot;,&quot;orientation&quot;:&quot;1&quot;}\" data-image-title=\"censura-peri\" data-image-description=\"\" data-image-caption=\"\" data-medium-file=\"https:\/\/i0.wp.com\/blogdalucianaoliveira.com.br\/blog\/wp-content\/uploads\/2017\/08\/censura-peri.jpg?fit=300%2C200\" data-large-file=\"https:\/\/i0.wp.com\/blogdalucianaoliveira.com.br\/blog\/wp-content\/uploads\/2017\/08\/censura-peri.jpg?fit=600%2C400\" src=\"https:\/\/i0.wp.com\/blogdalucianaoliveira.com.br\/blog\/wp-content\/uploads\/2017\/08\/censura-peri.jpg?resize=600%2C400\" alt=\"censura-peri\" width=\"600\" height=\"400\" class=\"alignnone size-full wp-image-13233\" srcset=\"https:\/\/i0.wp.com\/blogdalucianaoliveira.com.br\/blog\/wp-content\/uploads\/2017\/08\/censura-peri.jpg?w=700 700w, https:\/\/i0.wp.com\/blogdalucianaoliveira.com.br\/blog\/wp-content\/uploads\/2017\/08\/censura-peri.jpg?resize=300%2C200 300w, https:\/\/i0.wp.com\/blogdalucianaoliveira.com.br\/blog\/wp-content\/uploads\/2017\/08\/censura-peri.jpg?resize=450%2C300 450w\" sizes=\"auto, (max-width: 600px) 100vw, 600px\" \/><\/p>\n<p>No Rond\u00f4nia Din\u00e2mica, por Vin\u00edcius Canova &#8211; Advert\u00eancia: nesta publica\u00e7\u00e3o trato a respeito do processo movido por um professor universit\u00e1rio contra a jornalista Luciana Oliveira e a redijo em respeito \u00e0 liberdade de express\u00e3o, preserva\u00e7\u00e3o da atividade jornal\u00edstica e, principalmente, em defesa da democracia<\/p>\n<p>Porto Velho, RO \u2013 \u00c9 interessante perceber como os perpetradores dos discursos de \u00f3dio se sentem confort\u00e1veis ao expor seus ideais medievais diante de plateias selecionadas. Tamb\u00e9m pudera, j\u00e1 que s\u00e3o justamente as redes sociais ligadas diretamente a amigos e demais contatos em constante simbiose ideol\u00f3gica \u2013 ao menos entre os que resolvem se exibir \u2013 os ambientes prop\u00edcios para intr\u00e9pidos acastelados reverberarem vitup\u00e9rios c\u00edclicos.<!--more--><\/p>\n<p>Na trincheira da bobagem, se houver caso isolado de oposi\u00e7\u00e3o, a plateia subserviente dar\u00e1 conta do recado \u00e0 base das ofensas costumeiras direcionadas a quem ousar.<\/p>\n<p>Silencie e seja um covarde; enfrente um sujeito cheio de si, perca um amigo; concorde com este por conveni\u00eancia, ganhe um coleguinha de veneta pra jogar sinuca, comer, falar sobre trivialidades e tomar cerveja. S\u00e3o basicamente suas op\u00e7\u00f5es atualmente.<\/p>\n<p>Defendo o direito indispon\u00edvel dos idiotas de serem idiotas, eis que os vejo como efeitos colaterais da democracia e liberdade, conceitos que protejo em quase todos os artigos de minha autoria. A idiotice, no caso, seria apenas o nome da bolsa que carrega objetos como ignor\u00e2ncia, estupidez e todas as formas de intoler\u00e2ncia.<\/p>\n<p>&#8220;Ah, mas ent\u00e3o voc\u00ea defende esse tipo de comportamento?&#8221;<\/p>\n<p>N\u00e3o!<\/p>\n<p>Defendo que o mentecapto seja ele mesmo e d\u00ea oportunidade tanto a si quanto aos que o rodeiam de fre\u00e1-lo. Se tiver condi\u00e7\u00f5es de suportar o baque do retorno, da porrada de volta, do nocaute no enfrentamento, re\u00fane os crit\u00e9rios necess\u00e1rios para ser oficialmente um imbecil, documentado e tudo, sem as protocolares exig\u00eancias alfandeg\u00e1rias.<\/p>\n<p>Porque aquilo que n\u00e3o \u00e9 ostentado est\u00e1, consequentemente, encubado, ainda ali, adormecido e louco pra sair. E se n\u00e3o for poss\u00edvel parar o \u00edmpeto do tolo, que o destemor de um terceiro alheio a seu habitat tenha o cond\u00e3o de retir\u00e1-lo da agrad\u00e1vel redoma de pensamentos retil\u00edneos, expondo-o ao crivo mundial, muito al\u00e9m da aprecia\u00e7\u00e3o da patota intramuros.<\/p>\n<p><img data-recalc-dims=\"1\" loading=\"lazy\" decoding=\"async\" data-attachment-id=\"13214\" data-permalink=\"http:\/\/blogdalucianaoliveira.com.br\/blog\/2017\/08\/24\/247-jornalista-processada-por-reproduzir-intolerancia-religiosa-de-professor-recebe-solidariedade\/eu-3\/\" data-orig-file=\"https:\/\/i0.wp.com\/blogdalucianaoliveira.com.br\/blog\/wp-content\/uploads\/2017\/08\/eu.jpg?fit=1000%2C357\" data-orig-size=\"1000,357\" data-comments-opened=\"0\" data-image-meta=\"{&quot;aperture&quot;:&quot;0&quot;,&quot;credit&quot;:&quot;&quot;,&quot;camera&quot;:&quot;&quot;,&quot;caption&quot;:&quot;&quot;,&quot;created_timestamp&quot;:&quot;0&quot;,&quot;copyright&quot;:&quot;&quot;,&quot;focal_length&quot;:&quot;0&quot;,&quot;iso&quot;:&quot;0&quot;,&quot;shutter_speed&quot;:&quot;0&quot;,&quot;title&quot;:&quot;&quot;,&quot;orientation&quot;:&quot;0&quot;}\" data-image-title=\"eu\" data-image-description=\"\" data-image-caption=\"\" data-medium-file=\"https:\/\/i0.wp.com\/blogdalucianaoliveira.com.br\/blog\/wp-content\/uploads\/2017\/08\/eu.jpg?fit=300%2C107\" data-large-file=\"https:\/\/i0.wp.com\/blogdalucianaoliveira.com.br\/blog\/wp-content\/uploads\/2017\/08\/eu.jpg?fit=600%2C214\" src=\"https:\/\/i0.wp.com\/blogdalucianaoliveira.com.br\/blog\/wp-content\/uploads\/2017\/08\/eu.jpg?resize=600%2C214\" alt=\"eu\" width=\"600\" height=\"214\" class=\"alignnone size-full wp-image-13214\" srcset=\"https:\/\/i0.wp.com\/blogdalucianaoliveira.com.br\/blog\/wp-content\/uploads\/2017\/08\/eu.jpg?w=1000 1000w, https:\/\/i0.wp.com\/blogdalucianaoliveira.com.br\/blog\/wp-content\/uploads\/2017\/08\/eu.jpg?resize=300%2C107 300w, https:\/\/i0.wp.com\/blogdalucianaoliveira.com.br\/blog\/wp-content\/uploads\/2017\/08\/eu.jpg?resize=768%2C274 768w, https:\/\/i0.wp.com\/blogdalucianaoliveira.com.br\/blog\/wp-content\/uploads\/2017\/08\/eu.jpg?resize=800%2C286 800w\" sizes=\"auto, (max-width: 600px) 100vw, 600px\" \/><\/p>\n<p>Repress\u00e3o \u00e0 cr\u00edtica<\/p>\n<p>Aqui em Rond\u00f4nia h\u00e1 uma pessoa que faz isso praticamente todos os dias. Uma mulher que coleciona tantos amigos e admiradores de seus poderosos manifestos quanto desafetos, muitos destes \u00faltimos longe de optarem pela conserva\u00e7\u00e3o do embate na esfera intelectual recorrendo aos mais baixos m\u00e9todos a fim de defenestr\u00e1-la.<\/p>\n<p>A jornalista Luciana Oliveira, completamente independente, bate com luva de pelica e incomoda. Incomoda muito!<\/p>\n<p>\u00c0s vezes exagerada, coisa de quem segue \u00e0 risca convic\u00e7\u00f5es t\u00e3o fortes que neste momento de polariza\u00e7\u00e3o p\u00f5em em xeque at\u00e9 mesmo  relacionamentos pr\u00f3ximos e duradouros, n\u00e3o abre m\u00e3o daquilo que v\u00ea como verdade, tocando diuturnamente nas feridas sociais ignoradas por espectadores passivos, inertes, num lastim\u00e1vel estado catat\u00f4nico. Algo que, h\u00e1 pouco, n\u00e3o ocorria com tantos panela\u00e7os e marchas CBF anticorrup\u00e7\u00e3o.<\/p>\n<p>N\u00e3o pense que receber investidas recheadas de palavreado chulo, saraivadas de manifesta\u00e7\u00f5es impublic\u00e1veis e amea\u00e7as seja um problema para a ativista; todo esse pacote de rea\u00e7\u00f5es adversas comp\u00f5e a f\u00f3rmula necess\u00e1ria da combust\u00e3o que a impulsiona.<\/p>\n<p>O receio de Luciana, jamais exteriorizado, \u00e9 claro, embora imagine ser o mesmo partilhado por todo profissional de imprensa s\u00e9rio, \u00e9 a censura: imposi\u00e7\u00e3o do sil\u00eancio ante a discord\u00e2ncia.<\/p>\n<p>Diferentemente de outros criticados que tamb\u00e9m levaram na fu\u00e7a e com certeza receberam o recado, um professor universit\u00e1rio processou a jornalista ao ser exposto ap\u00f3s bradar, entre outras frases, a seguinte assertiva no WhatsApp:<\/p>\n<p>&#8220;Mu\u00e7ulmano \u00e9 a desgra\u00e7a que assola a humanidade&#8221;.<\/p>\n<p>A a\u00e7\u00e3o judicial \u00e9 retalia\u00e7\u00e3o \u00f3bvia \u00e0 antenada rep\u00f3rter que, estritamente arvorada a fatos e sem a press\u00e3o e o temor que costumam rondar reda\u00e7\u00f5es quando o assunto \u00e9 religi\u00e3o e f\u00e9, agiu corretamente ao eviscerar o flagelo.<\/p>\n<p>Com maestria eficaz e a sutileza de quem desossa um frango sem mexer na carne, desnudou o cidad\u00e3o, tirando-o da zona de conforto (o que eu disse no come\u00e7o do texto?). A situa\u00e7\u00e3o ganhou repercuss\u00e3o nacional, talvez tenha rodado o Planeta Terra, quem sabe?<\/p>\n<p>Desencadeou-se, ent\u00e3o, a f\u00faria \u2013 e pelo hist\u00f3rico do doutor a c\u00f3lera certamente lhe apraz \u2013 do homem que queria expor uma opini\u00e3o, mas, gra\u00e7as a Luciana, ganhou outdoor mundial fazendo publicidade gratuita \u00e0s considera\u00e7\u00f5es que atentam contra todos os mu\u00e7ulmanos, incluindo a\u00ed os que moram aqui mesmo em Rond\u00f4nia. Ali\u00e1s, n\u00e3o s\u00f3 mu\u00e7ulmanos, mas tamb\u00e9m a todos os outros seres humanos solid\u00e1rios que n\u00e3o aceitam o acinte sa\u00eddo de onde menos se espera. Logo, o catedr\u00e1tico deveria pagar pelo servi\u00e7o abnegado, n\u00e3o cobrar por ele.<\/p>\n<p>Para o azar do hidr\u00f3fobo, a mo\u00e7a n\u00e3o est\u00e1 s\u00f3. Pelo contr\u00e1rio, ontem (24), o jornal eletr\u00f4nico Rond\u00f4nia Din\u00e2mica reproduziu mat\u00e9ria veiculada pelo portal Brasil 247.  A not\u00edcia intitulada \u201cJornalista processada por reproduzir intoler\u00e2ncia religiosa de professor recebe solidariedade\u201d poderia ser apenas uma entre milhares de postagens circulando a Internet n\u00e3o fosse a Nota de Solidariedade encartada.<\/p>\n<p>O documento \u00e9 assinado por advogados, docentes, entidades, jornalistas, servidores p\u00fablicos e, n\u00e3o tivesse chegado tarde, teria solicitado a inser\u00e7\u00e3o do meu nome para engrossar o coro, a despeito de faz\u00ea-lo atrasado e simbolicamente agora. Cheguei a pensar: quem \u00e9 Vinicius Canova, destitu\u00eddo de gradua\u00e7\u00f5es, alheio \u00e0s garbosas titula\u00e7\u00f5es acad\u00eamicas, para exclamar o que quer que seja contrariando a sapi\u00eancia ululante do personagem em quest\u00e3o?<\/p>\n<p>Conclu\u00ed que sinapses apuradas e acur\u00e1cia cognitiva destitu\u00eddas de sabedoria humana, absorvida empiricamente pelo viver e conviver, n\u00e3o significam absolutamente nada, algo que talvez o preceptor possa aprender no futuro ao recapitular, sozinho e afundado em introspec\u00e7\u00e3o, espero, suas pr\u00f3prias aulas de insensatez.<\/p>\n","protected":false},"excerpt":{"rendered":"<p>No Rond\u00f4nia Din\u00e2mica, por Vin\u00edcius Canova &#8211; Advert\u00eancia: nesta publica\u00e7\u00e3o trato a respeito do processo movido por um professor universit\u00e1rio contra a jornalista Luciana Oliveira e a redijo em respeito \u00e0 liberdade de express\u00e3o, preserva\u00e7\u00e3o da atividade jornal\u00edstica e, principalmente, em defesa da democracia Porto Velho, RO \u2013 \u00c9 interessante perceber como os perpetradores dos&#8230;<a class=\"more-link\" href=\"http:\/\/blogdalucianaoliveira.com.br\/blog\/2017\/08\/25\/o-preco-da-indignacao-e-as-aulas-de-insensatez-e-odio-censura-quer-calar-mais-uma-jornalista-a-forca\/\">Continue a leitura <span class=\"meta-nav\">&raquo;<\/span><\/a><\/p>\n","protected":false},"author":1,"featured_media":0,"comment_status":"closed","ping_status":"open","sticky":false,"template":"","format":"standard","meta":{"_exactmetrics_skip_tracking":false,"_exactmetrics_sitenote_active":false,"_exactmetrics_sitenote_note":"","_exactmetrics_sitenote_category":0,"jetpack_post_was_ever_published":false,"_jetpack_newsletter_access":"","_jetpack_dont_email_post_to_subs":false,"_jetpack_newsletter_tier_id":0,"_jetpack_memberships_contains_paywalled_content":false,"_jetpack_memberships_contains_paid_content":false,"footnotes":"","jetpack_publicize_message":"","jetpack_publicize_feature_enabled":true,"jetpack_social_post_already_shared":true,"jetpack_social_options":{"image_generator_settings":{"template":"highway","enabled":false},"version":2}},"categories":[1],"tags":[],"class_list":["post-13232","post","type-post","status-publish","format-standard","hentry","category-notas"],"jetpack_publicize_connections":[],"jetpack_sharing_enabled":true,"jetpack_featured_media_url":"","jetpack_shortlink":"https:\/\/wp.me\/p7wKYW-3rq","jetpack-related-posts":[],"_links":{"self":[{"href":"http:\/\/blogdalucianaoliveira.com.br\/blog\/wp-json\/wp\/v2\/posts\/13232","targetHints":{"allow":["GET"]}}],"collection":[{"href":"http:\/\/blogdalucianaoliveira.com.br\/blog\/wp-json\/wp\/v2\/posts"}],"about":[{"href":"http:\/\/blogdalucianaoliveira.com.br\/blog\/wp-json\/wp\/v2\/types\/post"}],"author":[{"embeddable":true,"href":"http:\/\/blogdalucianaoliveira.com.br\/blog\/wp-json\/wp\/v2\/users\/1"}],"replies":[{"embeddable":true,"href":"http:\/\/blogdalucianaoliveira.com.br\/blog\/wp-json\/wp\/v2\/comments?post=13232"}],"version-history":[{"count":1,"href":"http:\/\/blogdalucianaoliveira.com.br\/blog\/wp-json\/wp\/v2\/posts\/13232\/revisions"}],"predecessor-version":[{"id":13234,"href":"http:\/\/blogdalucianaoliveira.com.br\/blog\/wp-json\/wp\/v2\/posts\/13232\/revisions\/13234"}],"wp:attachment":[{"href":"http:\/\/blogdalucianaoliveira.com.br\/blog\/wp-json\/wp\/v2\/media?parent=13232"}],"wp:term":[{"taxonomy":"category","embeddable":true,"href":"http:\/\/blogdalucianaoliveira.com.br\/blog\/wp-json\/wp\/v2\/categories?post=13232"},{"taxonomy":"post_tag","embeddable":true,"href":"http:\/\/blogdalucianaoliveira.com.br\/blog\/wp-json\/wp\/v2\/tags?post=13232"}],"curies":[{"name":"wp","href":"https:\/\/api.w.org\/{rel}","templated":true}]}}