{"id":13235,"date":"2017-08-25T15:11:21","date_gmt":"2017-08-25T19:11:21","guid":{"rendered":"http:\/\/blogdalucianaoliveira.com.br\/blog\/?p=13235"},"modified":"2017-08-25T15:11:21","modified_gmt":"2017-08-25T19:11:21","slug":"capoeiristas-e-religiosos-de-matriz-africana-protestam-contra-medida-de-crivella","status":"publish","type":"post","link":"http:\/\/blogdalucianaoliveira.com.br\/blog\/2017\/08\/25\/capoeiristas-e-religiosos-de-matriz-africana-protestam-contra-medida-de-crivella\/","title":{"rendered":"Capoeiristas e religiosos de matriz africana protestam contra medida de Crivella"},"content":{"rendered":"<p><img data-recalc-dims=\"1\" loading=\"lazy\" decoding=\"async\" data-attachment-id=\"13236\" data-permalink=\"http:\/\/blogdalucianaoliveira.com.br\/blog\/2017\/08\/25\/capoeiristas-e-religiosos-de-matriz-africana-protestam-contra-medida-de-crivella\/cam-2\/\" data-orig-file=\"https:\/\/i0.wp.com\/blogdalucianaoliveira.com.br\/blog\/wp-content\/uploads\/2017\/08\/cam.jpg?fit=640%2C406\" data-orig-size=\"640,406\" data-comments-opened=\"0\" data-image-meta=\"{&quot;aperture&quot;:&quot;0&quot;,&quot;credit&quot;:&quot;&quot;,&quot;camera&quot;:&quot;&quot;,&quot;caption&quot;:&quot;&quot;,&quot;created_timestamp&quot;:&quot;0&quot;,&quot;copyright&quot;:&quot;&quot;,&quot;focal_length&quot;:&quot;0&quot;,&quot;iso&quot;:&quot;0&quot;,&quot;shutter_speed&quot;:&quot;0&quot;,&quot;title&quot;:&quot;&quot;,&quot;orientation&quot;:&quot;0&quot;}\" data-image-title=\"cam\" data-image-description=\"\" data-image-caption=\"\" data-medium-file=\"https:\/\/i0.wp.com\/blogdalucianaoliveira.com.br\/blog\/wp-content\/uploads\/2017\/08\/cam.jpg?fit=300%2C190\" data-large-file=\"https:\/\/i0.wp.com\/blogdalucianaoliveira.com.br\/blog\/wp-content\/uploads\/2017\/08\/cam.jpg?fit=600%2C381\" src=\"https:\/\/i0.wp.com\/blogdalucianaoliveira.com.br\/blog\/wp-content\/uploads\/2017\/08\/cam.jpg?resize=600%2C381\" alt=\"cam\" width=\"600\" height=\"381\" class=\"alignnone size-full wp-image-13236\" srcset=\"https:\/\/i0.wp.com\/blogdalucianaoliveira.com.br\/blog\/wp-content\/uploads\/2017\/08\/cam.jpg?w=640 640w, https:\/\/i0.wp.com\/blogdalucianaoliveira.com.br\/blog\/wp-content\/uploads\/2017\/08\/cam.jpg?resize=300%2C190 300w, https:\/\/i0.wp.com\/blogdalucianaoliveira.com.br\/blog\/wp-content\/uploads\/2017\/08\/cam.jpg?resize=473%2C300 473w\" sizes=\"auto, (max-width: 600px) 100vw, 600px\" \/><\/p>\n<p>Prefeito assinou decreto com novas regras para a obten\u00e7\u00e3o de licen\u00e7a para eventos com mais de mil pessoas<!--more--><\/p>\n<p>Radioag\u00eancia Nacional, por Raquel J\u00fania<\/p>\n<p>Mobiliza\u00e7\u00e3o nos Arcos da Lapa critica decreto assinado pelo prefeito do Rio de Janeiro, Marcelo Crivella, com regras para a obten\u00e7\u00e3o de licen\u00e7a para eventos com mais de mil pessoas.<\/p>\n<p>Para os grupos de terreiro, as regras objetivam a vigil\u00e2ncia, san\u00e7\u00e3o e regula\u00e7\u00e3o das manifesta\u00e7\u00f5es religiosas, al\u00e9m de fortalecer a cultura de viol\u00eancia e intoler\u00e2ncia.<\/p>\n<p>Crivella nega essa inten\u00e7\u00e3o e afirma que o decreto atende \u00e0 necessidade da administra\u00e7\u00e3o p\u00fabica de melhor a an\u00e1lise dos pedidos de licen\u00e7a.<\/p>\n<p>Edi\u00e7\u00e3o: Radioag\u00eancia Nacional<\/p>\n","protected":false},"excerpt":{"rendered":"<p>Prefeito assinou decreto com novas regras para a obten\u00e7\u00e3o de licen\u00e7a para eventos com mais de mil pessoas<\/p>\n","protected":false},"author":1,"featured_media":0,"comment_status":"closed","ping_status":"open","sticky":false,"template":"","format":"standard","meta":{"_exactmetrics_skip_tracking":false,"_exactmetrics_sitenote_active":false,"_exactmetrics_sitenote_note":"","_exactmetrics_sitenote_category":0,"jetpack_post_was_ever_published":false,"_jetpack_newsletter_access":"","_jetpack_dont_email_post_to_subs":false,"_jetpack_newsletter_tier_id":0,"_jetpack_memberships_contains_paywalled_content":false,"_jetpack_memberships_contains_paid_content":false,"footnotes":"","jetpack_publicize_message":"","jetpack_publicize_feature_enabled":true,"jetpack_social_post_already_shared":true,"jetpack_social_options":{"image_generator_settings":{"template":"highway","enabled":false},"version":2}},"categories":[1],"tags":[],"class_list":["post-13235","post","type-post","status-publish","format-standard","hentry","category-notas"],"jetpack_publicize_connections":[],"jetpack_sharing_enabled":true,"jetpack_featured_media_url":"","jetpack_shortlink":"https:\/\/wp.me\/p7wKYW-3rt","jetpack-related-posts":[],"_links":{"self":[{"href":"http:\/\/blogdalucianaoliveira.com.br\/blog\/wp-json\/wp\/v2\/posts\/13235","targetHints":{"allow":["GET"]}}],"collection":[{"href":"http:\/\/blogdalucianaoliveira.com.br\/blog\/wp-json\/wp\/v2\/posts"}],"about":[{"href":"http:\/\/blogdalucianaoliveira.com.br\/blog\/wp-json\/wp\/v2\/types\/post"}],"author":[{"embeddable":true,"href":"http:\/\/blogdalucianaoliveira.com.br\/blog\/wp-json\/wp\/v2\/users\/1"}],"replies":[{"embeddable":true,"href":"http:\/\/blogdalucianaoliveira.com.br\/blog\/wp-json\/wp\/v2\/comments?post=13235"}],"version-history":[{"count":1,"href":"http:\/\/blogdalucianaoliveira.com.br\/blog\/wp-json\/wp\/v2\/posts\/13235\/revisions"}],"predecessor-version":[{"id":13237,"href":"http:\/\/blogdalucianaoliveira.com.br\/blog\/wp-json\/wp\/v2\/posts\/13235\/revisions\/13237"}],"wp:attachment":[{"href":"http:\/\/blogdalucianaoliveira.com.br\/blog\/wp-json\/wp\/v2\/media?parent=13235"}],"wp:term":[{"taxonomy":"category","embeddable":true,"href":"http:\/\/blogdalucianaoliveira.com.br\/blog\/wp-json\/wp\/v2\/categories?post=13235"},{"taxonomy":"post_tag","embeddable":true,"href":"http:\/\/blogdalucianaoliveira.com.br\/blog\/wp-json\/wp\/v2\/tags?post=13235"}],"curies":[{"name":"wp","href":"https:\/\/api.w.org\/{rel}","templated":true}]}}