{"id":13267,"date":"2017-08-28T10:54:52","date_gmt":"2017-08-28T14:54:52","guid":{"rendered":"http:\/\/blogdalucianaoliveira.com.br\/blog\/?p=13267"},"modified":"2017-08-28T10:54:52","modified_gmt":"2017-08-28T14:54:52","slug":"mpf-am-pede-indenizacao-de-r-50-milhoes-por-genocidio-contra-indios","status":"publish","type":"post","link":"http:\/\/blogdalucianaoliveira.com.br\/blog\/2017\/08\/28\/mpf-am-pede-indenizacao-de-r-50-milhoes-por-genocidio-contra-indios\/","title":{"rendered":"MPF-AM pede indeniza\u00e7\u00e3o de R$ 50 milh\u00f5es por genoc\u00eddio contra \u00edndios"},"content":{"rendered":"<p><img data-recalc-dims=\"1\" loading=\"lazy\" decoding=\"async\" data-attachment-id=\"13268\" data-permalink=\"http:\/\/blogdalucianaoliveira.com.br\/blog\/2017\/08\/28\/mpf-am-pede-indenizacao-de-r-50-milhoes-por-genocidio-contra-indios\/mpf-5\/\" data-orig-file=\"https:\/\/i0.wp.com\/blogdalucianaoliveira.com.br\/blog\/wp-content\/uploads\/2017\/08\/mpf.jpg?fit=840%2C560\" data-orig-size=\"840,560\" data-comments-opened=\"0\" data-image-meta=\"{&quot;aperture&quot;:&quot;0&quot;,&quot;credit&quot;:&quot;&quot;,&quot;camera&quot;:&quot;&quot;,&quot;caption&quot;:&quot;&quot;,&quot;created_timestamp&quot;:&quot;0&quot;,&quot;copyright&quot;:&quot;&quot;,&quot;focal_length&quot;:&quot;0&quot;,&quot;iso&quot;:&quot;0&quot;,&quot;shutter_speed&quot;:&quot;0&quot;,&quot;title&quot;:&quot;&quot;,&quot;orientation&quot;:&quot;0&quot;}\" data-image-title=\"mpf\" data-image-description=\"\" data-image-caption=\"\" data-medium-file=\"https:\/\/i0.wp.com\/blogdalucianaoliveira.com.br\/blog\/wp-content\/uploads\/2017\/08\/mpf.jpg?fit=300%2C200\" data-large-file=\"https:\/\/i0.wp.com\/blogdalucianaoliveira.com.br\/blog\/wp-content\/uploads\/2017\/08\/mpf.jpg?fit=600%2C400\" src=\"https:\/\/i0.wp.com\/blogdalucianaoliveira.com.br\/blog\/wp-content\/uploads\/2017\/08\/mpf.jpg?resize=600%2C400\" alt=\"mpf\" width=\"600\" height=\"400\" class=\"alignnone size-full wp-image-13268\" srcset=\"https:\/\/i0.wp.com\/blogdalucianaoliveira.com.br\/blog\/wp-content\/uploads\/2017\/08\/mpf.jpg?w=840 840w, https:\/\/i0.wp.com\/blogdalucianaoliveira.com.br\/blog\/wp-content\/uploads\/2017\/08\/mpf.jpg?resize=300%2C200 300w, https:\/\/i0.wp.com\/blogdalucianaoliveira.com.br\/blog\/wp-content\/uploads\/2017\/08\/mpf.jpg?resize=768%2C512 768w, https:\/\/i0.wp.com\/blogdalucianaoliveira.com.br\/blog\/wp-content\/uploads\/2017\/08\/mpf.jpg?resize=450%2C300 450w\" sizes=\"auto, (max-width: 600px) 100vw, 600px\" \/><\/p>\n<p>Da Ag\u00eancia Brasil &#8211; Os crimes teriam ocorrido durante constru\u00e7\u00e3o da BR-174, que liga Manaus (AM) a Boa Vista (RR), na d\u00e9cada de 1970<!--more--><\/p>\n<p>O Minist\u00e9rio P\u00fablico Federal no Amazonas (MPF-AM) pediu indeniza\u00e7\u00e3o de R$ 50 milh\u00f5es de reais e um pedido de desculpas da Uni\u00e3o pelo exterm\u00ednio de ind\u00edgenas Waimiri-Atroari na ditadura militar. Os danos teriam sido cometidos durante a constru\u00e7\u00e3o da BR-174, estrada que liga Manaus (AM) a Boa Vista (RR), que enfrentou resist\u00eancia da etnia que ocupa a terra na regi\u00e3o.<\/p>\n<p>A procuradoria cita a Comiss\u00e3o Nacional da Verdade, que afirma que houve uma redu\u00e7\u00e3o da etnia na \u00e9poca da constru\u00e7\u00e3o da rodovia. Na d\u00e9cada de 1970, havia 3 mil ind\u00edgenas vivendo na terra. Na d\u00e9cada seguinte, a etnia registrava apenas 332 indiv\u00edduos.<\/p>\n<p>O Minist\u00e9rio P\u00fablico Federal no Amazonas (MPF-AM) pediu indeniza\u00e7\u00e3o de R$ 50 milh\u00f5es de reais e um pedido de desculpas da Uni\u00e3o pelo exterm\u00ednio de ind\u00edgenas Waimiri-Atroari na ditadura militar. Os danos teriam sido cometidos durante a constru\u00e7\u00e3o da BR-174, estrada que liga Manaus (AM) a Boa Vista (RR), que enfrentou resist\u00eancia da etnia que ocupa a terra na regi\u00e3o.<\/p>\n<p>O MPF alega que o conjunto de provas apresentadas \u00e0 Justi\u00e7a \u201cdemonstra que o Estado brasileiro promoveu a\u00e7\u00f5es baseadas nas pol\u00edticas de contato e de ataques diretos aos ind\u00edgenas que causaram a redu\u00e7\u00e3o demogr\u00e1fica do povo Waimiri-Atroari em larga escala\u201d.<br \/>\nAl\u00e9m da indeniza\u00e7\u00e3o e do pedido de desculpas oficiais, o Minist\u00e9rio P\u00fablico pede que a Uni\u00e3o inclua as viola\u00e7\u00f5es sofridas pelos \u00edndios no conte\u00fado das escolas nos ensinos fundamental e m\u00e9dio, com destaque ao genoc\u00eddio do povo Waimiri-Atroari, que se autodenomina como povo Kinja.<\/p>\n<p>Provas<br \/>\nSegundo o grupo de procuradores, os documentos, relat\u00f3rios e depoimentos colhidos durante a apura\u00e7\u00e3o do caso indicam um genoc\u00eddio praticado contra a etnia na constru\u00e7\u00e3o da BR-174.<\/p>\n<p>O MPF anexou \u00e0 a\u00e7\u00e3o um of\u00edcio trocado entre comandantes militares, onde h\u00e1 ordens para \u201crealizar pequenas demonstra\u00e7\u00f5es de for\u00e7a, para mostrar os efeitos de uma rajada de metralhadora, de granadas defensivas e da destrui\u00e7\u00e3o pelo uso da dinamite\u201d perante os \u00edndios. H\u00e1 ainda depoimentos que relatam corpos sendo enterrados \u00e0s margens da estrada e ataques \u00e1reas \u00e0s aldeias.<\/p>\n<p>O grupo do Minist\u00e9rio P\u00fablico escreve na a\u00e7\u00e3o que \u201co Estado brasileiro patrocinou a invas\u00e3o do territ\u00f3rio ind\u00edgena e a redu\u00e7\u00e3o da popula\u00e7\u00e3o Kinja, n\u00e3o medindo esfor\u00e7os para realizar o genoc\u00eddio da etnia.\u201d E que havia \u201cpelo menos desde 1974 uma a\u00e7\u00e3o genocida do Estado brasileiro de ataques violentos, por bombas, tiros e torturas\u201d, afirmam os procuradores.<\/p>\n<p>A a\u00e7\u00e3o civil p\u00fablica tramita na 3\u00aa Vara Federal do Amazonas e \u00e9 assinada pelo procurador da Rep\u00fablica Julio Araujo, coordenador do grupo Povos Ind\u00edgenas e Regime Militar, e outros cinco procuradores.<\/p>\n<p>Exterm\u00ednio de ind\u00edgenas<br \/>\nO MPF aponta a exist\u00eancia de duas vis\u00f5es do Estado brasileiro sobre os povos ind\u00edgenas: a da \u201cpacifica\u00e7\u00e3o\u201d, em que o contato produz um conv\u00edvio harmonioso, e a do o exterm\u00ednio.<\/p>\n<p>\u201cOs ind\u00edgenas eram vistos como um empecilho ao desenvolvimento nacional, cabendo \u00e0s chamadas frentes de atra\u00e7\u00e3o promover o deslocamento for\u00e7ado de seus territ\u00f3rios, afastando-os dos empreendimentos que seriam realizados\u201d, afirma o \u00f3rg\u00e3o em trecho da a\u00e7\u00e3o.<\/p>\n<p>No caso da BR-174, o MPF defende que a \u201cpacifica\u00e7\u00e3o\u201d foi insuficiente porque a obra precisava ser finalizada e havia forte resist\u00eancia ind\u00edgena. O acirramento das tens\u00f5es teria resultado na segunda pol\u00edtica: a de exterm\u00ednio.<\/p>\n","protected":false},"excerpt":{"rendered":"<p>Da Ag\u00eancia Brasil &#8211; Os crimes teriam ocorrido durante constru\u00e7\u00e3o da BR-174, que liga Manaus (AM) a Boa Vista (RR), na d\u00e9cada de 1970<\/p>\n","protected":false},"author":1,"featured_media":0,"comment_status":"closed","ping_status":"open","sticky":false,"template":"","format":"standard","meta":{"_exactmetrics_skip_tracking":false,"_exactmetrics_sitenote_active":false,"_exactmetrics_sitenote_note":"","_exactmetrics_sitenote_category":0,"jetpack_post_was_ever_published":false,"_jetpack_newsletter_access":"","_jetpack_dont_email_post_to_subs":false,"_jetpack_newsletter_tier_id":0,"_jetpack_memberships_contains_paywalled_content":false,"_jetpack_memberships_contains_paid_content":false,"footnotes":"","jetpack_publicize_message":"","jetpack_publicize_feature_enabled":true,"jetpack_social_post_already_shared":true,"jetpack_social_options":{"image_generator_settings":{"template":"highway","enabled":false},"version":2}},"categories":[1],"tags":[325,324,38],"class_list":["post-13267","post","type-post","status-publish","format-standard","hentry","category-notas","tag-ditadura","tag-indenizacao","tag-indios"],"jetpack_publicize_connections":[],"jetpack_sharing_enabled":true,"jetpack_featured_media_url":"","jetpack_shortlink":"https:\/\/wp.me\/p7wKYW-3rZ","jetpack-related-posts":[],"_links":{"self":[{"href":"http:\/\/blogdalucianaoliveira.com.br\/blog\/wp-json\/wp\/v2\/posts\/13267","targetHints":{"allow":["GET"]}}],"collection":[{"href":"http:\/\/blogdalucianaoliveira.com.br\/blog\/wp-json\/wp\/v2\/posts"}],"about":[{"href":"http:\/\/blogdalucianaoliveira.com.br\/blog\/wp-json\/wp\/v2\/types\/post"}],"author":[{"embeddable":true,"href":"http:\/\/blogdalucianaoliveira.com.br\/blog\/wp-json\/wp\/v2\/users\/1"}],"replies":[{"embeddable":true,"href":"http:\/\/blogdalucianaoliveira.com.br\/blog\/wp-json\/wp\/v2\/comments?post=13267"}],"version-history":[{"count":1,"href":"http:\/\/blogdalucianaoliveira.com.br\/blog\/wp-json\/wp\/v2\/posts\/13267\/revisions"}],"predecessor-version":[{"id":13269,"href":"http:\/\/blogdalucianaoliveira.com.br\/blog\/wp-json\/wp\/v2\/posts\/13267\/revisions\/13269"}],"wp:attachment":[{"href":"http:\/\/blogdalucianaoliveira.com.br\/blog\/wp-json\/wp\/v2\/media?parent=13267"}],"wp:term":[{"taxonomy":"category","embeddable":true,"href":"http:\/\/blogdalucianaoliveira.com.br\/blog\/wp-json\/wp\/v2\/categories?post=13267"},{"taxonomy":"post_tag","embeddable":true,"href":"http:\/\/blogdalucianaoliveira.com.br\/blog\/wp-json\/wp\/v2\/tags?post=13267"}],"curies":[{"name":"wp","href":"https:\/\/api.w.org\/{rel}","templated":true}]}}