{"id":13270,"date":"2017-08-28T11:07:50","date_gmt":"2017-08-28T15:07:50","guid":{"rendered":"http:\/\/blogdalucianaoliveira.com.br\/blog\/?p=13270"},"modified":"2017-08-28T11:07:50","modified_gmt":"2017-08-28T15:07:50","slug":"privatize-se-tambem-a-puta-que-os-pariu-a-todos","status":"publish","type":"post","link":"http:\/\/blogdalucianaoliveira.com.br\/blog\/2017\/08\/28\/privatize-se-tambem-a-puta-que-os-pariu-a-todos\/","title":{"rendered":"Privatize-se tamb\u00e9m a puta que os pariu a todos"},"content":{"rendered":"<p><img data-recalc-dims=\"1\" loading=\"lazy\" decoding=\"async\" data-attachment-id=\"13271\" data-permalink=\"http:\/\/blogdalucianaoliveira.com.br\/blog\/2017\/08\/28\/privatize-se-tambem-a-puta-que-os-pariu-a-todos\/img_4074\/\" data-orig-file=\"https:\/\/i0.wp.com\/blogdalucianaoliveira.com.br\/blog\/wp-content\/uploads\/2017\/08\/IMG_4074.jpg?fit=320%2C239\" data-orig-size=\"320,239\" data-comments-opened=\"0\" data-image-meta=\"{&quot;aperture&quot;:&quot;0&quot;,&quot;credit&quot;:&quot;&quot;,&quot;camera&quot;:&quot;&quot;,&quot;caption&quot;:&quot;&quot;,&quot;created_timestamp&quot;:&quot;0&quot;,&quot;copyright&quot;:&quot;&quot;,&quot;focal_length&quot;:&quot;0&quot;,&quot;iso&quot;:&quot;0&quot;,&quot;shutter_speed&quot;:&quot;0&quot;,&quot;title&quot;:&quot;&quot;,&quot;orientation&quot;:&quot;0&quot;}\" data-image-title=\"IMG_4074\" data-image-description=\"\" data-image-caption=\"\" data-medium-file=\"https:\/\/i0.wp.com\/blogdalucianaoliveira.com.br\/blog\/wp-content\/uploads\/2017\/08\/IMG_4074.jpg?fit=300%2C224\" data-large-file=\"https:\/\/i0.wp.com\/blogdalucianaoliveira.com.br\/blog\/wp-content\/uploads\/2017\/08\/IMG_4074.jpg?fit=320%2C239\" src=\"https:\/\/i0.wp.com\/blogdalucianaoliveira.com.br\/blog\/wp-content\/uploads\/2017\/08\/IMG_4074.jpg?resize=320%2C239\" alt=\"IMG_4074\" width=\"320\" height=\"239\" class=\"alignnone size-full wp-image-13271\" srcset=\"https:\/\/i0.wp.com\/blogdalucianaoliveira.com.br\/blog\/wp-content\/uploads\/2017\/08\/IMG_4074.jpg?w=320 320w, https:\/\/i0.wp.com\/blogdalucianaoliveira.com.br\/blog\/wp-content\/uploads\/2017\/08\/IMG_4074.jpg?resize=300%2C224 300w\" sizes=\"auto, (max-width: 320px) 100vw, 320px\" \/><\/p>\n<p>`<br \/>\n&#8220;A mim parece-me bem.<br \/>\nPrivatize-se Machu Picchu, privatize-se Chan Chan,<br \/>\nprivatize-se a Capela Sistina,<br \/>\nprivatize-se o P\u00e1rtenon,<br \/>\nprivatize-se o Nuno Gon\u00e7alves,<br \/>\nprivatize-se a Catedral de Chartres,<br \/>\nprivatize-se o Descimento da Cruz,<br \/>\nde Antonio da Crestalcore,<br \/>\nprivatize-se o P\u00f3rtico da Gl\u00f3ria<br \/>\nde Santiago de Compostela,<br \/>\nprivatize-se a Cordilheira dos Andes,<br \/>\nprivatize-se tudo, privatize-se o mar e o c\u00e9u,<br \/>\nprivatize-se a \u00e1gua e o ar, privatize-se a justi\u00e7a e a lei,<br \/>\nprivatize-se a nuvem que passa,<br \/>\nprivatize-se o sonho, sobretudo se for diurno<br \/>\ne de olhos abertos.<!--more--><\/p>\n<p>E, finalmente, para flor\u00e3o e remate de tanto privatizar,<br \/>\nprivatizem-se os Estados, entregue-se por uma vez<br \/>\na explora\u00e7\u00e3o deles a empresas privadas,<br \/>\nmediante concurso internacional.<br \/>\nA\u00ed se encontra a salva\u00e7\u00e3o do mundo\u2026<br \/>\nE, j\u00e1 agora, privatize-se tamb\u00e9m<br \/>\na puta que os pariu a todos.&#8221;<\/p>\n<p>\u2013 *Jos\u00e9 Saramago*, em \u201cCadernos de Lanzarote \u2013 Di\u00e1rio III\u201d. Lisboa: Editorial Caminho, 1996.<br \/>\n_<\/p>\n","protected":false},"excerpt":{"rendered":"<p>` &#8220;A mim parece-me bem. Privatize-se Machu Picchu, privatize-se Chan Chan, privatize-se a Capela Sistina, privatize-se o P\u00e1rtenon, privatize-se o Nuno Gon\u00e7alves, privatize-se a Catedral de Chartres, privatize-se o Descimento da Cruz, de Antonio da Crestalcore, privatize-se o P\u00f3rtico da Gl\u00f3ria de Santiago de Compostela, privatize-se a Cordilheira dos Andes, privatize-se tudo, privatize-se o mar&#8230;<a class=\"more-link\" href=\"http:\/\/blogdalucianaoliveira.com.br\/blog\/2017\/08\/28\/privatize-se-tambem-a-puta-que-os-pariu-a-todos\/\">Continue a leitura <span class=\"meta-nav\">&raquo;<\/span><\/a><\/p>\n","protected":false},"author":1,"featured_media":0,"comment_status":"closed","ping_status":"open","sticky":false,"template":"","format":"standard","meta":{"_exactmetrics_skip_tracking":false,"_exactmetrics_sitenote_active":false,"_exactmetrics_sitenote_note":"","_exactmetrics_sitenote_category":0,"jetpack_post_was_ever_published":false,"_jetpack_newsletter_access":"","_jetpack_dont_email_post_to_subs":false,"_jetpack_newsletter_tier_id":0,"_jetpack_memberships_contains_paywalled_content":false,"_jetpack_memberships_contains_paid_content":false,"footnotes":"","jetpack_publicize_message":"","jetpack_publicize_feature_enabled":true,"jetpack_social_post_already_shared":true,"jetpack_social_options":{"image_generator_settings":{"template":"highway","enabled":false},"version":2}},"categories":[1],"tags":[],"class_list":["post-13270","post","type-post","status-publish","format-standard","hentry","category-notas"],"jetpack_publicize_connections":[],"jetpack_sharing_enabled":true,"jetpack_featured_media_url":"","jetpack_shortlink":"https:\/\/wp.me\/p7wKYW-3s2","jetpack-related-posts":[],"_links":{"self":[{"href":"http:\/\/blogdalucianaoliveira.com.br\/blog\/wp-json\/wp\/v2\/posts\/13270","targetHints":{"allow":["GET"]}}],"collection":[{"href":"http:\/\/blogdalucianaoliveira.com.br\/blog\/wp-json\/wp\/v2\/posts"}],"about":[{"href":"http:\/\/blogdalucianaoliveira.com.br\/blog\/wp-json\/wp\/v2\/types\/post"}],"author":[{"embeddable":true,"href":"http:\/\/blogdalucianaoliveira.com.br\/blog\/wp-json\/wp\/v2\/users\/1"}],"replies":[{"embeddable":true,"href":"http:\/\/blogdalucianaoliveira.com.br\/blog\/wp-json\/wp\/v2\/comments?post=13270"}],"version-history":[{"count":1,"href":"http:\/\/blogdalucianaoliveira.com.br\/blog\/wp-json\/wp\/v2\/posts\/13270\/revisions"}],"predecessor-version":[{"id":13272,"href":"http:\/\/blogdalucianaoliveira.com.br\/blog\/wp-json\/wp\/v2\/posts\/13270\/revisions\/13272"}],"wp:attachment":[{"href":"http:\/\/blogdalucianaoliveira.com.br\/blog\/wp-json\/wp\/v2\/media?parent=13270"}],"wp:term":[{"taxonomy":"category","embeddable":true,"href":"http:\/\/blogdalucianaoliveira.com.br\/blog\/wp-json\/wp\/v2\/categories?post=13270"},{"taxonomy":"post_tag","embeddable":true,"href":"http:\/\/blogdalucianaoliveira.com.br\/blog\/wp-json\/wp\/v2\/tags?post=13270"}],"curies":[{"name":"wp","href":"https:\/\/api.w.org\/{rel}","templated":true}]}}