{"id":13273,"date":"2017-08-28T11:46:09","date_gmt":"2017-08-28T15:46:09","guid":{"rendered":"http:\/\/blogdalucianaoliveira.com.br\/blog\/?p=13273"},"modified":"2017-08-28T11:46:09","modified_gmt":"2017-08-28T15:46:09","slug":"delacao-que-atinge-sergio-moro-e-procuradores-da-lava-jato-e-uma-licao-de-moral","status":"publish","type":"post","link":"http:\/\/blogdalucianaoliveira.com.br\/blog\/2017\/08\/28\/delacao-que-atinge-sergio-moro-e-procuradores-da-lava-jato-e-uma-licao-de-moral\/","title":{"rendered":"Dela\u00e7\u00e3o que atinge Sergio Moro e procuradores da Lava Jato \u00e9 uma li\u00e7\u00e3o de moral"},"content":{"rendered":"<p><img data-recalc-dims=\"1\" loading=\"lazy\" decoding=\"async\" data-attachment-id=\"13275\" data-permalink=\"http:\/\/blogdalucianaoliveira.com.br\/blog\/2017\/08\/28\/delacao-que-atinge-sergio-moro-e-procuradores-da-lava-jato-e-uma-licao-de-moral\/tacla\/\" data-orig-file=\"https:\/\/i0.wp.com\/blogdalucianaoliveira.com.br\/blog\/wp-content\/uploads\/2017\/08\/tacla.jpg?fit=600%2C297\" data-orig-size=\"600,297\" data-comments-opened=\"0\" data-image-meta=\"{&quot;aperture&quot;:&quot;0&quot;,&quot;credit&quot;:&quot;&quot;,&quot;camera&quot;:&quot;&quot;,&quot;caption&quot;:&quot;&quot;,&quot;created_timestamp&quot;:&quot;0&quot;,&quot;copyright&quot;:&quot;&quot;,&quot;focal_length&quot;:&quot;0&quot;,&quot;iso&quot;:&quot;0&quot;,&quot;shutter_speed&quot;:&quot;0&quot;,&quot;title&quot;:&quot;&quot;,&quot;orientation&quot;:&quot;0&quot;}\" data-image-title=\"tacla\" data-image-description=\"\" data-image-caption=\"\" data-medium-file=\"https:\/\/i0.wp.com\/blogdalucianaoliveira.com.br\/blog\/wp-content\/uploads\/2017\/08\/tacla.jpg?fit=300%2C149\" data-large-file=\"https:\/\/i0.wp.com\/blogdalucianaoliveira.com.br\/blog\/wp-content\/uploads\/2017\/08\/tacla.jpg?fit=600%2C297\" src=\"https:\/\/i0.wp.com\/blogdalucianaoliveira.com.br\/blog\/wp-content\/uploads\/2017\/08\/tacla.jpg?resize=600%2C297\" alt=\"tacla\" width=\"600\" height=\"297\" class=\"alignnone size-full wp-image-13275\" srcset=\"https:\/\/i0.wp.com\/blogdalucianaoliveira.com.br\/blog\/wp-content\/uploads\/2017\/08\/tacla.jpg?w=600 600w, https:\/\/i0.wp.com\/blogdalucianaoliveira.com.br\/blog\/wp-content\/uploads\/2017\/08\/tacla.jpg?resize=300%2C149 300w\" sizes=\"auto, (max-width: 600px) 100vw, 600px\" \/><\/p>\n<p>No Cafezinho, por Miguel do Ros\u00e1rio &#8211; Com essa dela\u00e7\u00e3o contra si, Sergio Moro sentiu apenas o cheiro, e de longe, do pr\u00f3prio veneno e j\u00e1 ficou hist\u00e9rico.<\/p>\n<p>Imagina se ele fosse obrigado a beber o copo inteiro de arb\u00edtrios e execra\u00e7\u00e3o p\u00fablica que ele mesmo, associado \u00e0 m\u00eddia, obrigou todos os r\u00e9us, junto com seus amigos, parentes, advogados, conhecidos, jornalistas, a beberem at\u00e9 a boca?<!--more--><\/p>\n<p>Mais do que uma acusa\u00e7\u00e3o contra Sergio Moro e procuradores da Lava Jato, a den\u00fancia do advogado da Odebrecht atinge em cheio a teoria furada de que se pode combater a corrup\u00e7\u00e3o com arb\u00edtrios e viol\u00eancia judicial.<\/p>\n<p>O arb\u00edtrio gera mais corrup\u00e7\u00e3o, porque a corrup\u00e7\u00e3o procura o poder.<\/p>\n<p>Se o Judici\u00e1rio criminaliza a pol\u00edtica, prende a pol\u00edtica em pris\u00e3o cautelar, tortura a pol\u00edtica com amea\u00e7as de condena\u00e7\u00f5es eternas em regime fechado, obriga-a a delatar o que interessa ao procurador e ao juiz, ent\u00e3o o que acontece?<\/p>\n<p>A corrup\u00e7\u00e3o, farejando o poder, migra para o judici\u00e1rio e para o minist\u00e9rio p\u00fablico!<\/p>\n<p>A quantidade de procuradores corruptos est\u00e1 crescendo proporcionalmente \u00e0 transfer\u00eancia de poder para a institui\u00e7\u00e3o.<\/p>\n<p>Veja o caso de Dallagnol, ganhando dinheiro com palestras pagas por especuladores internacionais, que lucram com a destrui\u00e7\u00e3o da ind\u00fastria nacional, do emprego e da economia brasileira de forma geral, provocada pela Lava Jato. Ele finge esconder disso de si mesmo, mas isso tamb\u00e9m \u00e9 corrup\u00e7\u00e3o, e das mais s\u00f3rdidas!<\/p>\n<p><img data-recalc-dims=\"1\" loading=\"lazy\" decoding=\"async\" data-attachment-id=\"13274\" data-permalink=\"http:\/\/blogdalucianaoliveira.com.br\/blog\/2017\/08\/28\/delacao-que-atinge-sergio-moro-e-procuradores-da-lava-jato-e-uma-licao-de-moral\/dallagnol_mercado_financeiro\/\" data-orig-file=\"https:\/\/i0.wp.com\/blogdalucianaoliveira.com.br\/blog\/wp-content\/uploads\/2017\/08\/dallagnol_mercado_financeiro.jpg?fit=1200%2C434\" data-orig-size=\"1200,434\" data-comments-opened=\"0\" data-image-meta=\"{&quot;aperture&quot;:&quot;0&quot;,&quot;credit&quot;:&quot;&quot;,&quot;camera&quot;:&quot;&quot;,&quot;caption&quot;:&quot;&quot;,&quot;created_timestamp&quot;:&quot;0&quot;,&quot;copyright&quot;:&quot;&quot;,&quot;focal_length&quot;:&quot;0&quot;,&quot;iso&quot;:&quot;0&quot;,&quot;shutter_speed&quot;:&quot;0&quot;,&quot;title&quot;:&quot;&quot;,&quot;orientation&quot;:&quot;0&quot;}\" data-image-title=\"dallagnol_mercado_financeiro\" data-image-description=\"\" data-image-caption=\"\" data-medium-file=\"https:\/\/i0.wp.com\/blogdalucianaoliveira.com.br\/blog\/wp-content\/uploads\/2017\/08\/dallagnol_mercado_financeiro.jpg?fit=300%2C109\" data-large-file=\"https:\/\/i0.wp.com\/blogdalucianaoliveira.com.br\/blog\/wp-content\/uploads\/2017\/08\/dallagnol_mercado_financeiro.jpg?fit=600%2C217\" src=\"https:\/\/i0.wp.com\/blogdalucianaoliveira.com.br\/blog\/wp-content\/uploads\/2017\/08\/dallagnol_mercado_financeiro.jpg?resize=600%2C217\" alt=\"dallagnol_mercado_financeiro\" width=\"600\" height=\"217\" class=\"alignnone size-full wp-image-13274\" srcset=\"https:\/\/i0.wp.com\/blogdalucianaoliveira.com.br\/blog\/wp-content\/uploads\/2017\/08\/dallagnol_mercado_financeiro.jpg?w=1200 1200w, https:\/\/i0.wp.com\/blogdalucianaoliveira.com.br\/blog\/wp-content\/uploads\/2017\/08\/dallagnol_mercado_financeiro.jpg?resize=300%2C109 300w, https:\/\/i0.wp.com\/blogdalucianaoliveira.com.br\/blog\/wp-content\/uploads\/2017\/08\/dallagnol_mercado_financeiro.jpg?resize=768%2C278 768w, https:\/\/i0.wp.com\/blogdalucianaoliveira.com.br\/blog\/wp-content\/uploads\/2017\/08\/dallagnol_mercado_financeiro.jpg?resize=1024%2C370 1024w, https:\/\/i0.wp.com\/blogdalucianaoliveira.com.br\/blog\/wp-content\/uploads\/2017\/08\/dallagnol_mercado_financeiro.jpg?resize=800%2C289 800w\" sizes=\"auto, (max-width: 600px) 100vw, 600px\" \/><\/p>\n<p>O dinheiro da corrup\u00e7\u00e3o nem sempre vem com um carimbo \u201cCorrup\u00e7\u00e3o\u201d. A propina \u00e9 como o diabo: assume diversas formas. Ela pode ser paga na forma de pr\u00eamios da Globo, da Time, cach\u00ea de palestras no Brasil e nos EUA, e todo tipo de adula\u00e7\u00e3o vinda de diferentes inst\u00e2ncias do poder.<\/p>\n<p>Corrup\u00e7\u00e3o, por isso mesmo, n\u00e3o se combate com arb\u00edtrio, viol\u00eancia judicial, supress\u00e3o de garantias.<\/p>\n<p>Corrup\u00e7\u00e3o n\u00e3o se combate com estado de exce\u00e7\u00e3o!<\/p>\n<p>Corrup\u00e7\u00e3o se combate com transpar\u00eancia, democracia, bom senso e garantias individuais.<\/p>\n<p>Diante da viol\u00eancia hist\u00f3rica do Estado, garantias individuais nunca s\u00e3o excessivas!<\/p>\n<p>Para o cidad\u00e3o perseguido pelo Estado, as garantias individuais, que garantem sua liberdade e dignidade, s\u00e3o sempre menores do que o necess\u00e1rio!<\/p>\n<p>Padre Antonio Vieira, no famoso Serm\u00e3o aos Peixes, proferido no Convento das Merc\u00eas, em S\u00e3o Luis do Maranh\u00e3o, no dia 13 de junho de 1654, j\u00e1 denunciava a odiosa persegui\u00e7\u00e3o judicial que condena a pessoa antes mesmo da senten\u00e7a!<br \/>\n\u200b<\/p>\n<p>&#8220;Vede um homem desses que andam perseguidos de pleitos ou acusados de crimes, e olhai quantos o est\u00e3o comendo. Come-o o meirinho, come-o o carcereiro, come-o o escriv\u00e3o, come-o o solicitador, come-o o advogado, come-o o inquiridor, come-o a testemunha, come-o o julgador, e ainda n\u00e3o est\u00e1 sentenciado, j\u00e1 est\u00e1 comido. S\u00e3o piores os homens que os corvos. O triste que foi \u00e0 forca, n\u00e3o o comem os corvos sen\u00e3o depois de executado e morto; e o que anda em ju\u00edzo, ainda n\u00e3o est\u00e1 executado nem sentenciado, e j\u00e1 est\u00e1 comido.&#8221;<\/p>\n<p>E olha que, no tempo do Padre Vieira, ainda n\u00e3o t\u00ednhamos a m\u00eddia de hoje, a qual, dentre tantos usos positivos, tamb\u00e9m se tornou um terr\u00edvel instrumento de opress\u00e3o, tortura e condena\u00e7\u00e3o!<\/p>\n<p>Corrup\u00e7\u00e3o, sobretudo, se combate dentro da lei.<\/p>\n<p>Giorgio Agamben, em seu cl\u00e1ssico Stato di Eccezione, recorda que Dante Alighieri, no s\u00e9culo XIII, j\u00e1 avisava num de seus livros, De Monarchia:<\/p>\n<p>&#8220;quicunque finem iuris intendit cum iure graditur&#8221;<\/p>\n<p>Quem se prop\u00f5e a fazer valer o Direito, deve proceder segundo o Direito.<\/p>\n<p>Ah, esqueci. A filosofia de Sergio Moro n\u00e3o apenas \u00e9 anterior a Cesare Beccaria, cuja obra-prima Dei delitti e delle pene, denunciando os ju\u00edzes da Idade M\u00e9dia, foi escrita ao final do s\u00e9culo XVIII.<\/p>\n<p>\u00c9 anterior a Dante!<\/p>\n","protected":false},"excerpt":{"rendered":"<p>No Cafezinho, por Miguel do Ros\u00e1rio &#8211; Com essa dela\u00e7\u00e3o contra si, Sergio Moro sentiu apenas o cheiro, e de longe, do pr\u00f3prio veneno e j\u00e1 ficou hist\u00e9rico. Imagina se ele fosse obrigado a beber o copo inteiro de arb\u00edtrios e execra\u00e7\u00e3o p\u00fablica que ele mesmo, associado \u00e0 m\u00eddia, obrigou todos os r\u00e9us, junto com&#8230;<a class=\"more-link\" href=\"http:\/\/blogdalucianaoliveira.com.br\/blog\/2017\/08\/28\/delacao-que-atinge-sergio-moro-e-procuradores-da-lava-jato-e-uma-licao-de-moral\/\">Continue a leitura <span class=\"meta-nav\">&raquo;<\/span><\/a><\/p>\n","protected":false},"author":1,"featured_media":0,"comment_status":"closed","ping_status":"open","sticky":false,"template":"","format":"standard","meta":{"_exactmetrics_skip_tracking":false,"_exactmetrics_sitenote_active":false,"_exactmetrics_sitenote_note":"","_exactmetrics_sitenote_category":0,"jetpack_post_was_ever_published":false,"_jetpack_newsletter_access":"","_jetpack_dont_email_post_to_subs":false,"_jetpack_newsletter_tier_id":0,"_jetpack_memberships_contains_paywalled_content":false,"_jetpack_memberships_contains_paid_content":false,"footnotes":"","jetpack_publicize_message":"","jetpack_publicize_feature_enabled":true,"jetpack_social_post_already_shared":true,"jetpack_social_options":{"image_generator_settings":{"template":"highway","enabled":false},"version":2}},"categories":[1],"tags":[],"class_list":["post-13273","post","type-post","status-publish","format-standard","hentry","category-notas"],"jetpack_publicize_connections":[],"jetpack_sharing_enabled":true,"jetpack_featured_media_url":"","jetpack_shortlink":"https:\/\/wp.me\/p7wKYW-3s5","jetpack-related-posts":[],"_links":{"self":[{"href":"http:\/\/blogdalucianaoliveira.com.br\/blog\/wp-json\/wp\/v2\/posts\/13273","targetHints":{"allow":["GET"]}}],"collection":[{"href":"http:\/\/blogdalucianaoliveira.com.br\/blog\/wp-json\/wp\/v2\/posts"}],"about":[{"href":"http:\/\/blogdalucianaoliveira.com.br\/blog\/wp-json\/wp\/v2\/types\/post"}],"author":[{"embeddable":true,"href":"http:\/\/blogdalucianaoliveira.com.br\/blog\/wp-json\/wp\/v2\/users\/1"}],"replies":[{"embeddable":true,"href":"http:\/\/blogdalucianaoliveira.com.br\/blog\/wp-json\/wp\/v2\/comments?post=13273"}],"version-history":[{"count":1,"href":"http:\/\/blogdalucianaoliveira.com.br\/blog\/wp-json\/wp\/v2\/posts\/13273\/revisions"}],"predecessor-version":[{"id":13276,"href":"http:\/\/blogdalucianaoliveira.com.br\/blog\/wp-json\/wp\/v2\/posts\/13273\/revisions\/13276"}],"wp:attachment":[{"href":"http:\/\/blogdalucianaoliveira.com.br\/blog\/wp-json\/wp\/v2\/media?parent=13273"}],"wp:term":[{"taxonomy":"category","embeddable":true,"href":"http:\/\/blogdalucianaoliveira.com.br\/blog\/wp-json\/wp\/v2\/categories?post=13273"},{"taxonomy":"post_tag","embeddable":true,"href":"http:\/\/blogdalucianaoliveira.com.br\/blog\/wp-json\/wp\/v2\/tags?post=13273"}],"curies":[{"name":"wp","href":"https:\/\/api.w.org\/{rel}","templated":true}]}}